{"id":93461,"date":"2025-11-18T13:02:12","date_gmt":"2025-11-18T13:02:12","guid":{"rendered":"https:\/\/www.europesays.com\/fi\/93461\/"},"modified":"2025-11-18T13:02:12","modified_gmt":"2025-11-18T13:02:12","slug":"cloudflare-palvelun-hairio-vaikuttaa-osaan-internetin-toiminnasta-uutisia-lyhyesti","status":"publish","type":"post","link":"https:\/\/www.europesays.com\/fi\/93461\/","title":{"rendered":"Cloudflare-palvelun h\u00e4iri\u00f6 vaikuttaa osaan internetin toiminnasta | Uutisia lyhyesti"},"content":{"rendered":"<p class=\"aw-1gybjub aw-5vja16 kEtdKx kmuxyA yle__article__paragraph\">Cloudflare kertoo sivuillaan olevansa tietoinen ongelmasta ja selvitt\u00e4v\u00e4ns\u00e4 sit\u00e4. Osa palveluista on sen mukaan saatu j\u00e4lleen toimimaan.<\/p>\n<p>14:32\u2022P\u00e4ivitetty 14:57<\/p>\n<p class=\"aw-1gybjub aw-1p7kakr kEtdKx cEmitX yle__article__paragraph\">Cloudflare-palvelussa on h\u00e4iri\u00f6, jonka takia osa internetist\u00e4 ei toimi kunnolla. Ongelmia on muun muassa viestipalvelu X:ss\u00e4, elokuvien arvosteluun tarkoitetussa Letterboxd-palvelussa sek\u00e4 seurantapalvelu Downdetectorin sivuilla.<\/p>\n<p class=\"aw-1gybjub aw-1p7kakr kEtdKx cEmitX yle__article__paragraph\">Cloudflare kertoo sivuillaan olevansa tietoinen ongelmasta ja selvitt\u00e4v\u00e4ns\u00e4 sit\u00e4. Yhti\u00f6n mukaan osa palveluista on saatu j\u00e4lleen toimimaan.<\/p>\n<p class=\"aw-1gybjub aw-1p7kakr kEtdKx cEmitX yle__article__paragraph\">H\u00e4iri\u00f6ll\u00e4 Cloudflaren toiminnassa on laajoja vaikutuksia, sill\u00e4 palvelu on t\u00e4rke\u00e4 osa internetin infrastruktuuria. Se mahdollistaa muun muassa verkkosivujen toiminnan, kun sivustolla on runsaasti liikennett\u00e4.<\/p>\n<p class=\"aw-1gybjub aw-1p7kakr kEtdKx cEmitX yle__article__paragraph\">Samankaltaisiin h\u00e4iri\u00f6ihin t\u00f6rm\u00e4ttiin maailmanlaajuisesti viimeksi lokakuussa, kun Amazonin pilvipalvelinalustalla Amazon Web Servicesill\u00e4 (AWS) oli ongelmia. AWS tarjoaa Cloudflaren tavoin palveluita, joiden varaan nykyajan internet rakentuu.<\/p>\n<p class=\"aw-1gybjub aw-1p7kakr kEtdKx cEmitX yle__article__paragraph\">Uutinen p\u00e4ivittyy<\/p>\n","protected":false},"excerpt":{"rendered":"Cloudflare kertoo sivuillaan olevansa tietoinen ongelmasta ja selvitt\u00e4v\u00e4ns\u00e4 sit\u00e4. Osa palveluista on sen mukaan saatu j\u00e4lleen toimimaan. 14:32\u2022P\u00e4ivitetty&hellip;\n","protected":false},"author":2,"featured_media":74,"comment_status":"","ping_status":"","sticky":false,"template":"","format":"standard","meta":{"footnotes":""},"categories":[87],"tags":[33,31,30,148,675,32,91,92,1072,56,1024],"class_list":{"0":"post-93461","1":"post","2":"type-post","3":"status-publish","4":"format-standard","5":"has-post-thumbnail","7":"category-internet","8":"tag-fi","9":"tag-finland","10":"tag-finnish","11":"tag-internet","12":"tag-internet-ja-muut-tietoverkot","13":"tag-suomi","14":"tag-technology","15":"tag-teknologia","16":"tag-tietotekniikka","17":"tag-ulkomaat","18":"tag-verkkosivustot"},"share_on_mastodon":{"url":"https:\/\/pubeurope.com\/@fi\/115570838269376747","error":""},"_links":{"self":[{"href":"https:\/\/www.europesays.com\/fi\/wp-json\/wp\/v2\/posts\/93461","targetHints":{"allow":["GET"]}}],"collection":[{"href":"https:\/\/www.europesays.com\/fi\/wp-json\/wp\/v2\/posts"}],"about":[{"href":"https:\/\/www.europesays.com\/fi\/wp-json\/wp\/v2\/types\/post"}],"author":[{"embeddable":true,"href":"https:\/\/www.europesays.com\/fi\/wp-json\/wp\/v2\/users\/2"}],"replies":[{"embeddable":true,"href":"https:\/\/www.europesays.com\/fi\/wp-json\/wp\/v2\/comments?post=93461"}],"version-history":[{"count":0,"href":"https:\/\/www.europesays.com\/fi\/wp-json\/wp\/v2\/posts\/93461\/revisions"}],"wp:featuredmedia":[{"embeddable":true,"href":"https:\/\/www.europesays.com\/fi\/wp-json\/wp\/v2\/media\/74"}],"wp:attachment":[{"href":"https:\/\/www.europesays.com\/fi\/wp-json\/wp\/v2\/media?parent=93461"}],"wp:term":[{"taxonomy":"category","embeddable":true,"href":"https:\/\/www.europesays.com\/fi\/wp-json\/wp\/v2\/categories?post=93461"},{"taxonomy":"post_tag","embeddable":true,"href":"https:\/\/www.europesays.com\/fi\/wp-json\/wp\/v2\/tags?post=93461"}],"curies":[{"name":"wp","href":"https:\/\/api.w.org\/{rel}","templated":true}]}}