{"id":93505,"date":"2025-11-18T13:58:09","date_gmt":"2025-11-18T13:58:09","guid":{"rendered":"https:\/\/www.europesays.com\/fi\/93505\/"},"modified":"2025-11-18T13:58:09","modified_gmt":"2025-11-18T13:58:09","slug":"saako-brad-pittin-kesan-hittielokuva-jatkoa-ohjaaja-vihjaa-nyt-siihen-suuntaan-olisi-mahtavaa-jatkaa-tarinaa","status":"publish","type":"post","link":"https:\/\/www.europesays.com\/fi\/93505\/","title":{"rendered":"Saako Brad Pittin kes\u00e4n hittielokuva jatkoa? Ohjaaja vihjaa nyt siihen suuntaan: \u201cOlisi mahtavaa jatkaa tarinaa\u201d"},"content":{"rendered":"<p>Kuva: \u00a9 2025 Warner Bros. Entertainment Inc.<\/p>\n<p>Ohjaaja Joseph Kosinski haluaisi tehd\u00e4 jatkoa Brad Pittin t\u00e4hditt\u00e4m\u00e4lle F1-elokuvalle.<\/p>\n<p>Brad Pittin t\u00e4hditt\u00e4m\u00e4 <a href=\"https:\/\/muropaketti.com\/avainsana\/f1-elokuva\/\" rel=\"nofollow noopener\" target=\"_blank\">F1-elokuva<\/a> sai ensi-iltansa kes\u00e4ll\u00e4 2025. <a href=\"https:\/\/deadline.com\/2025\/11\/f1-sequel-director-joseph-kosinski-1236620803\/\" target=\"_blank\" rel=\"noreferrer noopener nofollow\">Deadlinen<\/a> haastattelussa elokuvan ohjannut Joseph Kosinski kertoo, ett\u00e4 olisi avoin my\u00f6s jatko-osalle.<\/p>\n<p>\u201dHenkil\u00f6kohtaisesti haluaisin n\u00e4hd\u00e4, millaisia \u200b\u200bmuita seikkailuja Sonny Hayesilla voisi olla tulevaisuudessa. Haluaisin n\u00e4hd\u00e4, mit\u00e4 APXGP-tiimille ja Joshua Pearcelle on tapahtunut ja miten h\u00e4nen uransa on edennyt. Haluaisin kovasti kertoa uuden luvun tuossa tarinassa. Se on jotain, mist\u00e4 olemme juuri alkaneet unelmoida, ja on hauskaa olla siin\u00e4 vaiheessa, miss\u00e4 kuvittelemme, mit\u00e4 jatko voisi olla\u201d, Kosinski kertoo.<\/p>\n<p>1990-luvulle sijoittuvassa F1:ssa Pitt esitt\u00e4\u00e4 entist\u00e4 formulakuskia, Sonny Hayesia, joka p\u00e4\u00e4tyy palaamaan alalle Javier Bardemin esitt\u00e4m\u00e4n yst\u00e4v\u00e4ns\u00e4 pyynn\u00f6st\u00e4. Tiimikumppanikseen h\u00e4n saa nuoren Joshuan, jota esitt\u00e4\u00e4 Damson Idris.<\/p>\n<p>Muissa rooleissa n\u00e4hd\u00e4\u00e4n muun muassa Kerry Condon, Tobias Menzies, Sarah Niles, Kim Bodnia ja Samson Kayo.<\/p>\n","protected":false},"excerpt":{"rendered":"Kuva: \u00a9 2025 Warner Bros. Entertainment Inc. Ohjaaja Joseph Kosinski haluaisi tehd\u00e4 jatkoa Brad Pittin t\u00e4hditt\u00e4m\u00e4lle F1-elokuvalle. Brad&hellip;\n","protected":false},"author":2,"featured_media":61550,"comment_status":"","ping_status":"","sticky":false,"template":"","format":"standard","meta":{"footnotes":""},"categories":[136],"tags":[1294,407,137,5717,12250,33,31,30,10629,408,32,109],"class_list":{"0":"post-93505","1":"post","2":"type-post","3":"status-publish","4":"format-standard","5":"has-post-thumbnail","7":"category-julkkikset","8":"tag-brad-pitt","9":"tag-celebrities","10":"tag-entertainment","11":"tag-f1","12":"tag-f1-elokuva","13":"tag-fi","14":"tag-finland","15":"tag-finnish","16":"tag-joseph-kosinski","17":"tag-julkkikset","18":"tag-suomi","19":"tag-viihde"},"share_on_mastodon":{"url":"https:\/\/pubeurope.com\/@fi\/115571058486869578","error":""},"_links":{"self":[{"href":"https:\/\/www.europesays.com\/fi\/wp-json\/wp\/v2\/posts\/93505","targetHints":{"allow":["GET"]}}],"collection":[{"href":"https:\/\/www.europesays.com\/fi\/wp-json\/wp\/v2\/posts"}],"about":[{"href":"https:\/\/www.europesays.com\/fi\/wp-json\/wp\/v2\/types\/post"}],"author":[{"embeddable":true,"href":"https:\/\/www.europesays.com\/fi\/wp-json\/wp\/v2\/users\/2"}],"replies":[{"embeddable":true,"href":"https:\/\/www.europesays.com\/fi\/wp-json\/wp\/v2\/comments?post=93505"}],"version-history":[{"count":0,"href":"https:\/\/www.europesays.com\/fi\/wp-json\/wp\/v2\/posts\/93505\/revisions"}],"wp:featuredmedia":[{"embeddable":true,"href":"https:\/\/www.europesays.com\/fi\/wp-json\/wp\/v2\/media\/61550"}],"wp:attachment":[{"href":"https:\/\/www.europesays.com\/fi\/wp-json\/wp\/v2\/media?parent=93505"}],"wp:term":[{"taxonomy":"category","embeddable":true,"href":"https:\/\/www.europesays.com\/fi\/wp-json\/wp\/v2\/categories?post=93505"},{"taxonomy":"post_tag","embeddable":true,"href":"https:\/\/www.europesays.com\/fi\/wp-json\/wp\/v2\/tags?post=93505"}],"curies":[{"name":"wp","href":"https:\/\/api.w.org\/{rel}","templated":true}]}}