{"id":93518,"date":"2025-11-18T14:11:12","date_gmt":"2025-11-18T14:11:12","guid":{"rendered":"https:\/\/www.europesays.com\/fi\/93518\/"},"modified":"2025-11-18T14:11:12","modified_gmt":"2025-11-18T14:11:12","slug":"joroisten-rajahdyksessa-menehtyneet-tunnistettu-savo","status":"publish","type":"post","link":"https:\/\/www.europesays.com\/fi\/93518\/","title":{"rendered":"Joroisten r\u00e4j\u00e4hdyksess\u00e4 menehtyneet tunnistettu | Savo"},"content":{"rendered":"<p>Joroisten kaasupullor\u00e4j\u00e4hdyksess\u00e4 marraskuun alussa kuoli etel\u00e4savolainen nainen ja virolainen mies.&#13;<\/p>\n<p>Molemmat menehtyiv\u00e4t motellin pihalla tapahtuneessa r\u00e4j\u00e4hdyksess\u00e4. Menehtynyt nainen oli keski-ik\u00e4inen ja kotoisin Etel\u00e4-Savosta. H\u00e4nen henkil\u00f6llisyytens\u00e4 on tunnistettu varmuudella.&#13;<\/p>\n<p>Toisen menehtyneen ep\u00e4ill\u00e4\u00e4n olevan virolainen mies, joka oli Suomessa asennus- tai huoltot\u00f6iss\u00e4. H\u00e4nen henkil\u00f6llisyytens\u00e4 on poliisin tiedossa. Asia varmistetaan viel\u00e4 dna-tutkimuksella, mutta tutkimus on osin viel\u00e4 kesken.<\/p>\n<p>Poliisin tietojen mukaan miehen k\u00e4ytt\u00e4m\u00e4 suomalainen leasing-pakettiauto oli pys\u00e4k\u00f6ityn\u00e4 r\u00e4j\u00e4hdyspaikalle. Molemmat onnettomuudessa menehtyneet olivat ulkona pihalla, kun vuotanut asetyleenipullo r\u00e4j\u00e4hti.<\/p>\n<p>Poliisin mukaan poliisi ei tied\u00e4 viel\u00e4, miksi asetyleenipullo oli vuotanut kaasua pakettiauton sis\u00e4lle. Vuotanut kaasu on herk\u00e4sti syttyv\u00e4\u00e4. Se syttyi r\u00e4j\u00e4hdysm\u00e4isesti jostain syyst\u00e4 pyh\u00e4p\u00e4iv\u00e4n aamuna 1. marraskuuta. R\u00e4j\u00e4hdys sytytti tulipalon. Se oli raju, sill\u00e4 samalla onnettomuudessa vuoti vaurioituneesta happipullosta happea paloon.<\/p>\n<p>Happi- ja asetyleenipullot ovat tavanomaisia hitsausk\u00e4yt\u00f6ss\u00e4. Jos asetyleeni\u00e4 vuotaa suljettuun tilaan, sen syttymiseen voi riitt\u00e4\u00e4 pieni kipin\u00e4 tai staattinen hankauss\u00e4hk\u00f6kin.<\/p>\n<p>Poliisin mukaan kaasupullon vuodon syyt\u00e4 ja kipin\u00e4n syyt\u00e4 ei toistaiseksi tiedet\u00e4. Sit\u00e4 tutkitaan viel\u00e4, mutta varmuutta ei ole, saadaanko sit\u00e4 selville.<\/p>\n<p>\t\t\t\t\t<img class=\"diks-card__image\" src=\"https:\/\/www.europesays.com\/fi\/wp-content\/uploads\/2025\/11\/11129292.jpg\"   loading=\"lazy\" decoding=\"sync\" alt=\"\"\/><\/p>\n<p>\t\t\t\t\t<img class=\"diks-card__image\" src=\"https:\/\/www.europesays.com\/fi\/wp-content\/uploads\/2025\/11\/11129291.jpg\"   loading=\"lazy\" decoding=\"sync\" alt=\"\"\/><\/p>\n","protected":false},"excerpt":{"rendered":"Joroisten kaasupullor\u00e4j\u00e4hdyksess\u00e4 marraskuun alussa kuoli etel\u00e4savolainen nainen ja virolainen mies.&#13; Molemmat menehtyiv\u00e4t motellin pihalla tapahtuneessa r\u00e4j\u00e4hdyksess\u00e4. Menehtynyt nainen&hellip;\n","protected":false},"author":2,"featured_media":93519,"comment_status":"","ping_status":"","sticky":false,"template":"","format":"standard","meta":{"footnotes":""},"categories":[12],"tags":[22,23,3986,26,27,33,31,30,17,24,25,28,29,15,837,129,18,21,123,52,1472,32,19,20,1265,16],"class_list":{"0":"post-93518","1":"post","2":"type-post","3":"status-publish","4":"format-standard","5":"has-post-thumbnail","7":"category-suomi","8":"tag-breaking-news","9":"tag-breakingnews","10":"tag-dna-tutkimus","11":"tag-featured-news","12":"tag-featurednews","13":"tag-fi","14":"tag-finland","15":"tag-finnish","16":"tag-headlines","17":"tag-latest-news","18":"tag-latestnews","19":"tag-main-news","20":"tag-mainnews","21":"tag-news","22":"tag-onnettomuudet","23":"tag-onnettomuudet-ja-tuhot","24":"tag-otsikot","25":"tag-paauutiset","26":"tag-palo-ja-pelastustoimi","27":"tag-poliisi","28":"tag-rajahdykset","29":"tag-suomi","30":"tag-top-stories","31":"tag-topstories","32":"tag-tulipalot","33":"tag-uutiset"},"share_on_mastodon":{"url":"https:\/\/pubeurope.com\/@fi\/115571109896647563","error":""},"_links":{"self":[{"href":"https:\/\/www.europesays.com\/fi\/wp-json\/wp\/v2\/posts\/93518","targetHints":{"allow":["GET"]}}],"collection":[{"href":"https:\/\/www.europesays.com\/fi\/wp-json\/wp\/v2\/posts"}],"about":[{"href":"https:\/\/www.europesays.com\/fi\/wp-json\/wp\/v2\/types\/post"}],"author":[{"embeddable":true,"href":"https:\/\/www.europesays.com\/fi\/wp-json\/wp\/v2\/users\/2"}],"replies":[{"embeddable":true,"href":"https:\/\/www.europesays.com\/fi\/wp-json\/wp\/v2\/comments?post=93518"}],"version-history":[{"count":0,"href":"https:\/\/www.europesays.com\/fi\/wp-json\/wp\/v2\/posts\/93518\/revisions"}],"wp:featuredmedia":[{"embeddable":true,"href":"https:\/\/www.europesays.com\/fi\/wp-json\/wp\/v2\/media\/93519"}],"wp:attachment":[{"href":"https:\/\/www.europesays.com\/fi\/wp-json\/wp\/v2\/media?parent=93518"}],"wp:term":[{"taxonomy":"category","embeddable":true,"href":"https:\/\/www.europesays.com\/fi\/wp-json\/wp\/v2\/categories?post=93518"},{"taxonomy":"post_tag","embeddable":true,"href":"https:\/\/www.europesays.com\/fi\/wp-json\/wp\/v2\/tags?post=93518"}],"curies":[{"name":"wp","href":"https:\/\/api.w.org\/{rel}","templated":true}]}}