{"id":93520,"date":"2025-11-18T14:12:11","date_gmt":"2025-11-18T14:12:11","guid":{"rendered":"https:\/\/www.europesays.com\/fi\/93520\/"},"modified":"2025-11-18T14:12:11","modified_gmt":"2025-11-18T14:12:11","slug":"pekka-pouta-mtvlla-valkea-joulu-tulossa","status":"publish","type":"post","link":"https:\/\/www.europesays.com\/fi\/93520\/","title":{"rendered":"Pekka Pouta MTV:ll\u00e4: Valkea joulu tulossa"},"content":{"rendered":"<p>MTV:n meteorologi Pekka Pouta sanoo, ett\u00e4 valkea joulu on \u201deritt\u00e4in todenn\u00e4k\u00f6inen\u201d Salpaussel\u00e4n pohjoispuolella ja \u201dhyvin todenn\u00e4k\u00f6inen\u201d my\u00f6s muualla maassa rannikkoa ja saaristoa lukuun ottamatta.<\/p>\n<p><img decoding=\"async\" class=\"image image-show image-preview\" src=\"https:\/\/www.europesays.com\/fi\/wp-content\/uploads\/2025\/11\/943ee5aa116da4f01d2509a15840ea46c37b621419b044bc912404c24189a40f.jpg\" alt=\"\"\/><img decoding=\"async\" class=\"image image-show\" src=\"https:\/\/www.europesays.com\/fi\/wp-content\/uploads\/2025\/11\/1763475129_308_943ee5aa116da4f01d2509a15840ea46c37b621419b044bc912404c24189a40f.jpg\" alt=\"\"\/><\/p>\n<p>MTV:n meteorologi Pekka Pouta ja Sini-koira. Kaisa Vehkalahti<\/p>\n<p class=\"paragraph\">Meteorologi <a href=\"https:\/\/www.iltalehti.fi\/henkilot\/Pekka Pouta\" class=\"article-link-person-page\" rel=\"nofollow noopener\" target=\"_blank\">Pekka Pouta<\/a> sanoo <a href=\"https:\/\/www.mtvuutiset.fi\/artikkeli\/pekka-pouta-valkea-joulu-todennakoinen\/9257482\" target=\"_blank\" rel=\"noopener nofollow\">MTV:ll\u00e4<\/a> pit\u00e4v\u00e4ns\u00e4 valkeaa joulua todenn\u00e4k\u00f6isen\u00e4 l\u00e4hes koko maassa.<\/p>\n<p class=\"paragraph\">\u2013 Sanoisin, ett\u00e4 se on eritt\u00e4in todenn\u00e4k\u00f6ist\u00e4 Salpaussel\u00e4n pohjoispuolella. Hyvin todenn\u00e4k\u00f6ist\u00e4 my\u00f6s muualla, paitsi ihan rannikolla ja saaristoa lukuun ottamatta.<\/p>\n<p class=\"paragraph\">Poudan mukaan etel\u00e4n lumitilanne riippuu korkeapaineen liikkeist\u00e4. Jos korkeapaine pysyttelee Norjan l\u00e4nsipuolella, se voi toimia esteen\u00e4 lauhoille l\u00e4nsituulille.<\/p>\n<p>Nyt luvassa talvista s\u00e4\u00e4t\u00e4<\/p>\n<p class=\"paragraph\">Marraskuun edetess\u00e4 s\u00e4\u00e4 on muuttunut koko maassa talvisemmaksi.<\/p>\n<p class=\"paragraph\">Kuluvalla viikolla s\u00e4\u00e4 on tavanomaista kylmemp\u00e4\u00e4. <a href=\"https:\/\/www.iltalehti.fi\/saauutiset\/c6f4a8b2-5c31-4d6c-997f-8fedd8ab0ba8\" rel=\"nofollow noopener\" target=\"_blank\">Pakkasia<\/a> on ollut koko maassa.<\/p>\n<p class=\"paragraph\">Maanantaina Sodankyl\u00e4n Vuotsossa mitattiin 29,5 asteen pakkaslukemat.<\/p>\n<p class=\"paragraph\">T\u00e4ll\u00e4 viikolla sateet tulevat p\u00e4\u00e4asiassa <a href=\"https:\/\/www.iltalehti.fi\/saauutiset\/df291bd9-0a64-4416-b22c-60e03ea35ef0\" rel=\"nofollow noopener\" target=\"_blank\">lumena<\/a> etel\u00e4ss\u00e4 asti, mutta mukana voi olla my\u00f6s vesi- tai r\u00e4nt\u00e4kuuroja.<\/p>\n<p><a href=\"https:\/\/www.iltalehti.fi\/parassaa?storeCampaign=ArticleBottomBanner\" rel=\"nofollow noopener\" target=\"_blank\"><img decoding=\"async\" src=\"https:\/\/www.europesays.com\/fi\/wp-content\/uploads\/2025\/08\/d0fd7860228df4fdd5fd0367e49d769aa09b08189080ddc5ccdd8c31ad63aca9.png\" alt=\"IL Paras S\u00e4\u00e4 - S\u00e4\u00e4tiedot ja s\u00e4\u00e4ennusteet\"\/><\/a><\/p>\n","protected":false},"excerpt":{"rendered":"MTV:n meteorologi Pekka Pouta sanoo, ett\u00e4 valkea joulu on \u201deritt\u00e4in todenn\u00e4k\u00f6inen\u201d Salpaussel\u00e4n pohjoispuolella ja \u201dhyvin todenn\u00e4k\u00f6inen\u201d my\u00f6s muualla&hellip;\n","protected":false},"author":2,"featured_media":93521,"comment_status":"","ping_status":"","sticky":false,"template":"","format":"standard","meta":{"footnotes":""},"categories":[5],"tags":[35,22,23,26,27,33,31,30,17,713,24,25,28,29,715,15,18,21,710,714,32,4107,19,20,16],"class_list":{"0":"post-93520","1":"post","2":"type-post","3":"status-publish","4":"format-standard","5":"has-post-thumbnail","7":"category-otsikot","8":"tag-24h","9":"tag-breaking-news","10":"tag-breakingnews","11":"tag-featured-news","12":"tag-featurednews","13":"tag-fi","14":"tag-finland","15":"tag-finnish","16":"tag-headlines","17":"tag-lampotila-saa","18":"tag-latest-news","19":"tag-latestnews","20":"tag-main-news","21":"tag-mainnews","22":"tag-meteorologia","23":"tag-news","24":"tag-otsikot","25":"tag-paauutiset","26":"tag-saa","27":"tag-saaennustus","28":"tag-suomi","29":"tag-tiedotukset-saa","30":"tag-top-stories","31":"tag-topstories","32":"tag-uutiset"},"share_on_mastodon":{"url":"https:\/\/pubeurope.com\/@fi\/115571113618457412","error":""},"_links":{"self":[{"href":"https:\/\/www.europesays.com\/fi\/wp-json\/wp\/v2\/posts\/93520","targetHints":{"allow":["GET"]}}],"collection":[{"href":"https:\/\/www.europesays.com\/fi\/wp-json\/wp\/v2\/posts"}],"about":[{"href":"https:\/\/www.europesays.com\/fi\/wp-json\/wp\/v2\/types\/post"}],"author":[{"embeddable":true,"href":"https:\/\/www.europesays.com\/fi\/wp-json\/wp\/v2\/users\/2"}],"replies":[{"embeddable":true,"href":"https:\/\/www.europesays.com\/fi\/wp-json\/wp\/v2\/comments?post=93520"}],"version-history":[{"count":0,"href":"https:\/\/www.europesays.com\/fi\/wp-json\/wp\/v2\/posts\/93520\/revisions"}],"wp:featuredmedia":[{"embeddable":true,"href":"https:\/\/www.europesays.com\/fi\/wp-json\/wp\/v2\/media\/93521"}],"wp:attachment":[{"href":"https:\/\/www.europesays.com\/fi\/wp-json\/wp\/v2\/media?parent=93520"}],"wp:term":[{"taxonomy":"category","embeddable":true,"href":"https:\/\/www.europesays.com\/fi\/wp-json\/wp\/v2\/categories?post=93520"},{"taxonomy":"post_tag","embeddable":true,"href":"https:\/\/www.europesays.com\/fi\/wp-json\/wp\/v2\/tags?post=93520"}],"curies":[{"name":"wp","href":"https:\/\/api.w.org\/{rel}","templated":true}]}}