{"id":93524,"date":"2025-11-18T14:24:10","date_gmt":"2025-11-18T14:24:10","guid":{"rendered":"https:\/\/www.europesays.com\/fi\/93524\/"},"modified":"2025-11-18T14:24:10","modified_gmt":"2025-11-18T14:24:10","slug":"maustetyttojen-keikat-peruttiin-sanoman-festareilta-kun-uusi-yhteistyo-warnerin-kanssa-alkoi","status":"publish","type":"post","link":"https:\/\/www.europesays.com\/fi\/93524\/","title":{"rendered":"Maustetytt\u00f6jen keikat peruttiin Sanoman festareilta, kun uusi yhteisty\u00f6 Warnerin kanssa alkoi"},"content":{"rendered":"<p>Festivaalit|Nelonen Median ja Warnerin edustajien mukaan Warner Musicin artistien osuus Sanoman festivaalien esiintyjiss\u00e4 ei ole kasvanut tehtyjen muutosten j\u00e4lkeen.<\/p>\n<p>Lue tiivistelm\u00e4<\/p>\n<p>Tiivistelm\u00e4 on teko\u00e4lyn tekem\u00e4 ja ihmisen tarkistama.<\/p>\n<p class=\"article-body mb-nof-24 px-nof-16 sndp-summary-bullet-point-font\">Maustetytt\u00f6jen keikat peruttiin Nelonen Median j\u00e4rjest\u00e4milt\u00e4 Suomipop-festivaaleilta sen j\u00e4lkeen, kun yhti\u00f6 ilmoitti uudesta yhteisty\u00f6st\u00e4 Warner Music Liven kanssa.<\/p>\n<p class=\"article-body mb-nof-24 px-nof-16 sndp-summary-bullet-point-font\">Maustetytt\u00f6j\u00e4 edustavan L\u00f6rdag-levy-yhti\u00f6n taiteellinen johtaja Aki Roukala kertoo, ett\u00e4 Warnerin edustaja perusteli kes\u00e4n keikkojen perumista s\u00e4\u00e4st\u00f6syill\u00e4.<\/p>\n<p class=\"article-body mb-nof-24 px-nof-16 sndp-summary-bullet-point-font\">Nelonen Median liiketoimintajohtaja Kari Laakson mukaan viikon sis\u00e4ll\u00e4 festareilla on peruttu kuusi keikkaa ja uusia on buukattu seitsem\u00e4ntoista, eik\u00e4 Warner Music Liven artistien osuus ole kasvanut.<\/p>\n<p class=\"article-body mb-nof-24 px-nof-16\">Suositun Maustetyt\u00f6t-yhtyeen keikat ensi kes\u00e4n Suomipop-festivaaleilla Oulussa ja Jyv\u00e4skyl\u00e4ss\u00e4 peruttiin sen j\u00e4lkeen, kun festivaaleja j\u00e4rjest\u00e4v\u00e4 Nelonen Media oli ilmoittanut <a class=\"article-genericlink\" href=\"https:\/\/www.hs.fi\/kulttuuri\/art-2000011620214.html\" rel=\"nofollow noopener\" target=\"_blank\">uudesta yhteisty\u00f6st\u00e4 Warner Music Liven kanssa<\/a>.<\/p>\n<p class=\"article-body mb-nof-24 px-nof-16\">Asiasta kertoo HS:lle Maustetytt\u00f6j\u00e4 edustavan L\u00f6rdag-levy-yhti\u00f6n taiteellinen johtaja <a class=\"article-personlink\" href=\"https:\/\/www.hs.fi\/haku\/?query=Aki%20Roukala,\" rel=\"nofollow noopener\" target=\"_blank\">Aki Roukala,<\/a> joka oli kertonut aiheesta my\u00f6s Instagram-tilill\u00e4\u00e4n. L\u00f6rdag on <a class=\"article-genericlink\" href=\"https:\/\/www.hs.fi\/kulttuuri\/art-2000010951413.html\" rel=\"nofollow noopener\" target=\"_blank\">vuonna 2025 aloittanut levy-yhti\u00f6<\/a>, jonka emoyhti\u00f6 on ruotsalaistaustainen Playground Music.<\/p>\n<p class=\"article-body mb-nof-24 px-nof-16\">Instagram-julkaisussaan Roukala ihmetteli sit\u00e4, ett\u00e4 Maustetytt\u00f6jen keikka oli peruttu Nelonen Median festareilta, vaikka Warner Music Finlandin toimitusjohtaja <a class=\"article-personlink\" href=\"https:\/\/www.hs.fi\/haku\/?query=Ramona%20Forsstr%C3%B6m\" rel=\"nofollow noopener\" target=\"_blank\">Ramona Forsstr\u00f6m<\/a> ja Nelonen Median liiketoimintajohtaja <a class=\"article-personlink\" href=\"https:\/\/www.hs.fi\/haku\/?query=Kari%20Laakso\" rel=\"nofollow noopener\" target=\"_blank\">Kari Laakso<\/a> vakuuttivat HS:ssa sunnuntaina julkaistussa jutussa, ett\u00e4 yhti\u00f6t \u201dsitoutuvat toimimaan kaikkien toimijoiden kanssa\u201d.<\/p>\n<p class=\"article-body mb-nof-24 px-nof-16\">HS:n jutussa kerrottiin alalla vallinneesta huolesta sen j\u00e4lkeen, kun Warner ja Nelonen Media ilmoittivat, ett\u00e4 Warner Music Live hoitaa jatkossa Nelonen Media Liven festivaalien ohjelmasuunnittelun, artistien hankinnan ja sopimusneuvottelut.<\/p>\n<p class=\"article-body mb-nof-24 px-nof-16\">Konkreettisin huoli on ollut se, ett\u00e4 jatkossa Sanoman festareiden ohjelmisto t\u00e4yttyisi Warnerin ja Sanoman oman levy-yhti\u00f6n Kaikun artisteilla. Forsstr\u00f6m ja Laakso sanoivat HS:lle, ettei n\u00e4in tule k\u00e4ym\u00e4\u00e4n.<\/p>\n<p class=\"article-body mb-nof-24 px-nof-16\">Aki Roukala kertoo sanoo saaneensa s\u00e4hk\u00f6postin Warnerin edustajalta sen j\u00e4lkeen, kun Nelonen Median ja Warnerin yhteisty\u00f6 oli ilmoitettu. S\u00e4hk\u00f6postissa kerrottiin, ett\u00e4 ensi kes\u00e4lle sovitut Maustetytt\u00f6jen keikat Suomipop-festivaaleilla perutaan.<\/p>\n<p class=\"article-body mb-nof-24 px-nof-16\">\u201dMeille kerrottiin, ett\u00e4 ne perutaan s\u00e4\u00e4st\u00f6syist\u00e4\u201d, Roukala sanoo.<\/p>\n<p class=\"article-body mb-nof-24 px-nof-16\">H\u00e4nen mukaansa Maustetyt\u00f6ill\u00e4 ei ollut sovittuna muita keikkoja Sanoman festareille ensi kes\u00e4lle.<\/p>\n<p class=\"article-body mb-nof-24 px-nof-16\">Vaikka suurimman osan ensi kes\u00e4n festareiden ohjelmistoa ei ole viel\u00e4 julkistettu, ovat festivaalit t\u00e4ss\u00e4 vaiheessa vuotta jo sopineet merkitt\u00e4v\u00e4st\u00e4 osasta ensi kes\u00e4n ohjelmistoaan.<\/p>\n<p class=\"article-body mb-nof-24 px-nof-16\">Kun HS keskusteli edelliseen juttuunsa useiden suomalaisten musiikkialalla ty\u00f6skentelevien ihmisten kanssa, osa oli huolissaan siit\u00e4 mahdollisuudesta, ett\u00e4 jo sovittuja esiintymisi\u00e4 peruttaisiin uuden yhteisty\u00f6n my\u00f6t\u00e4.<\/p>\n<p class=\"article-body mb-nof-24 px-nof-16\">HS ei tavoittanut Ramona Forsstr\u00f6mi\u00e4 tai Kari Laaksoa haastatteluun. Molemmat kommentoivat aihetta tekstiviestitse. He eiv\u00e4t ota kantaa Maustetytt\u00f6jen tapaukseen vaan kommentoivat aihetta yleisemmin. He eiv\u00e4t my\u00f6sk\u00e4\u00e4n kommentoi, onko artistien esiintymisi\u00e4 peruttu s\u00e4\u00e4st\u00f6syist\u00e4.<\/p>\n<p class=\"article-body mb-nof-24 px-nof-16\">Forsstr\u00f6m kirjoittaa viestiss\u00e4\u00e4n, ett\u00e4 h\u00e4n ei voi kommentoida yksitt\u00e4isi\u00e4 tapauksia, koska ensi kes\u00e4n ohjelmiston rakentaminen on viel\u00e4 kesken.<\/p>\n<p class=\"article-body mb-nof-24 px-nof-16\">\u201dJoitakin muutoksia buukkauksiin on kuitenkin tehty sen j\u00e4lkeen, kun kokonaisuus siirtyi meille\u201d, h\u00e4n kirjoittaa.<\/p>\n<p class=\"article-body mb-nof-24 px-nof-16\">Forsstr\u00f6min mukaan Nelonen Median ja Warnerin yhteisty\u00f6n alkamisen j\u00e4lkeen Sanoman festareille on lis\u00e4tty enemm\u00e4n Warnerin ulkopuolisia artisteja kuin niit\u00e4 on peruttu.<\/p>\n<p class=\"article-body mb-nof-24 px-nof-16\">\u201dWarnerin omasta rosterista ei puolestaan ole tehty juurikaan lis\u00e4yksi\u00e4.\u201d<\/p>\n<p class=\"article-body mb-nof-24 px-nof-16\">Forsstr\u00f6min mukaan Nelonen Media on hyv\u00e4ksynyt kaikki tehdyt muutokset.<\/p>\n<p class=\"article-body mb-nof-24 px-nof-16\">\u201dTavoitteena on rakentaa mahdollisimman vahva ja monipuolinen kokonaisuus\u201d, Forsstr\u00f6m kirjoittaa.<\/p>\n<p class=\"article-body mb-nof-24 px-nof-16\">Kari Laakson mukaan ohjelmistoa valmistellaan t\u00e4ll\u00e4 hetkell\u00e4, mutta ensi kes\u00e4n festareiden kattauksia ei ole viel\u00e4 julkaistu.<\/p>\n<p class=\"article-body mb-nof-24 px-nof-16\">\u201dUudessa toimintamallissa tapahtumiemme kohderyhmi\u00e4 arvioidaan uudelleen. T\u00e4m\u00e4n vuoksi joitain varauksia perutaan ja uusia buukkauksia tehd\u00e4\u00e4n\u201d, Laakso kirjoittaa.<\/p>\n<p class=\"article-body mb-nof-24 px-nof-16\">Laakson mukaan viikon sis\u00e4ll\u00e4 Nelonen Median festareilta on peruttu kuusi keikkaa, ja uusia on buukattu 17 kappaletta.<\/p>\n<p class=\"article-body mb-nof-24 px-nof-16\">\u201dWarner Music Liven artistien osuus ei ole n\u00e4iden muutosten my\u00f6t\u00e4 kasvanut.\u201d<\/p>\n<p class=\"article-body mb-nof-24 px-nof-16\">Forsstr\u00f6min tavoin Laakso korostaa, ett\u00e4 tavoitteena on kasata entist\u00e4 vetovoimaisempi kattaus ensi kes\u00e4n festareille.<\/p>\n<p class=\"article-body mb-nof-24 px-nof-16\">\u201dN\u00e4hd\u00e4kseni t\u00e4m\u00e4 ty\u00f6 etenee oikein hyvin\u201d, Laakso kirjoittaa.<\/p>\n<p class=\"article-body nof-ui-body-medium mb-nof-24 px-nof-16\">Helsingin Sanomat ja Nelonen Media Live kuuluvat samaan konserniin.<\/p>\n","protected":false},"excerpt":{"rendered":"Festivaalit|Nelonen Median ja Warnerin edustajien mukaan Warner Musicin artistien osuus Sanoman festivaalien esiintyjiss\u00e4 ei ole kasvanut tehtyjen muutosten&hellip;\n","protected":false},"author":2,"featured_media":93525,"comment_status":"","ping_status":"","sticky":false,"template":"","format":"standard","meta":{"footnotes":""},"categories":[136],"tags":[407,137,33,31,30,46,408,32,109],"class_list":{"0":"post-93524","1":"post","2":"type-post","3":"status-publish","4":"format-standard","5":"has-post-thumbnail","7":"category-julkkikset","8":"tag-celebrities","9":"tag-entertainment","10":"tag-fi","11":"tag-finland","12":"tag-finnish","13":"tag-helsingin-sanomat","14":"tag-julkkikset","15":"tag-suomi","16":"tag-viihde"},"share_on_mastodon":{"url":"https:\/\/pubeurope.com\/@fi\/115571160647746725","error":""},"_links":{"self":[{"href":"https:\/\/www.europesays.com\/fi\/wp-json\/wp\/v2\/posts\/93524","targetHints":{"allow":["GET"]}}],"collection":[{"href":"https:\/\/www.europesays.com\/fi\/wp-json\/wp\/v2\/posts"}],"about":[{"href":"https:\/\/www.europesays.com\/fi\/wp-json\/wp\/v2\/types\/post"}],"author":[{"embeddable":true,"href":"https:\/\/www.europesays.com\/fi\/wp-json\/wp\/v2\/users\/2"}],"replies":[{"embeddable":true,"href":"https:\/\/www.europesays.com\/fi\/wp-json\/wp\/v2\/comments?post=93524"}],"version-history":[{"count":0,"href":"https:\/\/www.europesays.com\/fi\/wp-json\/wp\/v2\/posts\/93524\/revisions"}],"wp:featuredmedia":[{"embeddable":true,"href":"https:\/\/www.europesays.com\/fi\/wp-json\/wp\/v2\/media\/93525"}],"wp:attachment":[{"href":"https:\/\/www.europesays.com\/fi\/wp-json\/wp\/v2\/media?parent=93524"}],"wp:term":[{"taxonomy":"category","embeddable":true,"href":"https:\/\/www.europesays.com\/fi\/wp-json\/wp\/v2\/categories?post=93524"},{"taxonomy":"post_tag","embeddable":true,"href":"https:\/\/www.europesays.com\/fi\/wp-json\/wp\/v2\/tags?post=93524"}],"curies":[{"name":"wp","href":"https:\/\/api.w.org\/{rel}","templated":true}]}}