{"id":93539,"date":"2025-11-18T14:39:13","date_gmt":"2025-11-18T14:39:13","guid":{"rendered":"https:\/\/www.europesays.com\/fi\/93539\/"},"modified":"2025-11-18T14:39:13","modified_gmt":"2025-11-18T14:39:13","slug":"meripihkasta-loytyi-99-miljoonaa-vuotta-vanha-fossiili","status":"publish","type":"post","link":"https:\/\/www.europesays.com\/fi\/93539\/","title":{"rendered":"Meripihkasta l\u00f6ytyi 99 miljoonaa vuotta vanha fossiili"},"content":{"rendered":"<p>\u201dFossiili on ainutlaatuinen, koska toukka on hyvin samanlainen kuin nykyiset lajit \u2013 toisin kuin kaikki muut t\u00e4m\u00e4n kauden hyttysfossiilit, joilla on hyvin poikkeuksellisia morfologisia piirteit\u00e4, joita nykyisiss\u00e4 lajeissa ei en\u00e4\u00e4 esiinny\u201d, tutkimuksen p\u00e4\u00e4kirjoittaja Andr\u00e9 Amaral sanoo lehdist\u00f6tiedotteessa.<\/p>\n<p>L\u00f6yt\u00f6 tehtiin Kachinin osavaltiossa Myanmarissa, ja se on varhaisin l\u00f6ydetty meripihkassa s\u00e4ilynyt hyttysen toukka.<\/p>\n<p>Fossiilin muodostuminen on edellytt\u00e4nyt poikkeuksellisia olosuhteita, jotta vedess\u00e4 el\u00e4v\u00e4 toukka on p\u00e4\u00e4tynyt puun hartsipisaraan ja kapseloitunut sinne.<\/p>\n<p><strong>Mustekalan l\u00e4pin\u00e4kyvien j\u00e4lkel\u00e4isten tutkimukset ovat johtaneet tutkijat luonnon \u00e4lykkyyden perusreseptin j\u00e4ljille.<\/strong><\/p>\n","protected":false},"excerpt":{"rendered":"\u201dFossiili on ainutlaatuinen, koska toukka on hyvin samanlainen kuin nykyiset lajit \u2013 toisin kuin kaikki muut t\u00e4m\u00e4n kauden&hellip;\n","protected":false},"author":2,"featured_media":93540,"comment_status":"","ping_status":"","sticky":false,"template":"","format":"standard","meta":{"footnotes":""},"categories":[117],"tags":[33,31,30,72,476,118,32,119,477],"class_list":{"0":"post-93539","1":"post","2":"type-post","3":"status-publish","4":"format-standard","5":"has-post-thumbnail","7":"category-luonto","8":"tag-fi","9":"tag-finland","10":"tag-finnish","11":"tag-luonto","12":"tag-nature","13":"tag-science","14":"tag-suomi","15":"tag-tiede","16":"tag-wildlife"},"share_on_mastodon":{"url":"https:\/\/pubeurope.com\/@fi\/115571219736867754","error":""},"_links":{"self":[{"href":"https:\/\/www.europesays.com\/fi\/wp-json\/wp\/v2\/posts\/93539","targetHints":{"allow":["GET"]}}],"collection":[{"href":"https:\/\/www.europesays.com\/fi\/wp-json\/wp\/v2\/posts"}],"about":[{"href":"https:\/\/www.europesays.com\/fi\/wp-json\/wp\/v2\/types\/post"}],"author":[{"embeddable":true,"href":"https:\/\/www.europesays.com\/fi\/wp-json\/wp\/v2\/users\/2"}],"replies":[{"embeddable":true,"href":"https:\/\/www.europesays.com\/fi\/wp-json\/wp\/v2\/comments?post=93539"}],"version-history":[{"count":0,"href":"https:\/\/www.europesays.com\/fi\/wp-json\/wp\/v2\/posts\/93539\/revisions"}],"wp:featuredmedia":[{"embeddable":true,"href":"https:\/\/www.europesays.com\/fi\/wp-json\/wp\/v2\/media\/93540"}],"wp:attachment":[{"href":"https:\/\/www.europesays.com\/fi\/wp-json\/wp\/v2\/media?parent=93539"}],"wp:term":[{"taxonomy":"category","embeddable":true,"href":"https:\/\/www.europesays.com\/fi\/wp-json\/wp\/v2\/categories?post=93539"},{"taxonomy":"post_tag","embeddable":true,"href":"https:\/\/www.europesays.com\/fi\/wp-json\/wp\/v2\/tags?post=93539"}],"curies":[{"name":"wp","href":"https:\/\/api.w.org\/{rel}","templated":true}]}}