{"id":93543,"date":"2025-11-18T14:53:08","date_gmt":"2025-11-18T14:53:08","guid":{"rendered":"https:\/\/www.europesays.com\/fi\/93543\/"},"modified":"2025-11-18T14:53:08","modified_gmt":"2025-11-18T14:53:08","slug":"aki-palsanmaen-riemulla-ei-ole-rajaa-niin-suuren-tilin-han-tekee","status":"publish","type":"post","link":"https:\/\/www.europesays.com\/fi\/93543\/","title":{"rendered":"Aki Palsanm\u00e4en riemulla ei ole rajaa \u2013 Niin suuren tilin h\u00e4n tekee"},"content":{"rendered":"<p><img decoding=\"async\" class=\"image image-show image-preview\" src=\"https:\/\/www.europesays.com\/fi\/wp-content\/uploads\/2025\/11\/7364cae3fd1e56d4ff6c886871eaed30564be129e5caa6b58435782310fd7226.jpg\" alt=\"\"\/><img decoding=\"async\" class=\"image image-show\" src=\"https:\/\/www.europesays.com\/fi\/wp-content\/uploads\/2025\/11\/1763477588_393_7364cae3fd1e56d4ff6c886871eaed30564be129e5caa6b58435782310fd7226.jpg\" alt=\"\"\/><\/p>\n<p>Aki ja Heli Palsanm\u00e4ki tekev\u00e4t hyv\u00e4t kaupat Jouni Hynysen kitarasta. Sanoma<\/p>\n<p class=\"paragraph\">Kotiteollisuus-yhtyeen keulahahmo <a href=\"https:\/\/www.iltalehti.fi\/henkilot\/Jouni Hynynen\" class=\"article-link-person-page\" rel=\"nofollow noopener\" target=\"_blank\">Jouni Hynynen<\/a> myy t\u00e4n\u00e4\u00e4n tv:ss\u00e4 <a href=\"https:\/\/www.iltalehti.fi\/henkilot\/Heli Palsanm\u00e4ki\" class=\"article-link-person-page\" rel=\"nofollow noopener\" target=\"_blank\">Heli<\/a> ja <a href=\"https:\/\/www.iltalehti.fi\/henkilot\/Aki Palsanm\u00e4ki\" class=\"article-link-person-page\" rel=\"nofollow noopener\" target=\"_blank\">Aki Palsanm\u00e4elle<\/a> ensimm\u00e4isen kunnollisen s\u00e4hk\u00f6kitaransa aitoustodistuksella. Sill\u00e4 on soitettu kaikki Kotiteollisuuden levyt ja keikat vuosina 1998\u20132005.<\/p>\n<p class=\"paragraph\">Mustaksi surmaksi nimetyll\u00e4 kitaralla on Jounille suunnaton tunnearvo, ja se on t\u00e4ysin toimiva edelleen. Viime metreill\u00e4 Jouni on ruvennut empim\u00e4\u00e4n, ett\u00e4 n\u00e4ink\u00f6 h\u00e4n sittenk\u00e4\u00e4n malttaa luopua aarteestaan.<\/p>\n<p class=\"paragraph\">\u2013\u2009En perkele t\u00e4t\u00e4 kyll\u00e4 myy, h\u00e4n tunnustaa Suomen huutokauppakeisarissa miettineens\u00e4 viel\u00e4 hieman ennen Palsanm\u00e4kien saapumista.<\/p>\n<p class=\"paragraph\">Kun kauppojen hieromisen aika sitten kauden viimeisess\u00e4 jaksossa koittaa, Jouni herkistyy.<\/p>\n<p class=\"paragraph\">\u2013\u2009Nyt rupeaa taas leuka v\u00e4p\u00e4tt\u00e4m\u00e4\u00e4n, Jouni sulkee silm\u00e4ns\u00e4.<\/p>\n<p class=\"paragraph\">\u2013\u2009En tied\u00e4, onko t\u00e4m\u00e4 nyt hyv\u00e4 juttu nyt ollenkaan. Jos jonkinlaiseen sopimukseen p\u00e4\u00e4st\u00e4\u00e4n, niin ehk\u00e4 se l\u00e4htee, mies lausuu.<\/p>\n<p>Jouni Hynysen kanssa aarteitaan myyv\u00e4t A. W. Yrj\u00e4n\u00e4 ja Mari Perankoski, joka on siviiliss\u00e4 Hynynen. Sanoma<\/p>\n<p class=\"paragraph\">Sopimukseen p\u00e4\u00e4st\u00e4\u00e4n. Jouni ei saa toivomaansa 3\u2009000 euroa, vaan h\u00e4n luopuu soittimestaan 1\u2009600 eurolla. Se on pieni summa, kun sit\u00e4 verrataan hintaan, jolla uusi koti huutokaupassa l\u00f6ytyy.<\/p>\n<p class=\"paragraph\">\u2013\u2009Joko min\u00e4 pahoitan heid\u00e4n mielens\u00e4? Heli kyselee kesken huutokaupan.<\/p>\n<p class=\"paragraph\">H\u00e4nen tiedossaan on kitarasta tehty ennakkotarjous.<\/p>\n<p class=\"paragraph\">\u2013\u2009Ottakaa valmiiksi ilmaa keuhkot t\u00e4yteen, Aki kehottaa salissa olijoita.<\/p>\n<p class=\"paragraph\">\u2013\u20095\u2009250 euroa, Heli paljastaa lopullisen myyntihinnan.<\/p>\n<p class=\"paragraph\">Se kirvoittaa paikan p\u00e4\u00e4ll\u00e4 aplodit. My\u00f6s Akilla on aihetta iloon.<\/p>\n<p class=\"paragraph\">\u2013\u2009Tilip\u00e4iv\u00e4 t\u00e4n\u00e4\u00e4n! h\u00e4n riemuitsee.<\/p>\n<p class=\"paragraph\">\u2013\u2009Voittoa tuli 3\u2009650 euroa, Aki laskeskelee.<\/p>\n<p class=\"paragraph\">\u2013\u2009Kyll\u00e4 nyt rokki raikaa!<\/p>\n<p class=\"paragraph\">Suomen huutokauppakeisari t\u00e4n\u00e4\u00e4n kello 21.00 Nelosella &amp; Ruudussa. <a href=\"https:\/\/www.iltalehti.fi\/telkku\/\" rel=\"nofollow noopener\" target=\"_blank\">Katso kaikki\u00a0TV-ohjelmat ja l\u00e4hetysajat Telkun TV-oppaasta<\/a>.<\/p>\n","protected":false},"excerpt":{"rendered":"Aki ja Heli Palsanm\u00e4ki tekev\u00e4t hyv\u00e4t kaupat Jouni Hynysen kitarasta. Sanoma Kotiteollisuus-yhtyeen keulahahmo Jouni Hynynen myy t\u00e4n\u00e4\u00e4n tv:ss\u00e4&hellip;\n","protected":false},"author":2,"featured_media":93544,"comment_status":"","ping_status":"","sticky":false,"template":"","format":"standard","meta":{"footnotes":""},"categories":[133],"tags":[35,138,137,33,31,30,47,141,32,484,206,139,156,109],"class_list":{"0":"post-93543","1":"post","2":"type-post","3":"status-publish","4":"format-standard","5":"has-post-thumbnail","7":"category-televisiot","8":"tag-24h","9":"tag-audio","10":"tag-entertainment","11":"tag-fi","12":"tag-finland","13":"tag-finnish","14":"tag-musiikki","15":"tag-muusikot-bandit","16":"tag-suomi","17":"tag-taiteellinen-ilmaisu-ja-mediat","18":"tag-televisiot","19":"tag-tv-ohjelmat","20":"tag-tv","21":"tag-viihde"},"share_on_mastodon":{"url":"https:\/\/pubeurope.com\/@fi\/115571274804967082","error":""},"_links":{"self":[{"href":"https:\/\/www.europesays.com\/fi\/wp-json\/wp\/v2\/posts\/93543","targetHints":{"allow":["GET"]}}],"collection":[{"href":"https:\/\/www.europesays.com\/fi\/wp-json\/wp\/v2\/posts"}],"about":[{"href":"https:\/\/www.europesays.com\/fi\/wp-json\/wp\/v2\/types\/post"}],"author":[{"embeddable":true,"href":"https:\/\/www.europesays.com\/fi\/wp-json\/wp\/v2\/users\/2"}],"replies":[{"embeddable":true,"href":"https:\/\/www.europesays.com\/fi\/wp-json\/wp\/v2\/comments?post=93543"}],"version-history":[{"count":0,"href":"https:\/\/www.europesays.com\/fi\/wp-json\/wp\/v2\/posts\/93543\/revisions"}],"wp:featuredmedia":[{"embeddable":true,"href":"https:\/\/www.europesays.com\/fi\/wp-json\/wp\/v2\/media\/93544"}],"wp:attachment":[{"href":"https:\/\/www.europesays.com\/fi\/wp-json\/wp\/v2\/media?parent=93543"}],"wp:term":[{"taxonomy":"category","embeddable":true,"href":"https:\/\/www.europesays.com\/fi\/wp-json\/wp\/v2\/categories?post=93543"},{"taxonomy":"post_tag","embeddable":true,"href":"https:\/\/www.europesays.com\/fi\/wp-json\/wp\/v2\/tags?post=93543"}],"curies":[{"name":"wp","href":"https:\/\/api.w.org\/{rel}","templated":true}]}}