{"id":93551,"date":"2025-11-18T15:02:09","date_gmt":"2025-11-18T15:02:09","guid":{"rendered":"https:\/\/www.europesays.com\/fi\/93551\/"},"modified":"2025-11-18T15:02:09","modified_gmt":"2025-11-18T15:02:09","slug":"trump-antoi-periksi-pakon-edessa-usassa-alkaa-jattiskandaalin-kasittely","status":"publish","type":"post","link":"https:\/\/www.europesays.com\/fi\/93551\/","title":{"rendered":"Trump antoi periksi pakon edess\u00e4 \u2013 USA:ssa alkaa j\u00e4ttiskandaalin k\u00e4sittely"},"content":{"rendered":"<p>Asiantuntijan mukaan Trumpin kehotus \u00e4\u00e4nest\u00e4\u00e4 esityksen puolesta ei kuitenkaan tarkoita, ett\u00e4 h\u00e4n haluaisi julkaista Epsteinia koskevat asiakirjat.<\/p>\n<p><img decoding=\"async\" class=\"image image-show image-preview\" src=\"https:\/\/www.europesays.com\/fi\/wp-content\/uploads\/2025\/11\/4dee01c00d3f6aec985db1907b6b94e79011869657e9d6801e2420c224bfaf8a.jpg\" alt=\"\"\/><img decoding=\"async\" class=\"image image-show\" src=\"https:\/\/www.europesays.com\/fi\/wp-content\/uploads\/2025\/11\/1763478129_723_4dee01c00d3f6aec985db1907b6b94e79011869657e9d6801e2420c224bfaf8a.jpg\" alt=\"\"\/><\/p>\n<p>Trump ilmoitti sunnuntaina tukensa edustajainhuoneen esitykselle, jota h\u00e4n on vastustanut jo kuukausia.  ZumaWire \/ MVPHOTOS<\/p>\n<p class=\"paragraph\">Onko Yhdysvaltain presidentti <strong>Donald Trumpin<\/strong> rautainen ote omasta puolueestaan lipsumassa?<\/p>\n<p class=\"paragraph\">Sunnuntaina Trump murtui paineen alla ja ilmoitti tukensa tiistaina edustajainhuoneessa \u00e4\u00e4nestett\u00e4v\u00e4lle esitykselle, jossa vaaditaan seksuaalirikoksista tuomitun <strong>Jeffrey Epsteinin<\/strong> asiakirjojen julkaisemista. Trump on viimeiset kuukaudet <a href=\"https:\/\/www.nytimes.com\/2025\/11\/12\/us\/politics\/trump-epstein-vote-boebert.html\" target=\"_blank\" rel=\"noopener nofollow\">yritt\u00e4nyt parhaansa mukaan<\/a> est\u00e4\u00e4 esityksen etenemisen edustajainhuoneessa.<\/p>\n<p class=\"paragraph\">Ulkopoliittisen instituutin tutkija <strong>Maria Lind\u00e9nin<\/strong> mukaan Epstein-kysymys on aiheuttanut rajuinta vastarintaa, jota Trump on toisen kautensa aikana kohdannut kongressissa.<\/p>\n<p class=\"paragraph\">\u2013 On se arvovaltatappio, ett\u00e4 oman puolueen edustajat \u00e4\u00e4nest\u00e4v\u00e4t lakipaketin puolesta, jonka ainoa tarkoitus on pakottaa presidentti tekem\u00e4\u00e4n jotain, mit\u00e4 h\u00e4n on kielt\u00e4ytynyt tekem\u00e4st\u00e4, Lind\u00e9n sanoo.<\/p>\n<p class=\"paragraph\">Edustajainhuone alkaa k\u00e4sitell\u00e4 asiaa t\u00e4m\u00e4nhetkisen tiedon mukaan tiistaina kello 17 Suomen aikaa.<\/p>\n<p>V\u00e4livaalit l\u00e4hestyv\u00e4t<\/p>\n<p class=\"paragraph\">Lind\u00e9nin mukaan Trumpin p\u00e4\u00e4t\u00f6ksen taustalla ovat ensi vuonna j\u00e4rjestett\u00e4v\u00e4t v\u00e4livaalit, joissa kaikkien edustajainhuoneen j\u00e4senten paikat ovat vaakalaudalla.<\/p>\n<p class=\"paragraph\">Vaatimus asiakirjojen julkaisemisesta oli joka tapauksessa menossa l\u00e4pi edustajainhuoneesta, joten Valkoisessa talossa laskettiin, ett\u00e4 on parempi antaa kaikkien republikaanien ottaa hy\u00f6ty esityksen tukemisesta.<\/p>\n<p class=\"paragraph\">\u2013 Trumpin intresseiss\u00e4 ei ole haitata puolueen v\u00e4livaalimenestyst\u00e4, koska se vaikuttaa siihen, onko Trumpin loppukauden kongressi yhteisty\u00f6kykyinen vai ty\u00f6kyvyt\u00f6n, Lind\u00e9n arvioi.<\/p>\n<p class=\"paragraph\">Lind\u00e9nin mukaan Trumpin kehotus \u00e4\u00e4nest\u00e4\u00e4 esityksen puolesta ei kuitenkaan tarkoita, ett\u00e4 h\u00e4n haluaisi julkaista Epsteinia koskevat asiakirjat. Trump ja h\u00e4nen oikeusministeri\u00f6ns\u00e4 voisivat halutessaan julkaista asiakirjat ilman kongressin hyv\u00e4ksynt\u00e4\u00e4.<\/p>\n<p class=\"paragraph\">Epstein-asiakirjojen julkaisua vaativan esityksen odotetaan menev\u00e4n l\u00e4pi jopa yksimielisesti edustajainhuoneen \u00e4\u00e4nestyksess\u00e4. T\u00e4m\u00e4n j\u00e4lkeen esitys tarvitsee kuitenkin viel\u00e4 senaatin hyv\u00e4ksynn\u00e4n, joka voi Lind\u00e9nin mukaan olla paljon vaikeampi teht\u00e4v\u00e4.<\/p>\n<p class=\"paragraph\">Kahden vuoden kausiksi valittavien edustajainhuoneen j\u00e4senten kaikki paikat ovat vaakalaudalla ensi vuonna, kun taas vain kolmasosa senaatin paikoista on jaossa v\u00e4livaaleissa. Lind\u00e9n ei jaa <a href=\"https:\/\/www.thenation.com\/article\/politics\/trump-marjorie-taylor-greene-epstein\/\" target=\"_blank\" rel=\"noopener nofollow\">arvioita<\/a> siit\u00e4, ett\u00e4 Epstein-skandaalin aiheuttama railo olisi merkki siit\u00e4, ett\u00e4 Trumpin ote republikaanipuolueesta olisi heikkenem\u00e4ss\u00e4.<\/p>\n<p class=\"paragraph\">\u2013 On mahdollista, ett\u00e4 Trump tulee painostamaan hyvin voimakkaasti niit\u00e4 senaattoreita, joilla ei ole vaaleja edess\u00e4 viel\u00e4 pitk\u00e4\u00e4n aikaan. Se riippuu siit\u00e4, kuinka kiihke\u00e4sti Trump haluaa est\u00e4\u00e4 asiakirjojen julkaisun, Lind\u00e9n sanoo.<\/p>\n<p>Lind\u00e9n ei usko, ett\u00e4 Epstein-asiakirjoissa on Trumpille erityisen kiusallisia tietoja. Epstein ja Trump yhteiskuvassa vuodelta 1997.  <\/p>\n<p>Vaalilupaus<\/p>\n<p class=\"paragraph\">Miksi Trump vastustelee vaalikampanjassaan lupaamiensa asiakirjojen julkaisemista? Trumpilla oli p\u00e4\u00e4sy asiakirjoihin jo ensimm\u00e4isell\u00e4 kaudellaan, eik\u00e4 Lind\u00e9n pid\u00e4 todenn\u00e4k\u00f6isen\u00e4, ett\u00e4 h\u00e4n olisi luvannut niiden julkaisemista, jos niist\u00e4 l\u00f6ytyisi jotain erityisen raskauttavaa h\u00e4nt\u00e4 kohtaan.<\/p>\n<p class=\"paragraph\">Lind\u00e9n pohtii, olisiko Trump voinut tehd\u00e4 sopimuksen jonkun toisen henkil\u00f6n kanssa, josta asiakirjoista l\u00f6ytyy kiusallisia tietoja.<\/p>\n<p class=\"paragraph\">\u2013 Mutta kyll\u00e4 selitykseksi saattaa riitt\u00e4\u00e4 se, ett\u00e4 h\u00e4n on tottunut siihen, ett\u00e4 h\u00e4n voi sanoa, mit\u00e4 ihmiset haluavat kuulla, eik\u00e4 h\u00e4nt\u00e4 panna tilille lupauksistaan.<\/p>\n<p class=\"paragraph\">Epstein-skandaali on Trumpin hallinnolle erityisen vaikea, koska Trumpin kannattajakunnassa on pitk\u00e4\u00e4n lietsottu ajattelua, ett\u00e4 asiakirjoista paljastuu raskauttavia tietoja Washingtonin ryvettyneest\u00e4 demokraattieliitist\u00e4.<\/p>\n<p class=\"paragraph\">T\u00e4m\u00e4n eliitin kaataminen on ollut keskeinen osa Trumpin Maga-liikkeen eetosta.<\/p>\n<p class=\"paragraph\">\u2013 H\u00e4nen kannattajiensa on hirve\u00e4n vaikea niell\u00e4 sit\u00e4, ett\u00e4 Trump ei julkaise asiakirjoja tai ett\u00e4 republikaanit \u00e4\u00e4nest\u00e4isiv\u00e4t ik\u00e4\u00e4n kuin v\u00e4\u00e4rin t\u00e4ss\u00e4 asiassa, Lind\u00e9n sanoo.<\/p>\n<p class=\"paragraph\">\u2013 Ehk\u00e4 h\u00e4nelle on tullut yll\u00e4tyksen\u00e4, ett\u00e4 t\u00e4m\u00e4 olikin sellainen vaalilupaus, jota \u00e4\u00e4nest\u00e4j\u00e4t eiv\u00e4t anna anteeksi, jos h\u00e4n sivuuttaa sen t\u00e4ysin.<\/p>\n","protected":false},"excerpt":{"rendered":"Asiantuntijan mukaan Trumpin kehotus \u00e4\u00e4nest\u00e4\u00e4 esityksen puolesta ei kuitenkaan tarkoita, ett\u00e4 h\u00e4n haluaisi julkaista Epsteinia koskevat asiakirjat. Trump&hellip;\n","protected":false},"author":2,"featured_media":93552,"comment_status":"","ping_status":"","sticky":false,"template":"","format":"standard","meta":{"footnotes":""},"categories":[14],"tags":[35,22,23,26,27,33,31,30,17,24,25,28,29,15,18,21,142,637,144,32,19,20,56,16,59,60,61,143,145],"class_list":{"0":"post-93551","1":"post","2":"type-post","3":"status-publish","4":"format-standard","5":"has-post-thumbnail","7":"category-ulkomaat","8":"tag-24h","9":"tag-breaking-news","10":"tag-breakingnews","11":"tag-featured-news","12":"tag-featurednews","13":"tag-fi","14":"tag-finland","15":"tag-finnish","16":"tag-headlines","17":"tag-latest-news","18":"tag-latestnews","19":"tag-main-news","20":"tag-mainnews","21":"tag-news","22":"tag-otsikot","23":"tag-paauutiset","24":"tag-poliitikot","25":"tag-politiikka","26":"tag-presidentti","27":"tag-suomi","28":"tag-top-stories","29":"tag-topstories","30":"tag-ulkomaat","31":"tag-uutiset","32":"tag-world","33":"tag-world-news","34":"tag-worldnews","35":"tag-yhdysvaltain-politiikka","36":"tag-yhdysvaltalaiset-poliittiset-puolueet"},"share_on_mastodon":{"url":"https:\/\/pubeurope.com\/@fi\/115571310504870183","error":""},"_links":{"self":[{"href":"https:\/\/www.europesays.com\/fi\/wp-json\/wp\/v2\/posts\/93551","targetHints":{"allow":["GET"]}}],"collection":[{"href":"https:\/\/www.europesays.com\/fi\/wp-json\/wp\/v2\/posts"}],"about":[{"href":"https:\/\/www.europesays.com\/fi\/wp-json\/wp\/v2\/types\/post"}],"author":[{"embeddable":true,"href":"https:\/\/www.europesays.com\/fi\/wp-json\/wp\/v2\/users\/2"}],"replies":[{"embeddable":true,"href":"https:\/\/www.europesays.com\/fi\/wp-json\/wp\/v2\/comments?post=93551"}],"version-history":[{"count":0,"href":"https:\/\/www.europesays.com\/fi\/wp-json\/wp\/v2\/posts\/93551\/revisions"}],"wp:featuredmedia":[{"embeddable":true,"href":"https:\/\/www.europesays.com\/fi\/wp-json\/wp\/v2\/media\/93552"}],"wp:attachment":[{"href":"https:\/\/www.europesays.com\/fi\/wp-json\/wp\/v2\/media?parent=93551"}],"wp:term":[{"taxonomy":"category","embeddable":true,"href":"https:\/\/www.europesays.com\/fi\/wp-json\/wp\/v2\/categories?post=93551"},{"taxonomy":"post_tag","embeddable":true,"href":"https:\/\/www.europesays.com\/fi\/wp-json\/wp\/v2\/tags?post=93551"}],"curies":[{"name":"wp","href":"https:\/\/api.w.org\/{rel}","templated":true}]}}