{"id":93599,"date":"2025-11-18T16:15:12","date_gmt":"2025-11-18T16:15:12","guid":{"rendered":"https:\/\/www.europesays.com\/fi\/93599\/"},"modified":"2025-11-18T16:15:12","modified_gmt":"2025-11-18T16:15:12","slug":"palaako-esapekka-lappi-mm-ralleihin-ylen-asiantuntija-kommentoi-kuumaa-spekulaatiota-tilipussikin-paisuisi-urheilua-lyhyesti","status":"publish","type":"post","link":"https:\/\/www.europesays.com\/fi\/93599\/","title":{"rendered":"Palaako Esapekka Lappi MM-ralleihin? Ylen asiantuntija kommentoi kuumaa spekulaatiota: \u201dTilipussikin paisuisi\u201d | Urheilua lyhyesti"},"content":{"rendered":"<p class=\"aw-1gybjub aw-5vja16 kEtdKx kmuxyA yle__article__paragraph\">Ylen ralliasiantuntija Henri Haapam\u00e4ki uskoo, ett\u00e4 Esapekka Lappi on jopa vahvin saatavilla oleva kuljettaja Hyundaille osa-aikaiseksi kuljettajaksi.<\/p>\n<p><img decoding=\"async\" alt=\"Esapekka Lappi rallin SM-sarjassa.\" src=\"https:\/\/www.europesays.com\/fi\/wp-content\/uploads\/2025\/08\/39-150816968a09347ecac8.jpeg\" class=\"aw-1l9m598 hKVVvP\"\/><\/p>\n<p>Avaa kuvien katselu<\/p>\n<p>Esapekka Lappi voitti Skodalla SM-sarjan kaudella 2025. Kuva: Taneli Niinim\u00e4ki \/ AKK<\/p>\n<p class=\"aw-1gybjub aw-1p7kakr kEtdKx cEmitX yle__article__paragraph\">Rallin MM-sarjan kuljettajapaletti meni sekaisin, kun virolaismestari <strong class=\"aw-ak79eh KyCXm yle__article__strong\">Ott T\u00e4nak<\/strong> <a class=\"aw-iao6s4 iHOxEa yle__article__link\" href=\"https:\/\/yle.fi\/a\/74-20192802\" role=\"link\" rel=\"nofollow noopener\" target=\"_blank\">ilmoitti Japanin rallin j\u00e4lkeen<\/a> lopettavansa ainakin toistaiseksi uransa.<\/p>\n<p class=\"aw-1gybjub aw-1p7kakr kEtdKx cEmitX yle__article__paragraph\">Toyota-tallin ensi kauden <a class=\"aw-iao6s4 iHOxEa yle__article__link\" href=\"https:\/\/yle.fi\/a\/74-20193211\" role=\"link\" rel=\"nofollow noopener\" target=\"_blank\">kuljettajaryhm\u00e4 on selvill\u00e4<\/a>: <strong class=\"aw-ak79eh KyCXm yle__article__strong\">Sami Pajari<\/strong>, <strong class=\"aw-ak79eh KyCXm yle__article__strong\">Elfyn Evans<\/strong>, <strong class=\"aw-ak79eh KyCXm yle__article__strong\">Takamoto Katsuta<\/strong>, <strong class=\"aw-ak79eh KyCXm yle__article__strong\">Oliver Solberg<\/strong> ja <strong class=\"aw-ak79eh KyCXm yle__article__strong\">Sebastien Ogier<\/strong>.<\/p>\n<p class=\"aw-1gybjub aw-1p7kakr kEtdKx cEmitX yle__article__paragraph\">Sen sijaan Hyundain tilanne aiheuttaa vilkasta spekulaatiota T\u00e4nakin ilmoituksen my\u00f6t\u00e4. Tiistaina <a class=\"aw-iao6s4 iHOxEa yle__article__link\" href=\"https:\/\/www.rallit.fi\/esapekka-lapilta-uutispommi-palaa-rallin-mm-sarjaan-ott-tanakin-tilalle-kyllahan-sielta-puhelu-tuli\/\" role=\"link\" rel=\"nofollow noopener\" target=\"_blank\">Rallit.fi<\/a> ja <a class=\"aw-iao6s4 iHOxEa yle__article__link\" href=\"https:\/\/www.mtvuutiset.fi\/artikkeli\/esapekka-lapilta-uutispommi-palaa-rallin-mm-sarjaan-ott-tanakin-tilalle\/9257426\" role=\"link\" rel=\"nofollow noopener\" target=\"_blank\">MTV<\/a> uutisoivat, ett\u00e4 <strong class=\"aw-ak79eh KyCXm yle__article__strong\">Esapekka Lappi<\/strong> on vahva ehdokas Hyundaille.<\/p>\n<p class=\"aw-1gybjub aw-1p7kakr kEtdKx cEmitX yle__article__paragraph\">\u2013 No kyll\u00e4h\u00e4n sielt\u00e4 puhelu tuli puolitoista viikkoa sitten. Asiat ovat eritt\u00e4in kesken, sanotaanko n\u00e4in. Mutta keskusteltu on, Lappi tunnusti.<\/p>\n<p class=\"aw-1gybjub aw-1p7kakr kEtdKx cEmitX yle__article__paragraph\">Lappi ajoi viimeisen t\u00e4yden kautensa MM-sarjassa 2023. Kaudella 2024 h\u00e4n ajoi viisi kisaa ja nappasi Ruotsissa uransa toisen MM-rallin voiton.<\/p>\n<p class=\"aw-1gybjub aw-1p7kakr kEtdKx cEmitX yle__article__paragraph\">Kaudella 2025 Lappi voitti rallin SM-sarjan. H\u00e4n on puhunut julkisuudessa, ett\u00e4 MM-sarja on perhesyist\u00e4 taakse j\u00e4\u00e4nytt\u00e4 el\u00e4m\u00e4\u00e4.<\/p>\n<p class=\"aw-1gybjub aw-1p7kakr kEtdKx cEmitX yle__article__paragraph\">Nyt Lappi sanoi, ettei h\u00e4nell\u00e4 ole kaipuuta MM-sarjaan eik\u00e4 h\u00e4n yrit\u00e4 sinne v\u00e4kisin, mutta k\u00e4vi toisin p\u00e4in. H\u00e4nt\u00e4 siis yritet\u00e4\u00e4n houkutella MM-ralleihin.<\/p>\n<p><img decoding=\"async\" alt=\"Esapekka Lappi puhuu tiedotustilaisuudessa.\" src=\"https:\/\/www.europesays.com\/fi\/wp-content\/uploads\/2025\/11\/39-15469546904ab20d0993.jpeg\" loading=\"lazy\" class=\"aw-1l9m598 hKVVvP\"\/><\/p>\n<p>Avaa kuvien katselu<\/p>\n<p>\u2013 Siin\u00e4 mieless\u00e4 kannattaa varmasti kuunnella, mit\u00e4 on tarjota \u2013 ennen kuin tekee p\u00e4\u00e4t\u00f6ksen, ett\u00e4 tyrm\u00e4\u00e4k\u00f6 sen vai hyv\u00e4ksyyk\u00f6 sen, Esapekka Lappi sanaili Rallit.fi-sivuston jutussa. Kuva: Mikko Koski \/ Yle<\/p>\n<p class=\"aw-1gybjub aw-1p7kakr kEtdKx cEmitX yle__article__paragraph\">Lappi sanoi olevan ehdotonta, ettei h\u00e4n aja t\u00e4ytt\u00e4 kautta MM-sarjassa. <a class=\"aw-iao6s4 iHOxEa yle__article__link\" href=\"https:\/\/yle.fi\/a\/74-20191370\" role=\"link\" rel=\"nofollow noopener\" target=\"_blank\">Lis\u00e4ksi h\u00e4n on kertonut<\/a> jatkavansa rallin SM-sarjassa <strong class=\"aw-ak79eh KyCXm yle__article__strong\">Enni M\u00e4lk\u00f6nen<\/strong> kartturinaan, mutta sit\u00e4 osa-aikainen MM-sarjan ajaminen ei v\u00e4ltt\u00e4m\u00e4tt\u00e4 est\u00e4isi.<\/p>\n<p class=\"aw-1gybjub aw-1p7kakr kEtdKx cEmitX yle__article__paragraph\">\u2013 Hyundain tilanne on aika mielenkiintoinen. Ott T\u00e4nakin tasoista kuljettajaa he eiv\u00e4t varmasti talliinsa saa, koska yksinkertaisesti <strong class=\"aw-ak79eh KyCXm yle__article__strong\">Kalle Rovanper\u00e4n<\/strong> tai T\u00e4nakin tasoisia kuljettajia ei vapaana t\u00e4ll\u00e4 hetkell\u00e4 maailmassa ole, tuumaa Ylen ralliasiantuntija <strong class=\"aw-ak79eh KyCXm yle__article__strong\">Henri Haapam\u00e4ki<\/strong>.<\/p>\n<p class=\"aw-1gybjub aw-1p7kakr kEtdKx cEmitX yle__article__paragraph\">\u2013 Mutta kun mietit\u00e4\u00e4n t\u00e4llaisia hyvi\u00e4 kuljettajia, kuten Esapekka Lappi, <strong class=\"aw-ak79eh KyCXm yle__article__strong\">Teemu Suninen<\/strong>, <strong class=\"aw-ak79eh KyCXm yle__article__strong\">Dani Sordo<\/strong>, <strong class=\"aw-ak79eh KyCXm yle__article__strong\">Andreas Mikkelsen<\/strong>&#8230; N\u00e4it\u00e4 kuljettajia on jonkinlainen m\u00e4\u00e4r\u00e4 saatavana.<\/p>\n<p class=\"aw-1gybjub aw-1p7kakr kEtdKx cEmitX yle__article__paragraph\">Esimerkiksi kaudella 2024 Hyundailla t\u00e4yden kauden ajoivat <strong class=\"aw-ak79eh KyCXm yle__article__strong\">Thierry Neuville<\/strong> ja T\u00e4nak. Lappi, Sordo ja Mikkelsen vuorottelivat.<\/p>\n<p><img decoding=\"async\" alt=\"Thierry Neuville (vas.) voitti Katalonian MM-rallin ja Dani Sordo (oik.) sijoittui kolmanneksi.\" src=\"https:\/\/www.europesays.com\/fi\/wp-content\/uploads\/2025\/11\/39-868142616c436d63cda.jpeg\" loading=\"lazy\" class=\"aw-1l9m598 hKVVvP\"\/><\/p>\n<p>Avaa kuvien katselu<\/p>\n<p>My\u00f6s Dani Sordon (oik.) nimi liikkuu vahvasti Hyundai-spekulaatioissa. Vasemmalla Thierry Neuville. Kuva: EPA-EFE \/ All Over Press<\/p>\n<p class=\"aw-1gybjub aw-1p7kakr kEtdKx cEmitX yle__article__paragraph\">Lappi on vahvoilla, jos Hyundai p\u00e4\u00e4tt\u00e4\u00e4 luottaa kokemukseen nuorten lupausten etsinn\u00e4n sijasta. Lappi on 34-vuotias, Sordo 42-vuotias ja Mikkelsen 36-vuotias.<\/p>\n<p class=\"aw-1gybjub aw-1p7kakr kEtdKx cEmitX yle__article__paragraph\">Hyundain jatkuvuus on muutenkin ep\u00e4varmaa. Hyundai Motorsportin johtaja <strong class=\"aw-ak79eh KyCXm yle__article__strong\">Cyril Abiteboul<\/strong> <a class=\"aw-iao6s4 iHOxEa yle__article__link\" href=\"https:\/\/yle.fi\/a\/74-20188924\" role=\"link\" rel=\"nofollow noopener\" target=\"_blank\">sanoi jo aiemmin<\/a>, ettei talli aio rakentaa WRC27-autoa, kun rallin MM-sarjan autot ja s\u00e4\u00e4nn\u00f6t uudistuvat rajusti vuonna 2027.<\/p>\n<p class=\"aw-1gybjub aw-1p7kakr kEtdKx cEmitX yle__article__paragraph\">Viime ajat rallin valmennus- ja testit\u00f6it\u00e4 tehnyt Teemu Suninen <a class=\"aw-iao6s4 iHOxEa yle__article__link\" href=\"https:\/\/yle.fi\/a\/74-20193232\" role=\"link\" rel=\"nofollow noopener\" target=\"_blank\">vahvisti aiemmin kiinnostuksensa<\/a> pestiin. Tuolloin Haapam\u00e4ki nosti esille my\u00f6s suomalaiskuski <strong class=\"aw-ak79eh KyCXm yle__article__strong\">Emil Lindholmin<\/strong> nimen.<\/p>\n<p class=\"aw-1gybjub aw-1p7kakr kEtdKx cEmitX yle__article__paragraph\">\u2013 Esapekka Lappi on varmasti yksi kovimmista kandidaateista. Jos suomalaisittain verrataan Suniseen, Esapekka on pit\u00e4nyt SM-sarjaa ajamalla tatsia yll\u00e4 koko ajan. Ulkomaisiin kuljettajiin verrattuna Esapekka on v\u00e4hint\u00e4\u00e4n yht\u00e4 tasokas kuljettaja, Haapam\u00e4ki linjaa.<\/p>\n<p class=\"aw-1gybjub aw-1p7kakr kEtdKx cEmitX yle__article__paragraph\">Vaikka Lappi on MM-ralliuransa perhesyist\u00e4 p\u00e4\u00e4tt\u00e4nytkin, neuvotteluasetelmat ovat nyt hyv\u00e4t.<\/p>\n<p class=\"aw-1gybjub aw-1p7kakr kEtdKx cEmitX yle__article__paragraph\">Haapam\u00e4ki pit\u00e4\u00e4 realistisena seuraavanlaista kuviota. Kokonainen MM-rallikausi tarkoittaisi 14 kilpailua.<\/p>\n<p class=\"aw-1gybjub aw-1p7kakr kEtdKx cEmitX yle__article__paragraph\">\u2013 Voisi ajatella sill\u00e4 tavalla, ett\u00e4 jos kisoja olisi vain 2\u20135 kaudessa, tilipussikin kuitenkin ihan mukavasti paisuisi. Uskoisin, ett\u00e4 kun h\u00e4n on hetken saanut kotona huilata, t\u00e4llainen keikkakuskin paikka olisikin ihan kiinnostava.<\/p>\n<p>N\u00e4in Esapekka Lappi kertoi lokakuun lopussa ensi kauden suunnitelmistaan. Sen j\u00e4lkeen on kuitenkin kuultu uutinen, ett\u00e4 Ott T\u00e4nak j\u00e4\u00e4 tauolle.<\/p>\n","protected":false},"excerpt":{"rendered":"Ylen ralliasiantuntija Henri Haapam\u00e4ki uskoo, ett\u00e4 Esapekka Lappi on jopa vahvin saatavilla oleva kuljettaja Hyundaille osa-aikaiseksi kuljettajaksi. Avaa&hellip;\n","protected":false},"author":2,"featured_media":8004,"comment_status":"","ping_status":"","sticky":false,"template":"","format":"standard","meta":{"footnotes":""},"categories":[158],"tags":[3600,33,31,30,83,3241,3540,159,32,160],"class_list":{"0":"post-93599","1":"post","2":"type-post","3":"status-publish","4":"format-standard","5":"has-post-thumbnail","7":"category-urheilu","8":"tag-esapekka-lappi","9":"tag-fi","10":"tag-finland","11":"tag-finnish","12":"tag-moottoriurheilu","13":"tag-ralliautoilu","14":"tag-rallin-mm-sarja","15":"tag-sports","16":"tag-suomi","17":"tag-urheilu"},"share_on_mastodon":{"url":"https:\/\/pubeurope.com\/@fi\/115571598233125244","error":""},"_links":{"self":[{"href":"https:\/\/www.europesays.com\/fi\/wp-json\/wp\/v2\/posts\/93599","targetHints":{"allow":["GET"]}}],"collection":[{"href":"https:\/\/www.europesays.com\/fi\/wp-json\/wp\/v2\/posts"}],"about":[{"href":"https:\/\/www.europesays.com\/fi\/wp-json\/wp\/v2\/types\/post"}],"author":[{"embeddable":true,"href":"https:\/\/www.europesays.com\/fi\/wp-json\/wp\/v2\/users\/2"}],"replies":[{"embeddable":true,"href":"https:\/\/www.europesays.com\/fi\/wp-json\/wp\/v2\/comments?post=93599"}],"version-history":[{"count":0,"href":"https:\/\/www.europesays.com\/fi\/wp-json\/wp\/v2\/posts\/93599\/revisions"}],"wp:featuredmedia":[{"embeddable":true,"href":"https:\/\/www.europesays.com\/fi\/wp-json\/wp\/v2\/media\/8004"}],"wp:attachment":[{"href":"https:\/\/www.europesays.com\/fi\/wp-json\/wp\/v2\/media?parent=93599"}],"wp:term":[{"taxonomy":"category","embeddable":true,"href":"https:\/\/www.europesays.com\/fi\/wp-json\/wp\/v2\/categories?post=93599"},{"taxonomy":"post_tag","embeddable":true,"href":"https:\/\/www.europesays.com\/fi\/wp-json\/wp\/v2\/tags?post=93599"}],"curies":[{"name":"wp","href":"https:\/\/api.w.org\/{rel}","templated":true}]}}