{"id":93605,"date":"2025-11-18T16:21:11","date_gmt":"2025-11-18T16:21:11","guid":{"rendered":"https:\/\/www.europesays.com\/fi\/93605\/"},"modified":"2025-11-18T16:21:11","modified_gmt":"2025-11-18T16:21:11","slug":"suomi-nostaa-eun-yhteisvelkaa-miljardi-euroa-puolustukseen","status":"publish","type":"post","link":"https:\/\/www.europesays.com\/fi\/93605\/","title":{"rendered":"Suomi nostaa EU:n yhteisvelkaa \u2013 miljardi euroa puolustukseen"},"content":{"rendered":"<p>P\u00e4\u00e4t\u00f6s tehtiin hallituksen talouspoliittisessa ministerivaliokunnassa t\u00e4n\u00e4\u00e4n.<\/p>\n<p class=\"article-body mb-nof-24 px-nof-16\">Suomi on p\u00e4\u00e4tt\u00e4nyt hy\u00f6dynt\u00e4\u00e4 miljardilla eurolla EU:n uutta lainav\u00e4linett\u00e4 puolustusteollisuuden vahvistamiseksi. Asiasta kertoo p\u00e4\u00e4ministeri <a class=\"article-personlink\" href=\"https:\/\/www.is.fi\/haku\/?query=Petteri%20Orpo\" rel=\"nofollow noopener\" target=\"_blank\">Petteri Orpo<\/a> (kok) STT:lle viestitse.<\/p>\n<p class=\"article-body mb-nof-24 px-nof-16\">P\u00e4\u00e4t\u00f6s tehtiin hallituksen talouspoliittisessa ministerivaliokunnassa t\u00e4n\u00e4\u00e4n.<\/p>\n<p class=\"article-body mb-nof-24 px-nof-16\">Rahoitusta voidaan Orpon mukaan k\u00e4ytt\u00e4\u00e4 esimerkiksi Suomen maavoimia vahvistaviin hankintoihin ja droonisuorituskykyjen kehitt\u00e4miseen yhteisty\u00f6ss\u00e4 erityisesti Ukrainan kanssa.<\/p>\n<p class=\"article-body mb-nof-24 px-nof-16\">Kyseess\u00e4 on Safe-niminen EU:n 150 miljardin euron lainav\u00e4line, jonka kautta j\u00e4senmaille on tarkoitus my\u00f6nt\u00e4\u00e4 lainoja puolustushankintoihin.<\/p>\n<p class=\"article-body mb-nof-24 px-nof-16\">Asiasta kertoi aiemmin <a class=\"article-genericlink\" href=\"https:\/\/www.hs.fi\/politiikka\/art-2000011635523.html\" rel=\"nofollow noopener\" target=\"_blank\">He<\/a><a class=\"article-genericlink\" href=\"https:\/\/www.hs.fi\/politiikka\/art-2000011635523.html\" rel=\"nofollow noopener\" target=\"_blank\">lsingin Sanomat<\/a>.<\/p>\n","protected":false},"excerpt":{"rendered":"P\u00e4\u00e4t\u00f6s tehtiin hallituksen talouspoliittisessa ministerivaliokunnassa t\u00e4n\u00e4\u00e4n. Suomi on p\u00e4\u00e4tt\u00e4nyt hy\u00f6dynt\u00e4\u00e4 miljardilla eurolla EU:n uutta lainav\u00e4linett\u00e4 puolustusteollisuuden vahvistamiseksi. Asiasta&hellip;\n","protected":false},"author":2,"featured_media":93606,"comment_status":"","ping_status":"","sticky":false,"template":"","format":"standard","meta":{"footnotes":""},"categories":[12],"tags":[22,23,26,27,33,31,30,17,34,24,25,28,29,15,18,21,32,19,20,16],"class_list":{"0":"post-93605","1":"post","2":"type-post","3":"status-publish","4":"format-standard","5":"has-post-thumbnail","7":"category-suomi","8":"tag-breaking-news","9":"tag-breakingnews","10":"tag-featured-news","11":"tag-featurednews","12":"tag-fi","13":"tag-finland","14":"tag-finnish","15":"tag-headlines","16":"tag-ilta-sanomat","17":"tag-latest-news","18":"tag-latestnews","19":"tag-main-news","20":"tag-mainnews","21":"tag-news","22":"tag-otsikot","23":"tag-paauutiset","24":"tag-suomi","25":"tag-top-stories","26":"tag-topstories","27":"tag-uutiset"},"share_on_mastodon":{"url":"https:\/\/pubeurope.com\/@fi\/115571620792935845","error":""},"_links":{"self":[{"href":"https:\/\/www.europesays.com\/fi\/wp-json\/wp\/v2\/posts\/93605","targetHints":{"allow":["GET"]}}],"collection":[{"href":"https:\/\/www.europesays.com\/fi\/wp-json\/wp\/v2\/posts"}],"about":[{"href":"https:\/\/www.europesays.com\/fi\/wp-json\/wp\/v2\/types\/post"}],"author":[{"embeddable":true,"href":"https:\/\/www.europesays.com\/fi\/wp-json\/wp\/v2\/users\/2"}],"replies":[{"embeddable":true,"href":"https:\/\/www.europesays.com\/fi\/wp-json\/wp\/v2\/comments?post=93605"}],"version-history":[{"count":0,"href":"https:\/\/www.europesays.com\/fi\/wp-json\/wp\/v2\/posts\/93605\/revisions"}],"wp:featuredmedia":[{"embeddable":true,"href":"https:\/\/www.europesays.com\/fi\/wp-json\/wp\/v2\/media\/93606"}],"wp:attachment":[{"href":"https:\/\/www.europesays.com\/fi\/wp-json\/wp\/v2\/media?parent=93605"}],"wp:term":[{"taxonomy":"category","embeddable":true,"href":"https:\/\/www.europesays.com\/fi\/wp-json\/wp\/v2\/categories?post=93605"},{"taxonomy":"post_tag","embeddable":true,"href":"https:\/\/www.europesays.com\/fi\/wp-json\/wp\/v2\/tags?post=93605"}],"curies":[{"name":"wp","href":"https:\/\/api.w.org\/{rel}","templated":true}]}}