{"id":93614,"date":"2025-11-18T16:37:12","date_gmt":"2025-11-18T16:37:12","guid":{"rendered":"https:\/\/www.europesays.com\/fi\/93614\/"},"modified":"2025-11-18T16:37:12","modified_gmt":"2025-11-18T16:37:12","slug":"pete-lattu-muistelee-viimeista-kohtaamistaan-olga-temosen-kanssa","status":"publish","type":"post","link":"https:\/\/www.europesays.com\/fi\/93614\/","title":{"rendered":"Pete Lattu muistelee viimeist\u00e4 kohtaamistaan Olga Temosen kanssa"},"content":{"rendered":"<p>Pete Lattu muistelee viimeist\u00e4 kohtaamistaan Olga Temosen kanssa | MTV Uutiset<a class=\"sr-only bg-component-bg-color focus:not-sr-only focus:absolute focus:left-0 focus:right-auto focus:top-0 focus:p-200\" href=\"#main\" data-sentry-component=\"SkipToContentLink\" data-sentry-source-file=\"SkipToContentLink.tsx\">Hypp\u00e4\u00e4 p\u00e4\u00e4sis\u00e4lt\u00f6\u00f6n<\/a>Sis\u00e4ll\u00f6t<\/p>\n<ul class=\"flex w-full flex-1 flex-wrap gap-800\">\n<li class=\"block flex-1 flex-nowrap xs:flex-initial\" data-testid=\"site-footer-section-item-component\" data-sentry-component=\"SiteFooterSectionItem\" data-sentry-source-file=\"SiteFooterSectionItem.tsx\">Tomi Einonen<br \/>Vastaava p\u00e4\u00e4toimittaja<\/li>\n<li class=\"block flex-1 flex-nowrap xs:flex-initial\" data-testid=\"site-footer-section-item-component\" data-sentry-component=\"SiteFooterSectionItem\" data-sentry-source-file=\"SiteFooterSectionItem.tsx\">Ilkka Ahtiainen<br \/>Uutisp\u00e4\u00e4toimittaja<\/li>\n<li class=\"block flex-1 flex-nowrap xs:flex-initial\" data-testid=\"site-footer-section-item-component\" data-sentry-component=\"SiteFooterSectionItem\" data-sentry-source-file=\"SiteFooterSectionItem.tsx\">Mona Haapsaari<br \/>Toimitusp\u00e4\u00e4llikk\u00f6<\/li>\n<li class=\"block flex-1 flex-nowrap xs:flex-initial\" data-testid=\"site-footer-section-item-component\" data-sentry-component=\"SiteFooterSectionItem\" data-sentry-source-file=\"SiteFooterSectionItem.tsx\">Teemu Niikko<br \/>Toimitusp\u00e4\u00e4llikk\u00f6, urheilu<\/li>\n<\/ul>\n<p>Liiketoiminta<\/p>\n<ul class=\"flex w-full flex-1 flex-wrap gap-800\">\n<li class=\"block flex-1 flex-nowrap xs:flex-initial\" data-testid=\"site-footer-section-item-component\" data-sentry-component=\"SiteFooterSectionItem\" data-sentry-source-file=\"SiteFooterSectionItem.tsx\">Iina Eloranta<br \/>VP, Channels and Digital Consumption<\/li>\n<\/ul>\n<p>SuomiAreena<\/p>\n<ul class=\"flex w-full flex-1 flex-wrap gap-800\">\n<li class=\"block flex-1 flex-nowrap xs:flex-initial\" data-testid=\"site-footer-section-item-component\" data-sentry-component=\"SiteFooterSectionItem\" data-sentry-source-file=\"SiteFooterSectionItem.tsx\">Jeremias Kontio<br \/>Vastaava tuottaja<\/li>\n<\/ul>\n<p><a class=\"flex flex-col items-center justify-center\" data-testid=\"Etusivu-navigation-bar-item\" role=\"link\" title=\"Etusivu linkki\" data-sentry-element=\"Link\" data-sentry-component=\"InternalLink\" data-sentry-source-file=\"InternalLink.tsx\" href=\"https:\/\/www.mtvuutiset.fi\/\" rel=\"nofollow noopener\" target=\"_blank\">Etusivu<\/a><a class=\"flex flex-col items-center justify-center\" data-testid=\"Videot-navigation-bar-item\" role=\"link\" title=\"Videot linkki\" data-sentry-element=\"Link\" data-sentry-component=\"InternalLink\" data-sentry-source-file=\"InternalLink.tsx\" href=\"https:\/\/www.mtvuutiset.fi\/videot\" rel=\"nofollow noopener\" target=\"_blank\">Videot<\/a><a class=\"flex flex-col items-center justify-center\" data-testid=\"Tuoreimmat-navigation-bar-item\" role=\"link\" title=\"Tuoreimmat linkki\" data-sentry-element=\"Link\" data-sentry-component=\"InternalLink\" data-sentry-source-file=\"InternalLink.tsx\" href=\"https:\/\/www.mtvuutiset.fi\/tuoreimmat\" rel=\"nofollow noopener\" target=\"_blank\">Tuoreimmat<\/a><a class=\"flex flex-col items-center justify-center\" data-testid=\"Luetuimmat-navigation-bar-item\" role=\"link\" title=\"Luetuimmat linkki\" data-sentry-element=\"Link\" data-sentry-component=\"InternalLink\" data-sentry-source-file=\"InternalLink.tsx\" href=\"https:\/\/www.mtvuutiset.fi\/luetuimmat\" rel=\"nofollow noopener\" target=\"_blank\">Luetuimmat<\/a>Odota<img alt=\"Pete Lattu muistaa Olga Temosen valovoimaisena yst\u00e4v\u00e4n\u00e4. \" data-testid=\"header-media-image\" class=\"h-full w-full object-cover transition duration-700 ease-in-out hover:scale-[1.05]\" fetchpriority=\"high\" loading=\"eager\" width=\"1024\" height=\"576\" decoding=\"async\" style=\"color:transparent;background-size:cover;background-position:50% 50%;background-repeat:no-repeat;background-image:url(&quot;data:image\/svg+xml;base64,Cjxzdmcgd2lkdGg9IjEwMjQiIGhlaWdodD0iNTc2IiB2ZXJzaW9uPSIxLjEiIHhtbG5zPSJodHRwOi8vd3d3LnczLm9yZy8yMDAwL3N2ZyIgeG1sbnM6eGxpbms9Imh0dHA6Ly93d3cudzMub3JnLzE5OTkveGxpbmsiPgogIDxkZWZzPgogICAgPGxpbmVhckdyYWRpZW50IGlkPSJnIj4KICAgICAgPHN0b3Agc3RvcC1jb2xvcj0iIzBCMTgyMyIgb2Zmc2V0PSIyMCUiIC8+CiAgICAgIDxzdG9wIHN0b3AtY29sb3I9IiMxQTI3MzIiIG9mZnNldD0iNTAlIiAvPgogICAgICA8c3RvcCBzdG9wLWNvbG9yPSIjMEIxODIzIiBvZmZzZXQ9IjcwJSIgLz4KICAgIDwvbGluZWFyR3JhZGllbnQ+CiAgPC9kZWZzPgogIDxyZWN0IHdpZHRoPSIxMDI0IiBoZWlnaHQ9IjU3NiIgZmlsbD0iIzBCMTgyMyIgLz4KICA8cmVjdCBpZD0iciIgd2lkdGg9IjEwMjQiIGhlaWdodD0iNTc2IiBmaWxsPSJ1cmwoI2cpIiAvPgogIDxhbmltYXRlIHhsaW5rOmhyZWY9IiNyIiBhdHRyaWJ1dGVOYW1lPSJ4IiBmcm9tPSItMTAyNCIgdG89IjEwMjQiIGR1cj0iMXMiIHJlcGVhdENvdW50PSJpbmRlZmluaXRlIiAgLz4KPC9zdmc+&quot;)\" src=\"https:\/\/www.europesays.com\/fi\/wp-content\/uploads\/2025\/11\/1763483830_271_image\"\/>Pete Lattu muistaa Olga Temosen valovoimaisena yst\u00e4v\u00e4n\u00e4. Tomi Natri  \/All Over PressJulkaistu 18.11.2025 15:12<img alt=\"Toimittajan kuva\" data-testid=\"author-image\" data-sentry-element=\"Image\" data-sentry-source-file=\"NextImage.tsx\" fetchpriority=\"low\" loading=\"lazy\" decoding=\"async\" data-nimg=\"fill\" class=\"transition duration-700 ease-in-out hover:scale-[1.05] object-cover\" style=\"position:absolute;height:100%;width:100%;left:0;top:0;right:0;bottom:0;color:transparent;background-size:cover;background-position:50% 50%;background-repeat:no-repeat;background-image:url(&quot;data:image\/svg+xml;base64,Cjxzdmcgd2lkdGg9IjcyMCIgaGVpZ2h0PSI0MDUiIHZlcnNpb249IjEuMSIgeG1sbnM9Imh0dHA6Ly93d3cudzMub3JnLzIwMDAvc3ZnIiB4bWxuczp4bGluaz0iaHR0cDovL3d3dy53My5vcmcvMTk5OS94bGluayI+CiAgPGRlZnM+CiAgICA8bGluZWFyR3JhZGllbnQgaWQ9ImciPgogICAgICA8c3RvcCBzdG9wLWNvbG9yPSIjMEIxODIzIiBvZmZzZXQ9IjIwJSIgLz4KICAgICAgPHN0b3Agc3RvcC1jb2xvcj0iIzFBMjczMiIgb2Zmc2V0PSI1MCUiIC8+CiAgICAgIDxzdG9wIHN0b3AtY29sb3I9IiMwQjE4MjMiIG9mZnNldD0iNzAlIiAvPgogICAgPC9saW5lYXJHcmFkaWVudD4KICA8L2RlZnM+CiAgPHJlY3Qgd2lkdGg9IjcyMCIgaGVpZ2h0PSI0MDUiIGZpbGw9IiMwQjE4MjMiIC8+CiAgPHJlY3QgaWQ9InIiIHdpZHRoPSI3MjAiIGhlaWdodD0iNDA1IiBmaWxsPSJ1cmwoI2cpIiAvPgogIDxhbmltYXRlIHhsaW5rOmhyZWY9IiNyIiBhdHRyaWJ1dGVOYW1lPSJ4IiBmcm9tPSItNzIwIiB0bz0iNzIwIiBkdXI9IjFzIiByZXBlYXRDb3VudD0iaW5kZWZpbml0ZSIgIC8+Cjwvc3ZnPg==&quot;)\"   src=\"https:\/\/www.europesays.com\/fi\/wp-content\/uploads\/2025\/11\/1763483831_388_image\"\/><\/p>\n<p><strong class=\"typography-bold\">Salatuista el\u00e4mist\u00e4 tuttu n\u00e4yttelij\u00e4 Pete Lattu muistelee yst\u00e4v\u00e4\u00e4ns\u00e4 Olga Temosta l\u00e4mm\u00f6ll\u00e4. Vastoin odotuksia he eiv\u00e4t tavanneet toisiaan Salatuissa el\u00e4miss\u00e4.<\/strong><\/p>\n<p><a class=\"underline\" data-testid=\"internal-link\" role=\"link\" data-sentry-element=\"Link\" data-sentry-component=\"InternalLink\" data-sentry-source-file=\"InternalLink.tsx\" href=\"https:\/\/www.mtvuutiset.fi\/salatutelamat\" rel=\"nofollow noopener\" target=\"_blank\">Salatuista el\u00e4mist\u00e4<\/a> tuttu n\u00e4yttelij\u00e4 <a class=\"underline\" data-testid=\"internal-link\" role=\"link\" data-sentry-element=\"Link\" data-sentry-component=\"InternalLink\" data-sentry-source-file=\"InternalLink.tsx\" href=\"https:\/\/www.mtvuutiset.fi\/aihe\/pete-lattu\/6571726\" rel=\"nofollow noopener\" target=\"_blank\"><strong class=\"typography-bold\">Pete Lattu<\/strong><\/a> muistelee <a class=\"underline\" data-testid=\"internal-link\" role=\"link\" data-sentry-element=\"Link\" data-sentry-component=\"InternalLink\" data-sentry-source-file=\"InternalLink.tsx\" href=\"https:\/\/www.mtvuutiset.fi\/aihe\/olga-temonen\/6573864\" rel=\"nofollow noopener\" target=\"_blank\">Olga Temosta<\/a> MTV Uutisten haastattelussa. Temonen <a class=\"underline\" data-testid=\"internal-link\" role=\"link\" data-sentry-element=\"Link\" data-sentry-component=\"InternalLink\" data-sentry-source-file=\"InternalLink.tsx\" href=\"https:\/\/www.mtvuutiset.fi\/artikkeli\/olga-temonen-on-kuollut\/9257176\" rel=\"nofollow noopener\" target=\"_blank\">kuoli 17. marraskuuta 47-vuotiaana aivosy\u00f6p\u00e4\u00e4n<\/a>.<\/p>\n<p>Lattu j\u00e4rkyttyi kuullessaan yst\u00e4v\u00e4ns\u00e4 poismenosta.\u00a0<\/p>\n<p>\u2013 Kyll\u00e4h\u00e4n se oli pys\u00e4ytt\u00e4v\u00e4\u00e4, kun se uutinen l\u00e4v\u00e4hti silmien eteen. Vaikka t\u00e4m\u00e4 ei valitettavasti yll\u00e4tt\u00e4nyt, niin kyll\u00e4 se silti j\u00e4rkytt\u00e4\u00e4. Lattu sanoo.\u00a0<\/p>\n<p><img alt=\"Salatut elamat 2007 Olga Koskikallio Noora (1)\" class=\"h-full w-full object-cover transition duration-700 ease-in-out hover:scale-[1.05]\" fetchpriority=\"low\" loading=\"lazy\" width=\"368\" height=\"613\" decoding=\"async\" style=\"color:transparent;background-size:cover;background-position:50% 50%;background-repeat:no-repeat;background-image:url(&quot;data:image\/svg+xml;base64,Cjxzdmcgd2lkdGg9IjM2OCIgaGVpZ2h0PSI2MTMiIHZlcnNpb249IjEuMSIgeG1sbnM9Imh0dHA6Ly93d3cudzMub3JnLzIwMDAvc3ZnIiB4bWxuczp4bGluaz0iaHR0cDovL3d3dy53My5vcmcvMTk5OS94bGluayI+CiAgPGRlZnM+CiAgICA8bGluZWFyR3JhZGllbnQgaWQ9ImciPgogICAgICA8c3RvcCBzdG9wLWNvbG9yPSIjMEIxODIzIiBvZmZzZXQ9IjIwJSIgLz4KICAgICAgPHN0b3Agc3RvcC1jb2xvcj0iIzFBMjczMiIgb2Zmc2V0PSI1MCUiIC8+CiAgICAgIDxzdG9wIHN0b3AtY29sb3I9IiMwQjE4MjMiIG9mZnNldD0iNzAlIiAvPgogICAgPC9saW5lYXJHcmFkaWVudD4KICA8L2RlZnM+CiAgPHJlY3Qgd2lkdGg9IjM2OCIgaGVpZ2h0PSI2MTMiIGZpbGw9IiMwQjE4MjMiIC8+CiAgPHJlY3QgaWQ9InIiIHdpZHRoPSIzNjgiIGhlaWdodD0iNjEzIiBmaWxsPSJ1cmwoI2cpIiAvPgogIDxhbmltYXRlIHhsaW5rOmhyZWY9IiNyIiBhdHRyaWJ1dGVOYW1lPSJ4IiBmcm9tPSItMzY4IiB0bz0iMzY4IiBkdXI9IjFzIiByZXBlYXRDb3VudD0iaW5kZWZpbml0ZSIgIC8+Cjwvc3ZnPg==&quot;)\" src=\"https:\/\/www.europesays.com\/fi\/wp-content\/uploads\/2025\/11\/1763483832_153_image\"\/><\/p>\n<p>Olga Temonen n\u00e4ytteli Noora Autiota Salatuissa el\u00e4miss\u00e4 vuosina 2007\u20132008, syksyll\u00e4 2009, kev\u00e4\u00e4ll\u00e4 2010 ja syksyll\u00e4 2017.<\/p>\n<p>Vastoin odotuksia Pete Lattu ja Olga Temonen eiv\u00e4t tavanneet toisiaan Salatuissa el\u00e4miss\u00e4.<\/p>\n<p>\u2013\u00a0Muistan, ett\u00e4 olimme yhdess\u00e4 tekem\u00e4ss\u00e4 er\u00e4st\u00e4 radiomainosta vuonna 2013, kun sain kuulla, ett\u00e4 h\u00e4nkin on ollut mukana sarjassa. Olin itse ollut silloin juuri tauolla sarjasta. Se huvitti meit\u00e4 silloin suuresti.\u00a0<\/p>\n<p>\u2013 Toki sitten my\u00f6hemmin olimme jonkin p\u00e4tk\u00e4n siell\u00e4 yht\u00e4 aikaakin, mik\u00e4 oli tietenkin hauskaa, mutta harmikseni en p\u00e4\u00e4ssyt h\u00e4nen kanssaan samoihin kohtauksiin.<\/p>\n<p>Temonen ja Lattu tutustuivat toisiinsa Helsingin Ylioppilasteatterissa 2000-luvun taitteessa. Vaikka he eiv\u00e4t p\u00e4\u00e4sseet aina n\u00e4kem\u00e4\u00e4n s\u00e4\u00e4nn\u00f6llisesti, s\u00e4ilyi yhteys ja yst\u00e4vyys aivan loppuun saakka.\u00a0<\/p>\n<p>\u2013\u00a0H\u00e4n perusti perheen Tuukan kanssa, ja min\u00e4 sitten taas omalla osaltani. Siin\u00e4 oli sellainen vaihe, kun molemmilla oli hyvin pieni\u00e4 lapsia ja asuttiin eri puolilla Suomea, ett\u00e4 emme juurikaan olleet tekemisiss\u00e4. Sitten, kun lapset kasvoivat, tapasimme taas ja huomasimme, ett\u00e4 meill\u00e4h\u00e4n on ihan samanik\u00e4iset lapset.<\/p>\n<p>Lattu perheineen k\u00e4vi usein Iitiss\u00e4 Olgan ja Tuukan luona ja v\u00e4lill\u00e4 Temoset vierailivat Latun m\u00f6kill\u00e4 Puumalassa. Joskus he viettiv\u00e4t yhdess\u00e4 uutta vuottakin.\u00a0<\/p>\n<p>Viimeisen kerran Lattu tapasi Olgan kes\u00e4n lopulla. Lattu k\u00e4vi Olgan perustamassa pitseriassa sy\u00f6m\u00e4ss\u00e4.\u00a0<\/p>\n<p>\u2013 Silloin Olga viel\u00e4 k\u00e4veli ihan itse ja eik\u00e4 h\u00e4nell\u00e4 ollut puheen kanssakaan ongelmia. H\u00e4n oli viel\u00e4 t\u00f6iss\u00e4 siell\u00e4 ravintolassaan. H\u00e4n klenkkasi siin\u00e4 jalkaansa ja min\u00e4 idioottina tietysti kysyin, ett\u00e4 hei, mik\u00e4 sinun jalassasi on. H\u00e4n sitten katsoi minua v\u00e4h\u00e4n hitaasti ja tokaisi, ett\u00e4 no sy\u00f6p\u00e4, mit\u00e4s muuta. H\u00e4nelt\u00e4 l\u00f6ytyi huumorintajua vaikeassakin tilanteessa, Lattu muistelee.\u00a0<\/p>\n<p>H\u00e4nen muistaa Olga Temosen valovoimaisena ja erityisen yritteli\u00e4\u00e4n\u00e4 ja aikaansaavana persoona.<\/p>\n<p>\u2013 H\u00e4ness\u00e4 oli jotain sellaista vangitsevaa. H\u00e4nest\u00e4 huokui sellainen valoisuus ja optimismi sek\u00e4 j\u00e4rjett\u00f6m\u00e4n kova yritteli\u00e4isyys. H\u00e4nell\u00e4 oli aina energiaa ryhty\u00e4 kaikenlaisiin projekteihin ja viel\u00e4p\u00e4 saattaa ne p\u00e4\u00e4t\u00f6kseen. Tuukallahan on samaa ominaisuutta. Se vaatii yli\u2011inhimillisi\u00e4 onnistuksia tehd\u00e4 omalla budjetilla tuommoinen m\u00e4\u00e4r\u00e4 elokuvia, ett\u00e4 ei voi kuin hattua nostaa ja katsoa ihaillen, Lattu sanoo.\u00a0<\/p>\n<p>H\u00e4nen ajatuksensa ovat erityisesti Olgan ja Tuukan lapsissa ja tietysti my\u00f6s Tuukassa.\u00a0<\/p>\n<p>\u2013 T\u00e4m\u00e4 on varmasti todella kova paikka l\u00e4heisille. Valtavasti voimia ja mit\u00e4 suurimmat osanotot omasta ja perheeni puolesta heille kaikille.<\/p>\n","protected":false},"excerpt":{"rendered":"Pete Lattu muistelee viimeist\u00e4 kohtaamistaan Olga Temosen kanssa | MTV UutisetHypp\u00e4\u00e4 p\u00e4\u00e4sis\u00e4lt\u00f6\u00f6nSis\u00e4ll\u00f6t Tomi EinonenVastaava p\u00e4\u00e4toimittaja Ilkka AhtiainenUutisp\u00e4\u00e4toimittaja Mona&hellip;\n","protected":false},"author":2,"featured_media":93615,"comment_status":"","ping_status":"","sticky":false,"template":"","format":"standard","meta":{"footnotes":""},"categories":[133],"tags":[137,33,31,30,32,206,156,109],"class_list":{"0":"post-93614","1":"post","2":"type-post","3":"status-publish","4":"format-standard","5":"has-post-thumbnail","7":"category-televisiot","8":"tag-entertainment","9":"tag-fi","10":"tag-finland","11":"tag-finnish","12":"tag-suomi","13":"tag-televisiot","14":"tag-tv","15":"tag-viihde"},"share_on_mastodon":{"url":"https:\/\/pubeurope.com\/@fi\/115571683864455203","error":""},"_links":{"self":[{"href":"https:\/\/www.europesays.com\/fi\/wp-json\/wp\/v2\/posts\/93614","targetHints":{"allow":["GET"]}}],"collection":[{"href":"https:\/\/www.europesays.com\/fi\/wp-json\/wp\/v2\/posts"}],"about":[{"href":"https:\/\/www.europesays.com\/fi\/wp-json\/wp\/v2\/types\/post"}],"author":[{"embeddable":true,"href":"https:\/\/www.europesays.com\/fi\/wp-json\/wp\/v2\/users\/2"}],"replies":[{"embeddable":true,"href":"https:\/\/www.europesays.com\/fi\/wp-json\/wp\/v2\/comments?post=93614"}],"version-history":[{"count":0,"href":"https:\/\/www.europesays.com\/fi\/wp-json\/wp\/v2\/posts\/93614\/revisions"}],"wp:featuredmedia":[{"embeddable":true,"href":"https:\/\/www.europesays.com\/fi\/wp-json\/wp\/v2\/media\/93615"}],"wp:attachment":[{"href":"https:\/\/www.europesays.com\/fi\/wp-json\/wp\/v2\/media?parent=93614"}],"wp:term":[{"taxonomy":"category","embeddable":true,"href":"https:\/\/www.europesays.com\/fi\/wp-json\/wp\/v2\/categories?post=93614"},{"taxonomy":"post_tag","embeddable":true,"href":"https:\/\/www.europesays.com\/fi\/wp-json\/wp\/v2\/tags?post=93614"}],"curies":[{"name":"wp","href":"https:\/\/api.w.org\/{rel}","templated":true}]}}