{"id":93630,"date":"2025-11-18T17:00:13","date_gmt":"2025-11-18T17:00:13","guid":{"rendered":"https:\/\/www.europesays.com\/fi\/93630\/"},"modified":"2025-11-18T17:00:13","modified_gmt":"2025-11-18T17:00:13","slug":"martina-aitolehti-esittelee-luksuselamaa-dubaissa-katso-pikkutuhmat-kuvat","status":"publish","type":"post","link":"https:\/\/www.europesays.com\/fi\/93630\/","title":{"rendered":"Martina Aitolehti esittelee luksusel\u00e4m\u00e4\u00e4 Dubaissa \u2013 katso pikkutuhmat kuvat!"},"content":{"rendered":"<p>            ATTE KAJOVA\n        <\/p>\n<p class=\"subtitle \">Vaikka Martinan vuositulot ovat reilusti yli 130 000 euroa, ei liika yl\u00e4pilviss\u00e4 liit\u00e4minen tunnu h\u00e4nest\u00e4 omalta.<\/p>\n<p class=\"article-content article-content-width !bg-background\">Somevaikuttaja ja kuntoyritt\u00e4j\u00e4 , 43, tienasi viime vuonna yli kolme kertaa sen, mink\u00e4 tavallinen tallaaja saa raavittua kasaan. Eip\u00e4 ihme, ett\u00e4 Martina laittoikin haisemaan luksuksesta tunnetussa Dubaissa.<\/p>\n<p class=\"font-weight-bold m-font-weight-bold article-content article-content-width !bg-background\">Arkistovideo: Hein\u00e4kuussa Martina juhli Baleaareilla<\/p>\n<p class=\"article-content article-content-width !bg-background\">Instagramissa julkaisemassaan nelj\u00e4n kuvan kuvakarusellissa n\u00e4kyy otoksia h\u00e4nen pist\u00e4ytymisest\u00e4\u00e4n dubailaisessa ravintola Nahat\u00e9ssa.<\/p>\n<p class=\"article-content article-content-width !bg-background\">Luksusravintolan ilmapiiri\u00e4 kuvatessaan Martina on julkaissut my\u00f6s peiliselfien itsest\u00e4\u00e4n. L\u00e4hes signature-tyyliksi muuttuneista mustista hiuksistaan luopunut fitness-konkari poseeraa nyt blondina.<\/p>\n<p>        <a itemprop=\"url\" href=\"https:\/\/www.seiska.fi\/kotimaa\/martina-aitolehdella-huipputulot\/1984447\" rel=\"nofollow noopener\" target=\"_blank\"><\/p>\n<p>\nSeiska selvitti\n<\/p>\n<p class=\"section-date\">\n        <strong class=\"article-section\" data-section=\"kotimaa\"><br \/>\n            kotimaa<br \/>\n        <\/strong><br \/>\n        12.11. 08:16\n    <\/p>\n<p>Martina Aitolehdell\u00e4 huipputulot!\n    <\/p>\n<p itemprop=\"description\" class=\"subtitle \">\n    N\u00e4in tienasi viihdekonkari Martina Aitolehti.\n<\/p>\n<p>        <\/a><\/p>\n<p class=\"article-content article-content-width !bg-background\">Silm\u00e4ns\u00e4 h\u00e4n on rajannut voimakkaasti kajalilla ja lis\u00e4potkua tuo smokey eyes -ehostus. Kulmat ovat edelleen voimakkaat, mutta eiv\u00e4t silmiinpist\u00e4v\u00e4t, ja huuliinsa Martina on valinnut vaaleanpunaisen mutta juhlavan s\u00e4vyn. Kynnet kiilt\u00e4v\u00e4t verenpunaisina.<\/p>\n<p>Vots<\/p>\n<p class=\"article-content article-content-width !bg-background\">Pikkutuhmaa syvyytt\u00e4 kuviin tuo y\u00f6n h\u00e4my, ja j\u00e4lkimm\u00e4isen peiliselfien hyvin paljastava iltapuvun p\u00e4\u00e4ntie. Ensimm\u00e4isen kuvan minimekko on hopeanv\u00e4risen\u00e4 pikemmin juhlava kuin pikkutuhma, mutta edelleen uhkea.<\/p>\n<p>        <a itemprop=\"url\" href=\"https:\/\/www.seiska.fi\/kotimaa\/martina-aitolehti-tarayttaa-suorat-sanat-podcastissa\/1991061\" rel=\"nofollow noopener\" target=\"_blank\"><\/p>\n<p>\nPodcast\n<\/p>\n<p class=\"section-date\">\n        <strong class=\"article-section\" data-section=\"kotimaa\"><br \/>\n            kotimaa<br \/>\n        <\/strong><br \/>\n        12.11. 17:30\n    <\/p>\n<p>Martina Aitolehti t\u00e4r\u00e4ytt\u00e4\u00e4 suorat sanat podcastissa\n    <\/p>\n<p itemprop=\"description\" class=\"subtitle \">\n    Martina sanoo tekev\u00e4ns\u00e4 p\u00e4iv\u00e4ss\u00e4 yht\u00e4 paljon kuin jotkut saavat aikaan viikossa.\n<\/p>\n<p>        <\/a><\/p>\n<p class=\"article-content article-content-width !bg-background\">Kuvissa vilahtaa my\u00f6s ravintolan lautasliina sek\u00e4 sen alla lautanen, joka viekoittelevasti komentaa Lick me, nuole minua.<\/p>\n<p class=\"article-content article-content-width !bg-background\">Ylellisyyden tunnelmaa tekee my\u00f6s poistuminen ravintolasta. Martina nousee superdaamin elkein luksus-Bemarin takapenkille, jonne aulis henkil\u00f6kunnan edustaja avaa h\u00e4nelle oven.<\/p>\n<p class=\"article-content article-content-width !bg-background\">Autoon ei my\u00f6sk\u00e4\u00e4n nousta miten tahansa kadun reunasta. T\u00e4t\u00e4 varten on muotoiltu t\u00e4ysin katettu, valaisua, ajoaukon muotoa ja materiaalivalintoja my\u00f6ten mietitty design-katos.<\/p>\n<p>Hot mama, huutaa julkkiskaunotar<\/p>\n<p class=\"article-content article-content-width !bg-background\">Martina on kirjoittanut ylellisi\u00e4 tunnelmia esittelev\u00e4n kuvasarjansa kuvatekstiksi pist\u00e4ytyneens\u00e4 v\u00e4h\u00e4n paremmissa kotibileiss\u00e4, miss\u00e4 kotibileet viittaavat ravintola Nahat\u00e9n konseptiin.<\/p>\n<p class=\"article-content article-content-width !bg-background\">Siit\u00e4 lis\u00e4\u00e4 kohta.<\/p>\n<p class=\"article-content article-content-width !bg-background\">Samalla tulee my\u00f6s mainos: Martina lupaa lis\u00e4\u00e4 biletunnelmia eksklusiivisessa, tai tarkemmin sanoen maksullisessa Instagramin osiossaan.<\/p>\n<p>        <a itemprop=\"url\" href=\"https:\/\/www.seiska.fi\/kotimaa\/eronnut-martina-aitolehti-paljastaa-podcastissa-tata-asiaa-kadun\/1977023\" rel=\"nofollow noopener\" target=\"_blank\"><\/p>\n<p>\nEronnut Martina Aitolehti\n<\/p>\n<p class=\"section-date\">\n        <strong class=\"article-section\" data-section=\"kotimaa\"><br \/>\n            kotimaa<br \/>\n        <\/strong><br \/>\n        30.10. 06:15\n    <\/p>\n<p>Eronnut Martina Aitolehti paljastaa podcastissa: T\u00e4t\u00e4 asiaa kadun\n    <\/p>\n<p itemprop=\"description\" class=\"subtitle \">\n    Sinkkumarkkinoille siirtynyt Martina avautuu virheist\u00e4\u00e4n.\n<\/p>\n<p>        <\/a><\/p>\n<p class=\"article-content article-content-width !bg-background\">Aivan tuulihatuksi Martina ei kuitenkaan ole muuttunut \u00f6kybileiden my\u00f6t\u00e4. Sen sijaan h\u00e4n pohtii, miten kaikella on m\u00e4\u00e4r\u00e4ns\u00e4.<\/p>\n<p class=\"article-content article-content-width !bg-background\">\u2013\u00a0Hieno kokemus, mut en m\u00e4 kyll\u00e4 tollasta el\u00e4m\u00e4\u00e4 pystyis viikottain el\u00e4m\u00e4\u00e4n. Eli paluu maanpinnalle hep, Martina huudahtaa.<\/p>\n<p>        <a itemprop=\"url\" href=\"https:\/\/www.seiska.fi\/kotimaa\/podcast-martina-aitolehdelta-traumaattinen-paljastus-teki-rajun-paatoksen\/1961822\" rel=\"nofollow noopener\" target=\"_blank\"><\/p>\n<p>\nPodcast:\n<\/p>\n<p class=\"section-date\">\n        <strong class=\"article-section\" data-section=\"kotimaa\"><br \/>\n            kotimaa<br \/>\n        <\/strong><br \/>\n        15.10. 06:00\n    <\/p>\n<p>Podcast: Martina Aitolehdelt\u00e4 traumaattinen paljastus \u2013 teki rajun p\u00e4\u00e4t\u00f6ksen\n    <\/p>\n<p itemprop=\"description\" class=\"subtitle \">\n    Martina j\u00e4rkyttyi niin, ett\u00e4 h\u00e4nen oli teht\u00e4v\u00e4 painava ratkaisu.\n<\/p>\n<p>        <\/a><\/p>\n<p class=\"article-content article-content-width !bg-background\">Martinan viisauteen ja maadoittumisen t\u00e4rkeyteen vetoaa my\u00f6s yksi h\u00e4nen seuraajistaan. Toiset sen sijaan pohtivat mielen asioita v\u00e4hemm\u00e4n, ja kommentoivat Martinan asuja kuvissa.<\/p>\n<p class=\"article-content article-content-width !bg-background\">\u2013 On se edelleen kissa, yksi Martinan miesseuraajista kirjoittaa.<\/p>\n<p class=\"article-content article-content-width !bg-background\">\u2013 Mun mielest\u00e4 maailman kuumin mimmi ajatuksineen, toinen s\u00e4est\u00e4\u00e4.<\/p>\n<p>        <a itemprop=\"url\" href=\"https:\/\/www.seiska.fi\/kotimaa\/podcast-martina-aitolehti-tylyttaa-eksaansa-esko-on-maailman-surkein\/1975362\" rel=\"nofollow noopener\" target=\"_blank\"><\/p>\n<p>\nPodcast\n<\/p>\n<p class=\"section-date\">\n        <strong class=\"article-section\" data-section=\"kotimaa\"><br \/>\n            kotimaa<br \/>\n        <\/strong><br \/>\n        29.10. 06:00\n    <\/p>\n<p>Podcast: Martina Aitolehti tylytt\u00e4\u00e4 eks\u00e4\u00e4ns\u00e4: &#8221;Esko on maailman surkein&#8221;\n    <\/p>\n<p itemprop=\"description\" class=\"subtitle \">\n    Martina kertoo, mit\u00e4 asioita miehen tulisi h\u00e4nen mielest\u00e4\u00e4n osata.\n<\/p>\n<p>        <\/a><\/p>\n<p class=\"article-content article-content-width !bg-background\">\u2013 Hot mama, julkkiskaunotar  huudahtaa.<\/p>\n<p>Millainen ravintola: ei \u00f6kyhintainen, mutta pit\u00e4\u00e4 tyhj\u00e4taskut kaukana<\/p>\n<p class=\"article-content article-content-width !bg-background\">Ravintolan nimi Nahat\u00e9 kertoo idean. Sana tarkoittaa kotiinpaluuta, ja t\u00e4m\u00e4n n\u00e4kyy my\u00f6s Martinan julkaisemissa kuvissa. H\u00e4n on ikuistanut muun muassa ravintolan vierailleen tarjoaman lautasliinan. Siin\u00e4 lukee englanniksi &#8221;Tervetuloa takaisin kotiin&#8221;.<\/p>\n<p>        <a itemprop=\"url\" href=\"https:\/\/www.seiska.fi\/kotimaa\/podcast-martina-aitolehti-avoimena-suhteestaan-jalkapallotahteen\/1973120\" rel=\"nofollow noopener\" target=\"_blank\"><\/p>\n<p>\nPodcast:\n<\/p>\n<p class=\"section-date\">\n        <strong class=\"article-section\" data-section=\"kotimaa\"><br \/>\n            kotimaa<br \/>\n        <\/strong><br \/>\n        27.10. 17:30\n    <\/p>\n<p>Podcast: Martina Aitolehti avoimena suhteestaan jalkapallot\u00e4hteen\n    <\/p>\n<p itemprop=\"description\" class=\"subtitle \">\n    Martinan ja urheilijanuorukaisen suhde sai aikaan melkoisen julkisuusmyllyn.\n<\/p>\n<p>        <\/a><\/p>\n<p class=\"article-content article-content-width !bg-background\">Dubain finanssikortteleissa sijaitseva ravintola on yksi alueen monien fine dining -paikkojen joukossa. Se kuitenkin on p\u00e4\u00e4tt\u00e4nyt erottua muistuttamalla vieraiden (\u00f6kyrikkaan) yst\u00e4v\u00e4n kotia.<\/p>\n<p class=\"article-content article-content-width !bg-background\">T\u00e4m\u00e4 on my\u00f6s ravintolan uhka. Kotibilem\u00e4iset klubiolosuhteet eiv\u00e4t vieh\u00e4t\u00e4 todellisia ruokafriikkej\u00e4, ja Nahat\u00e9 n\u00e4ytt\u00e4\u00e4kin kalastelevan asiakkaikseen maailman n\u00e4ytt\u00e4vi\u00e4, tunnettuja ja rikkaita henkil\u00f6it\u00e4. My\u00f6sk\u00e4\u00e4n hinnat eiv\u00e4t ole fine diningiksi mitenk\u00e4\u00e4n katossa. Illalliset maksavat tietojen mukaan 120\u2013160 euroa normitasollaan.<\/p>\n<p>        <a itemprop=\"url\" href=\"https:\/\/www.seiska.fi\/kotimaa\/martina-aitolehdelta-miestilitys-podcastissa-esko-eerikaiselta-kuitti\/1968428\" rel=\"nofollow noopener\" target=\"_blank\"><\/p>\n<p>\nPodcast\n<\/p>\n<p class=\"section-date\">\n        <strong class=\"article-section\" data-section=\"kotimaa\"><br \/>\n            kotimaa<br \/>\n        <\/strong><br \/>\n        22.10. 06:00\n    <\/p>\n<p>Martina Aitolehdelt\u00e4 miestilitys podcastissa \u2013 Esko Eerik\u00e4iselt\u00e4 kuitti\n    <\/p>\n<p itemprop=\"description\" class=\"subtitle \">\n    Martinan ex-puoliso Esko Eerik\u00e4inen toteaa, ettei Martinalle kakkoseksi j\u00e4\u00e4v\u00e4\u00e4 miest\u00e4 ole olemassakaan.\n<\/p>\n<p>        <\/a><\/p>\n<p class=\"article-content article-content-width !bg-background\">Ei ole tiedossa kuinka paljon kyseess\u00e4 on turistipaikka ja kuinka paljon paikallisten asukkaiden suosikki&#8221;koti&#8221;. Nahat\u00e9n omistaa nimist\u00e4 p\u00e4\u00e4tellen ven\u00e4l\u00e4isl\u00e4ht\u00f6inen kaksikko, ja ravintolan omilla Instagram-sivuilla ei n\u00e4hd\u00e4k\u00e4\u00e4n esittelyj\u00e4 ravintolan tiloista, vaan parikymppisten seurapiirityylisten naisten selfieit\u00e4. Heist\u00e4kin huomattavalla osalla varsin slaavilainen nimi.<\/p>\n<p>        <a itemprop=\"url\" href=\"https:\/\/www.seiska.fi\/kotimaa\/martina-aitolehti-hehkuttaa-perhekuvien-kanssa-espanjasta-tasapaino-on-avainasemassa\/1202833\" rel=\"nofollow noopener\" target=\"_blank\"><\/p>\n<p class=\"section-date\">\n        <strong class=\"article-section\" data-section=\"kotimaa\"><br \/>\n            kotimaa<br \/>\n        <\/strong><br \/>\n        27.11.2023 17:00\n    <\/p>\n<p>Martina Aitolehti hehkuttaa perhekuvien kanssa Espanjasta: &#8221;Tasapaino on avainasemassa&#8221;\n    <\/p>\n<p itemprop=\"description\" class=\"subtitle \">\n    Martina Aitolehti vietti aikaa Espanjassa perheens\u00e4 kanssa.\n<\/p>\n<p>        <\/a><\/p>\n","protected":false},"excerpt":{"rendered":"ATTE KAJOVA Vaikka Martinan vuositulot ovat reilusti yli 130 000 euroa, ei liika yl\u00e4pilviss\u00e4 liit\u00e4minen tunnu h\u00e4nest\u00e4 omalta.&hellip;\n","protected":false},"author":2,"featured_media":93631,"comment_status":"","ping_status":"","sticky":false,"template":"","format":"standard","meta":{"footnotes":""},"categories":[136],"tags":[407,6828,137,33,18486,31,30,408,18485,6392,6383,15832,2878,1478,5889,18487,3126,32,109],"class_list":{"0":"post-93630","1":"post","2":"type-post","3":"status-publish","4":"format-standard","5":"has-post-thumbnail","7":"category-julkkikset","8":"tag-celebrities","9":"tag-dubai","10":"tag-entertainment","11":"tag-fi","12":"tag-fine-dining","13":"tag-finland","14":"tag-finnish","15":"tag-julkkikset","16":"tag-kuuma-kuva","17":"tag-kuumat-kuvat","18":"tag-kuvat","19":"tag-luksuselama","20":"tag-martina-aitolehti","21":"tag-matkailu","22":"tag-paljasta-pintaa","23":"tag-pikkutuhma","24":"tag-ravintola","25":"tag-suomi","26":"tag-viihde"},"share_on_mastodon":{"url":"https:\/\/pubeurope.com\/@fi\/115571774150166222","error":""},"_links":{"self":[{"href":"https:\/\/www.europesays.com\/fi\/wp-json\/wp\/v2\/posts\/93630","targetHints":{"allow":["GET"]}}],"collection":[{"href":"https:\/\/www.europesays.com\/fi\/wp-json\/wp\/v2\/posts"}],"about":[{"href":"https:\/\/www.europesays.com\/fi\/wp-json\/wp\/v2\/types\/post"}],"author":[{"embeddable":true,"href":"https:\/\/www.europesays.com\/fi\/wp-json\/wp\/v2\/users\/2"}],"replies":[{"embeddable":true,"href":"https:\/\/www.europesays.com\/fi\/wp-json\/wp\/v2\/comments?post=93630"}],"version-history":[{"count":0,"href":"https:\/\/www.europesays.com\/fi\/wp-json\/wp\/v2\/posts\/93630\/revisions"}],"wp:featuredmedia":[{"embeddable":true,"href":"https:\/\/www.europesays.com\/fi\/wp-json\/wp\/v2\/media\/93631"}],"wp:attachment":[{"href":"https:\/\/www.europesays.com\/fi\/wp-json\/wp\/v2\/media?parent=93630"}],"wp:term":[{"taxonomy":"category","embeddable":true,"href":"https:\/\/www.europesays.com\/fi\/wp-json\/wp\/v2\/categories?post=93630"},{"taxonomy":"post_tag","embeddable":true,"href":"https:\/\/www.europesays.com\/fi\/wp-json\/wp\/v2\/tags?post=93630"}],"curies":[{"name":"wp","href":"https:\/\/api.w.org\/{rel}","templated":true}]}}