{"id":93634,"date":"2025-11-18T17:08:07","date_gmt":"2025-11-18T17:08:07","guid":{"rendered":"https:\/\/www.europesays.com\/fi\/93634\/"},"modified":"2025-11-18T17:08:07","modified_gmt":"2025-11-18T17:08:07","slug":"haluatko-sara-siepille-toihin-como-fi","status":"publish","type":"post","link":"https:\/\/www.europesays.com\/fi\/93634\/","title":{"rendered":"Haluatko Sara Siepille t\u00f6ihin? &#8211; Como.fi"},"content":{"rendered":"<p>Sara Sieppi kertoo Insta-tarinoissaan etsiv\u00e4ns\u00e4 ty\u00f6ntekij\u00e4\u00e4.<\/p>\n<p>Homman voi hoitaa kuulemma l\u00e4ht\u00f6kohtaisesti vaikka perustamalla oman toiminimen, eli ulkoistettuna palveluna. Aiemmin hommassa on n\u00e4hty Saran oma Alisa-sisko, johon v\u00e4lit kuitenkin meniv\u00e4t katkolle, ja sitten Alisa \u2013 toimittuaan jonkin aikaa isolla levy-yhti\u00f6ll\u00e4kin t\u00f6iss\u00e4 \u2013 palasi takaisin Lappiin, luonnon rauhaan.<\/p>\n<p>Kyse on siis oikean k\u00e4den hommasta \u2013 assistentin \u201dvirasta\u201d.<\/p>\n<p>Pit\u00e4\u00e4 hoitaa somea ja osata editoida<\/p>\n<p>Sara kertoo kaipaavansa assariksi joka paikan jantusta eli h\u00f6yl\u00e4\u00e4, jonka vahvuuksiin tulee kuulua somevideoiden h\u00e4ndl\u00e4\u00e4minen: kuvaaminen ja editointi.<\/p>\n<p>Lue my\u00f6s: <a href=\"https:\/\/www.como.fi\/uutiset\/podcast-sieppi-antoi-pyry-soirille-lahtopassit-kodissaan\/\" title=\"Podcast: Sieppi antoi Pyry Soirille l\u00e4ht\u00f6passit kodissaan\" class=\"underline-custom !font-montserrat !font-bold !underline-offset-4 !decoration-4 !decoration-red-600 !text-md\" rel=\"nofollow noopener\" target=\"_blank\">Podcast: Sieppi antoi Pyry Soirille l\u00e4ht\u00f6passit kodissaan<\/a><\/p>\n<p>Lue my\u00f6s: <a href=\"https:\/\/www.como.fi\/uutiset\/sara-sieppi-avoimena-raskausaika-ei-ole-ollut-helppo\/\" title=\"Sara Sieppi avoimena: raskausaika ei ole ollut helppo\" class=\"underline-custom !font-montserrat !font-bold !underline-offset-4 !decoration-4 !decoration-red-600 !text-md\" rel=\"nofollow noopener\" target=\"_blank\">Sara Sieppi avoimena: raskausaika ei ole ollut helppo<\/a><\/p>\n<p>Ty\u00f6 on joustavaa, mutta Helsingiss\u00e4 tulisi asua, koska my\u00f6s Sara asuu p\u00e4\u00e4kaupungissa.<\/p>\n<p>Sara ei halua maksella ty\u00f6ntekij\u00e4n sivukuluja \u2013 siksi toiminimell\u00e4 toimiminen olisi ehto.<\/p>\n<p>Lue my\u00f6s: <a href=\"https:\/\/www.como.fi\/tilaa-comon-uutiskirje\/\" title=\"Tilaa Comon uutiskirje ja tied\u00e4t mist\u00e4 kahvitauolla puhutaan! Nappaa kotimaan tv-vinkit ja puheenaiheet suoraan s\u00e4hk\u00f6postiin t\u00e4st\u00e4.\" class=\"underline-custom !font-montserrat !font-bold !underline-offset-4 !decoration-4 !decoration-red-600 !text-md\" rel=\"nofollow noopener\" target=\"_blank\">Tilaa Comon uutiskirje ja tied\u00e4t mist\u00e4 kahvitauolla puhutaan! Nappaa kotimaan tv-vinkit ja puheenaiheet suoraan s\u00e4hk\u00f6postiin t\u00e4st\u00e4.<\/a><\/p>\n","protected":false},"excerpt":{"rendered":"Sara Sieppi kertoo Insta-tarinoissaan etsiv\u00e4ns\u00e4 ty\u00f6ntekij\u00e4\u00e4. Homman voi hoitaa kuulemma l\u00e4ht\u00f6kohtaisesti vaikka perustamalla oman toiminimen, eli ulkoistettuna palveluna.&hellip;\n","protected":false},"author":2,"featured_media":93635,"comment_status":"","ping_status":"","sticky":false,"template":"","format":"standard","meta":{"footnotes":""},"categories":[130],"tags":[137,33,31,30,3423,32,109],"class_list":{"0":"post-93634","1":"post","2":"type-post","3":"status-publish","4":"format-standard","5":"has-post-thumbnail","7":"category-viihde","8":"tag-entertainment","9":"tag-fi","10":"tag-finland","11":"tag-finnish","12":"tag-sara-sieppi","13":"tag-suomi","14":"tag-viihde"},"share_on_mastodon":{"url":"https:\/\/pubeurope.com\/@fi\/115571805627609797","error":""},"_links":{"self":[{"href":"https:\/\/www.europesays.com\/fi\/wp-json\/wp\/v2\/posts\/93634","targetHints":{"allow":["GET"]}}],"collection":[{"href":"https:\/\/www.europesays.com\/fi\/wp-json\/wp\/v2\/posts"}],"about":[{"href":"https:\/\/www.europesays.com\/fi\/wp-json\/wp\/v2\/types\/post"}],"author":[{"embeddable":true,"href":"https:\/\/www.europesays.com\/fi\/wp-json\/wp\/v2\/users\/2"}],"replies":[{"embeddable":true,"href":"https:\/\/www.europesays.com\/fi\/wp-json\/wp\/v2\/comments?post=93634"}],"version-history":[{"count":0,"href":"https:\/\/www.europesays.com\/fi\/wp-json\/wp\/v2\/posts\/93634\/revisions"}],"wp:featuredmedia":[{"embeddable":true,"href":"https:\/\/www.europesays.com\/fi\/wp-json\/wp\/v2\/media\/93635"}],"wp:attachment":[{"href":"https:\/\/www.europesays.com\/fi\/wp-json\/wp\/v2\/media?parent=93634"}],"wp:term":[{"taxonomy":"category","embeddable":true,"href":"https:\/\/www.europesays.com\/fi\/wp-json\/wp\/v2\/categories?post=93634"},{"taxonomy":"post_tag","embeddable":true,"href":"https:\/\/www.europesays.com\/fi\/wp-json\/wp\/v2\/tags?post=93634"}],"curies":[{"name":"wp","href":"https:\/\/api.w.org\/{rel}","templated":true}]}}