{"id":93650,"date":"2025-11-18T17:29:11","date_gmt":"2025-11-18T17:29:11","guid":{"rendered":"https:\/\/www.europesays.com\/fi\/93650\/"},"modified":"2025-11-18T17:29:11","modified_gmt":"2025-11-18T17:29:11","slug":"topi-ja-sointu-borg-saivat-oman-tv-ohjelman-ylelta","status":"publish","type":"post","link":"https:\/\/www.europesays.com\/fi\/93650\/","title":{"rendered":"Topi ja Sointu Borg saivat oman tv-ohjelman Ylelt\u00e4"},"content":{"rendered":"<p>Topi Borg ja Sointu Borg t\u00e4hditt\u00e4v\u00e4t Ylen uutta realitysarjaa.<\/p>\n<p><img decoding=\"async\" class=\"image image-show image-preview\" src=\"https:\/\/www.europesays.com\/fi\/wp-content\/uploads\/2025\/11\/9183e96df433e2090ecda5cc114b789e19a24c81bff0f46b5ce64e3ebdb41713.jpg\" alt=\"\"\/><img decoding=\"async\" class=\"image image-show\" src=\"https:\/\/www.europesays.com\/fi\/wp-content\/uploads\/2025\/11\/1763486951_350_9183e96df433e2090ecda5cc114b789e19a24c81bff0f46b5ce64e3ebdb41713.jpg\" alt=\"\"\/><\/p>\n<p>Sisarukset Sointu Borg ja Topi Borg saavat oman ohjelman. Atte Kajova<\/p>\n<p class=\"paragraph\">Mediapersoona ja yritt\u00e4j\u00e4 <strong>Sointu Borg<\/strong> sek\u00e4 h\u00e4nen veljens\u00e4 <strong>Topi Borg<\/strong> saavat oman ohjelman. Tosi-tv-sarja kantaa nime\u00e4 Topi ja Sointu lomalla.<\/p>\n<p class=\"paragraph\">\u2013 Mit\u00e4 matkailusta pit\u00e4isi ajatella 2026? T\u00e4t\u00e4 pohditaan heti tammikuun alussa! Borg kirjoittaa ohjelmasta <a href=\"https:\/\/www.instagram.com\/p\/DRMUWG_iJUI\/\" target=\"_blank\" rel=\"noopener nofollow\">Instagram<\/a>-julkaisussaan.<\/p>\n<p class=\"paragraph\">Ohjelmassa sisarukset reissaavat Espanjan saarelle Gran Canarialle, joka on yksi suomalaisten suosikkilomakohteista. Sointu kaipaa kiihke\u00e4sti lomaa ja haluaa samalla selvitt\u00e4\u00e4, mik\u00e4 kyseisess\u00e4 saaressa vieh\u00e4tt\u00e4\u00e4 suomalaisia.<\/p>\n<p class=\"paragraph\">Topi puolestaan ei kaipaa lomaa, vaan haluaa kokeilla, miten suuri osa suomalaisista rentoutuu. Sisarusten tutkimusmatka pakottaa heid\u00e4t kokemisen kautta pohtimaan turismiin liittyvi\u00e4 dilemmoja. Parivaljakon havainnoista ei puutu suorasanaisuutta.<\/p>\n<p>Ylen uudessa ohjelmassa Borgit seikkailevat Gran Canarialla. Pasi Rytk\u00f6nen ja Ville Vase, Yle<\/p>\n<p class=\"paragraph\">Hiljattain Topi ilmoitti Soinnun Instagram-tarinoissa, ett\u00e4 h\u00e4n on <a href=\"https:\/\/www.iltalehti.fi\/viihdeuutiset\/c9f5b47d-b7fa-4ac4-8703-bbf98d5dd83b\" rel=\"nofollow noopener\" target=\"_blank\">ostanut asunnon<\/a>.<\/p>\n<p class=\"paragraph\">\u2013 T\u00e4n\u00e4\u00e4n on tupaantuliaiset uuteen asuntooni, jonka olen viimeinkin pystynyt saamaan lainan kautta. Ei vuokraa en\u00e4\u00e4, Topi kertoi p\u00e4ivityksen videolla.<\/p>\n<p class=\"paragraph\">Marraskuun alussa Topi kertoi Yhteishyv\u00e4n haastattelussa saaneensa <a href=\"https:\/\/www.iltalehti.fi\/viihdeuutiset\/908cdaa9-8d61-4af8-ac6c-94b39215a6b9\" rel=\"nofollow noopener\" target=\"_blank\">vakituisen ty\u00f6paikan<\/a> tamperelaisessa ruokakaupassa.<\/p>\n<p class=\"paragraph\">Topi tuli tunnetuksi Ylen Kirjolla-sarjan kahdelta ensimm\u00e4iselt\u00e4 kaudelta. Sarjassa seurataan autismin kirjolla olevia suomalaisnuoria. Topi on kertonut el\u00e4m\u00e4st\u00e4\u00e4n my\u00f6s aiemmin t\u00e4n\u00e4 vuonna julkaistussa el\u00e4m\u00e4kerrallisessa teoksessaan Normaaliusrodeo.<\/p>\n<p class=\"paragraph\">Sointu puolestaan tuli tunnetuksi voitettuaan Diili-kilpailuohjelman vuonna 2021. Sittemmin h\u00e4net on n\u00e4hty muun muassa Tanssii t\u00e4htien kanssa -ohjelmassa kilpailijana sek\u00e4 juontajana Sointu Borg &amp; Tyrkyt -sarjassa.<\/p>\n<p><script async src=\"\/\/www.instagram.com\/embed.js\"><\/script><\/p>\n","protected":false},"excerpt":{"rendered":"Topi Borg ja Sointu Borg t\u00e4hditt\u00e4v\u00e4t Ylen uutta realitysarjaa. Sisarukset Sointu Borg ja Topi Borg saavat oman ohjelman.&hellip;\n","protected":false},"author":2,"featured_media":93651,"comment_status":"","ping_status":"","sticky":false,"template":"","format":"standard","meta":{"footnotes":""},"categories":[133],"tags":[35,137,33,31,30,979,32,206,2140,140,139,2581,156,109],"class_list":{"0":"post-93650","1":"post","2":"type-post","3":"status-publish","4":"format-standard","5":"has-post-thumbnail","7":"category-televisiot","8":"tag-24h","9":"tag-entertainment","10":"tag-fi","11":"tag-finland","12":"tag-finnish","13":"tag-sahkoinen-media","14":"tag-suomi","15":"tag-televisiot","16":"tag-tosi-tv-ohjelmat","17":"tag-tv-ja-elokuvat","18":"tag-tv-ohjelmat","19":"tag-tv-2010-luku","20":"tag-tv","21":"tag-viihde"},"share_on_mastodon":{"url":"https:\/\/pubeurope.com\/@fi\/115571889050202047","error":""},"_links":{"self":[{"href":"https:\/\/www.europesays.com\/fi\/wp-json\/wp\/v2\/posts\/93650","targetHints":{"allow":["GET"]}}],"collection":[{"href":"https:\/\/www.europesays.com\/fi\/wp-json\/wp\/v2\/posts"}],"about":[{"href":"https:\/\/www.europesays.com\/fi\/wp-json\/wp\/v2\/types\/post"}],"author":[{"embeddable":true,"href":"https:\/\/www.europesays.com\/fi\/wp-json\/wp\/v2\/users\/2"}],"replies":[{"embeddable":true,"href":"https:\/\/www.europesays.com\/fi\/wp-json\/wp\/v2\/comments?post=93650"}],"version-history":[{"count":0,"href":"https:\/\/www.europesays.com\/fi\/wp-json\/wp\/v2\/posts\/93650\/revisions"}],"wp:featuredmedia":[{"embeddable":true,"href":"https:\/\/www.europesays.com\/fi\/wp-json\/wp\/v2\/media\/93651"}],"wp:attachment":[{"href":"https:\/\/www.europesays.com\/fi\/wp-json\/wp\/v2\/media?parent=93650"}],"wp:term":[{"taxonomy":"category","embeddable":true,"href":"https:\/\/www.europesays.com\/fi\/wp-json\/wp\/v2\/categories?post=93650"},{"taxonomy":"post_tag","embeddable":true,"href":"https:\/\/www.europesays.com\/fi\/wp-json\/wp\/v2\/tags?post=93650"}],"curies":[{"name":"wp","href":"https:\/\/api.w.org\/{rel}","templated":true}]}}