{"id":93654,"date":"2025-11-18T17:33:13","date_gmt":"2025-11-18T17:33:13","guid":{"rendered":"https:\/\/www.europesays.com\/fi\/93654\/"},"modified":"2025-11-18T17:33:13","modified_gmt":"2025-11-18T17:33:13","slug":"13-vuotias-nostaa-maasta-160-kiloa-bull-mentulalta-suorat-sanat","status":"publish","type":"post","link":"https:\/\/www.europesays.com\/fi\/93654\/","title":{"rendered":"13-vuotias nostaa maasta 160 kiloa \u2013 Bull Mentulalta suorat sanat"},"content":{"rendered":"<p>Bull Mentula kommentoi Eddie Hallin pojan hurjaa maastavetoa.<\/p>\n<p><img decoding=\"async\" class=\"image image-show image-preview\" src=\"https:\/\/www.europesays.com\/fi\/wp-content\/uploads\/2025\/11\/c3441b81ab8ef2dbc598fb99b08c2292c2c8ea79d47186bbb3430f88e61811c7.jpg\" alt=\"\"\/><img decoding=\"async\" class=\"image image-show\" src=\"https:\/\/www.europesays.com\/fi\/wp-content\/uploads\/2025\/11\/1763487193_990_c3441b81ab8ef2dbc598fb99b08c2292c2c8ea79d47186bbb3430f88e61811c7.jpg\" alt=\"\"\/><\/p>\n<p>Jari Bull Mentula kommentoi Eddie Hallin pojan nostamista. Veera Kasila<\/p>\n<p class=\"paragraph\">Maailman vahvimmaksi mieheksi vuonna 2017 kruunattu <strong>Eddie Hall<\/strong> jakoi sosiaalisessa mediassa videon 13-vuotiaasta pojastaan <strong>Maximus Hallista<\/strong>, joka <a href=\"https:\/\/www.iltalehti.fi\/fitnessvoimailu\/94774d89-7e8e-4360-8525-6d7ec13f3088\" rel=\"nofollow noopener\" target=\"_blank\">repii maasta 160 kiloa<\/a>.<\/p>\n<p class=\"paragraph\">Poika on 183 sentti\u00e4 pitk\u00e4 ja painaa 101 kiloa. Monet ovat ihmetelleet ja pohtineet, onko n\u00e4in isoilla painoilla harjoittelu turvallista viel\u00e4 kasvuvaiheessa olevan nuoren keholle.<\/p>\n<p class=\"paragraph\">Kehonrakennuslegenda <strong>Jari \u201dBull\u201d Mentula<\/strong> arvioi tilannetta maltilla ja huomauttaa, ett\u00e4 suhteutettuna Maximuksen kokoon ja pituuteen kyseinen paino ei ole poikkeuksellisen suuri.<\/p>\n<p class=\"paragraph\">\u2013 Ei se nyt siihen painoon ja pituuteen n\u00e4hden ole edes iso rauta. Suhteutettuna siihen, h\u00e4n tuntuu olevan aikamoinen j\u00f6llikk\u00e4 tuossa i\u00e4ss\u00e4 jo, Mentula sanoo.<\/p>\n<p class=\"paragraph\">Mentula pohtii my\u00f6s harjoittelun tarpeellisuutta ja turvallisuutta kasvuvaiheessa oleville nuorille.<\/p>\n<p class=\"paragraph\">\u2013 Onko se tarpeen? Onko siin\u00e4 mit\u00e4\u00e4n j\u00e4rke\u00e4? Onko se oikeasti tarpeellista? Mutta toisaalta, kyll\u00e4 monia muitakin asioita tehd\u00e4\u00e4n tuossa i\u00e4ss\u00e4, h\u00e4n sanoo.<\/p>\n<p class=\"paragraph\">Mentula my\u00f6nt\u00e4\u00e4, ettei ole n\u00e4hnyt pojan nostotekniikkaa, mutta korostaa tekniikan merkityst\u00e4.<\/p>\n<p class=\"paragraph\">\u2013 Jos tekniikat on opeteltu kunnolla, miksi ei? Painonnostossa harjoitellaan tekniikoita ja nostetaan painoja jo hyvin nuorena.<\/p>\n<p class=\"paragraph\">Mentula muistuttaa, ett\u00e4 huonolla tekniikalla nostaminen voi vahingoittaa selk\u00e4\u00e4 riippumatta i\u00e4st\u00e4.<\/p>\n<p class=\"paragraph\">\u2013 Jos vet\u00e4\u00e4 maasta huonolla tekniikalla, niin oli sitten nuori tai vanha, se voi yht\u00e4 lailla vahingoittaa selk\u00e4\u00e4. Mutta onko siin\u00e4 j\u00e4rke\u00e4\u2026 siihen en ota kantaa. H\u00e4n tekee nyt mit\u00e4 haluaa, ja jos harjoittelee is\u00e4ns\u00e4 kanssa, niin kai is\u00e4 tiet\u00e4\u00e4, mit\u00e4 poika tekee.<\/p>\n","protected":false},"excerpt":{"rendered":"Bull Mentula kommentoi Eddie Hallin pojan hurjaa maastavetoa. Jari Bull Mentula kommentoi Eddie Hallin pojan nostamista. Veera Kasila&hellip;\n","protected":false},"author":2,"featured_media":93655,"comment_status":"","ping_status":"","sticky":false,"template":"","format":"standard","meta":{"footnotes":""},"categories":[158],"tags":[35,33,31,30,101,99,100,41,98,159,32,160],"class_list":{"0":"post-93654","1":"post","2":"type-post","3":"status-publish","4":"format-standard","5":"has-post-thumbnail","7":"category-urheilu","8":"tag-24h","9":"tag-fi","10":"tag-finland","11":"tag-finnish","12":"tag-ihmissuhteet","13":"tag-lapset","14":"tag-lapset-ja-nuoret","15":"tag-liikunta-ja-urheilu","16":"tag-perhe","17":"tag-sports","18":"tag-suomi","19":"tag-urheilu"},"share_on_mastodon":{"url":"https:\/\/pubeurope.com\/@fi\/115571904141435200","error":""},"_links":{"self":[{"href":"https:\/\/www.europesays.com\/fi\/wp-json\/wp\/v2\/posts\/93654","targetHints":{"allow":["GET"]}}],"collection":[{"href":"https:\/\/www.europesays.com\/fi\/wp-json\/wp\/v2\/posts"}],"about":[{"href":"https:\/\/www.europesays.com\/fi\/wp-json\/wp\/v2\/types\/post"}],"author":[{"embeddable":true,"href":"https:\/\/www.europesays.com\/fi\/wp-json\/wp\/v2\/users\/2"}],"replies":[{"embeddable":true,"href":"https:\/\/www.europesays.com\/fi\/wp-json\/wp\/v2\/comments?post=93654"}],"version-history":[{"count":0,"href":"https:\/\/www.europesays.com\/fi\/wp-json\/wp\/v2\/posts\/93654\/revisions"}],"wp:featuredmedia":[{"embeddable":true,"href":"https:\/\/www.europesays.com\/fi\/wp-json\/wp\/v2\/media\/93655"}],"wp:attachment":[{"href":"https:\/\/www.europesays.com\/fi\/wp-json\/wp\/v2\/media?parent=93654"}],"wp:term":[{"taxonomy":"category","embeddable":true,"href":"https:\/\/www.europesays.com\/fi\/wp-json\/wp\/v2\/categories?post=93654"},{"taxonomy":"post_tag","embeddable":true,"href":"https:\/\/www.europesays.com\/fi\/wp-json\/wp\/v2\/tags?post=93654"}],"curies":[{"name":"wp","href":"https:\/\/api.w.org\/{rel}","templated":true}]}}