{"id":93688,"date":"2025-11-18T18:16:10","date_gmt":"2025-11-18T18:16:10","guid":{"rendered":"https:\/\/www.europesays.com\/fi\/93688\/"},"modified":"2025-11-18T18:16:10","modified_gmt":"2025-11-18T18:16:10","slug":"ilmakehan-ja-avaruuden-rajalla-on-lahes-tuntematon-alue-pian-sita-voi-tutkia-leijuva-minilaite","status":"publish","type":"post","link":"https:\/\/www.europesays.com\/fi\/93688\/","title":{"rendered":"Ilmakeh\u00e4n ja avaruuden rajalla on l\u00e4hes tuntematon alue \u2013 Pian sit\u00e4 voi tutkia leijuva minilaite"},"content":{"rendered":"<p>Avaruusfysiikka|Minilaitetta voisi k\u00e4ytt\u00e4\u00e4 tiedonsiirtoon. Viive olisi satelliittia pienempi, koska laite leijuu ignorosf\u00e4\u00e4riss\u00e4 l\u00e4hemp\u00e4n\u00e4 maanpintaa.<\/p>\n<p>Lue tiivistelm\u00e4<\/p>\n<p>Tiivistelm\u00e4 on teko\u00e4lyn tekem\u00e4 ja ihmisen tarkistama.<\/p>\n<p class=\"article-body mb-nof-24 px-nof-16 sndp-summary-bullet-point-font\">Tutkijat ovat kehitt\u00e4neet pienen laitteen tutkimaan Maan ilmakeh\u00e4n v\u00e4h\u00e4n tunnettua ignorosf\u00e4\u00e4ri\u00e4.<\/p>\n<p class=\"article-body mb-nof-24 px-nof-16 sndp-summary-bullet-point-font\">Harvardin yliopiston Ben Schaferin johtama ryhm\u00e4 esitteli Nature-lehdess\u00e4 laitteen, joka leijuu auringonvalon voimalla.<\/p>\n<p class=\"article-body mb-nof-24 px-nof-16 sndp-summary-bullet-point-font\">Laite voisi kuljettaa mittausv\u00e4lineit\u00e4 tai sit\u00e4 voitaisiin k\u00e4ytt\u00e4\u00e4 viestint\u00e4\u00e4n.<\/p>\n<p class=\"article-body mb-nof-24 px-nof-16 sndp-summary-bullet-point-font\">Helsingin yliopiston professori Minna Palmroth korostaa, ett\u00e4 tutkittavaa olisi etenkin ignorosf\u00e4\u00e4rin yl\u00e4osassa.<\/p>\n<p class=\"article-body mb-nof-24 px-nof-16\">Maapallon ilmakeh\u00e4st\u00e4 l\u00f6ytyy alue, joka on ihmiselle miltei tuntematon. Nyt tutkijat ovat kehitt\u00e4neet mittalaitteiston, jolla t\u00e4t\u00e4 ignorosf\u00e4\u00e4riksi nimetty\u00e4 paikkaa voisia tutkia.<\/p>\n<p class=\"article-body mb-nof-24 px-nof-16\">Viralliselta nimelt\u00e4\u00e4n alue on ionosf\u00e4\u00e4ri\u2013termosf\u00e4\u00e4ri, ja se ulottuu 80 kilometrist\u00e4 noin 600 kilometrin korkeuteen, siis ilmakeh\u00e4n ja ulkoavaruuden rajalle.<\/p>\n<p class=\"article-body mb-nof-24 px-nof-16\">Se on liian korkealla tutkille ja s\u00e4\u00e4havaintopalloille sek\u00e4 toisaalta liian matalalla satelliiteille. Happea on niin paljon, ett\u00e4 satelliitit syttyv\u00e4t siell\u00e4 palamaan.<\/p>\n<p class=\"article-body mb-nof-24 px-nof-16\">Harvardin yliopiston <a class=\"article-personlink\" href=\"https:\/\/www.hs.fi\/haku\/?query=Ben%20Schafer\" rel=\"nofollow noopener\" target=\"_blank\">Ben Schafer <\/a>kollegoineen <a class=\"article-genericlink\" href=\"https:\/\/www.nature.com\/articles\/s41586-025-09281-8\" rel=\"nofollow noopener\" target=\"_blank\">esitteli<\/a> hiljattain Nature-lehdess\u00e4 h\u00f6yhenenkevyen laitteen, joka voisi kuljettaa mittausv\u00e4lineit\u00e4 t\u00e4lle v\u00e4h\u00e4n tutkitulle ilmakeh\u00e4n alueelle.<\/p>\n<p class=\"article-body mb-nof-24 px-nof-16\">Laite hy\u00f6dynt\u00e4\u00e4 fotoforeesiksi kutsuttua ilmi\u00f6t\u00e4. Kun kaasuhiukkasia l\u00e4mmitet\u00e4\u00e4n valolla, ne alkavat liikkua. Hiukkaset kimpoavat voimakkaammin esineen kuumalta puolelta, mik\u00e4 luo jatkuvan liikem\u00e4\u00e4r\u00e4n ja nostovoiman.<\/p>\n<p class=\"article-body mb-nof-24 px-nof-16\">Laite siis leijuisi ilmassa pelk\u00e4n auringonvalon voimalla. Ilmi\u00f6 toimii vain voimakkaassa matalapaineessa, mutta juuri sellainen l\u00f6ytyy yl\u00e4ilmakeh\u00e4st\u00e4.<\/p>\n<p class=\"article-body mb-nof-24 px-nof-16\">Ensimm\u00e4ist\u00e4 kertaa ilmi\u00f6 havaittiin jo 150 vuotta sitten, mutta sille ei ole juuri l\u00f6ytynyt sovelluksia.<\/p>\n<p class=\"article-body mb-nof-24 px-nof-16\">Nyt Schafer ryhmineen rakensi senttimetrin levyisen laitteen, joka koostuu kahdesta rei\u2019itetyst\u00e4 alumiinioksidilevyst\u00e4. Laitteen alapintaan lis\u00e4ttiin kerros kromia, jotta se imisi enemm\u00e4n auringonvaloa. Kun laitteeseen osuu auringonvaloa, l\u00e4mp\u00f6tilaero yl\u00e4- ja alapinnan v\u00e4lill\u00e4 aiheuttaa nostovoiman, joka ylitt\u00e4\u00e4 laitteen painon.<\/p>\n<p class=\"article-body mb-nof-24 px-nof-16\">Tutkijat testasivat laitettaan laboratoriossa matalapainekammiossa, johon he loivat yl\u00e4ilmakeh\u00e4\u00e4 vastaavat olosuhteet. Laitetta valaistiin valom\u00e4\u00e4r\u00e4ll\u00e4, joka vastaa auringonvaloa 60 kilometrin korkeudessa. Valo sai laitteen hetkellisesti leijumaan.<\/p>\n<p class=\"article-body mb-nof-24 px-nof-16\">Ongelmana on, ett\u00e4 laitteen t\u00e4ytyy olla leijuakseen hyvin kevyt. Tutkijat laskivat, ett\u00e4 yl\u00e4ilmakeh\u00e4ss\u00e4 se jaksaisi nostaa korkeintaan kymmenen milligramman kuorman \u2013 siis parin hiekanjyv\u00e4n painon. Se olisi kuitenkin riitt\u00e4v\u00e4sti pikkuruiselle aurinkokennolle ja antureille, jotka mittaavat tuulennopeutta, ilmanpainetta ja l\u00e4mp\u00f6tilaa.<\/p>\n<p class=\"article-body mb-nof-24 px-nof-16\">Auringon laskettua laite voisi pysy\u00e4 ilmassa hy\u00f6dynt\u00e4m\u00e4ll\u00e4 maanpinnasta s\u00e4teilev\u00e4\u00e4 l\u00e4mp\u00f6\u00e4.<\/p>\n<p class=\"article-body mb-nof-24 px-nof-16\">Vaihtoehtoisesti laitetta voisi k\u00e4ytt\u00e4\u00e4 viestint\u00e4\u00e4n. Radioantenneilla varustetut laitteet muodostaisivat kelluvan verkoston, jonka tiedonsiirtokapasiteetti vet\u00e4\u00e4 vertoja pienelle satelliitille. Viive olisi pienempi, koska laitteet leijuvat l\u00e4hemp\u00e4n\u00e4 maanpintaa.<\/p>\n<p class=\"article-body mb-nof-24 px-nof-16\">My\u00f6hemmin laitteita voisi l\u00e4hett\u00e4\u00e4 jopa Marsiin asti. Maan yl\u00e4ilmakeh\u00e4 muistuttaa monin tavoin Marsin kaasukeh\u00e4\u00e4, ja pienten laitteiden l\u00e4hett\u00e4minen avaruuteen on huomattavasti perinteisi\u00e4 luotaimia halvempaa.<\/p>\n<p class=\"article-body mb-nof-24 px-nof-16\">Leijuvat laitteet ovat tekniikaltaan kiinnostavia, mutta ne eiv\u00e4t yksin poista ignorosf\u00e4\u00e4rin tutkimukseen liittyvi\u00e4 ongelmia, sanoo Helsingin yliopiston avaruusfysiikan professori <a class=\"article-personlink\" href=\"https:\/\/www.hs.fi\/haku\/?query=Minna%20Palmroth\" rel=\"nofollow noopener\" target=\"_blank\">Minna Palmroth<\/a>.<\/p>\n<p class=\"article-body mb-nof-24 px-nof-16\">Laitteet on suunniteltu noin 80 kilometrin korkeuteen, mutta tutkittavaa olisi etenkin ignorosf\u00e4\u00e4rin yl\u00e4osassa, jossa ilmakeh\u00e4 ja avaruus vaikuttavat toisiinsa voimakkaimmin.<\/p>\n<p class=\"article-body mb-nof-24 px-nof-16\">L\u00e4mp\u00f6tila, paine ja hiukkasten tiheys muuttuvat \u00e4kisti, kun siirryt\u00e4\u00e4n ilmakeh\u00e4st\u00e4 avaruuden tyhji\u00f6\u00f6n. T\u00e4ss\u00e4 rajamaastossa kulkee my\u00f6s suuria s\u00e4hk\u00f6virtoja, jotka kuumentavat ilmakeh\u00e4\u00e4 ja nostavat sit\u00e4 yl\u00f6sp\u00e4in kiertoradalle. Ilmi\u00f6t\u00e4 kutsutaan Joulen l\u00e4mmitykseksi.<\/p>\n<p class=\"article-body mb-nof-24 px-nof-16\">\u201dKuumeneminen vaikuttaa matalan kiertoradan satelliitteihin, jotka voivat lis\u00e4\u00e4ntyneen kitkan vuoksi menett\u00e4\u00e4 korkeuttaan. Koska Joulen l\u00e4mmityst\u00e4 ei tunneta, tilanteet tapahtuvat t\u00e4ysin odottamatta. Viimeksi n\u00e4in k\u00e4vi vuonna 2022, kun 38 satelliittia putosi yht\u00e4kki\u00e4 ilmakeh\u00e4\u00e4n\u201d, Palmroth kertoo.<\/p>\n<p class=\"article-body mb-nof-24 px-nof-16\">L\u00e4hivuosina ignorosf\u00e4\u00e4rin merkitys kasvaa entisest\u00e4\u00e4n. Satelliitit pit\u00e4isi saada tehokkaammin alas radoiltaan, jotta ne eiv\u00e4t j\u00e4isi sinne kerrytt\u00e4m\u00e4\u00e4n avaruusromua. Ignorosf\u00e4\u00e4riss\u00e4 kitka siivoaa satelliitteja itsest\u00e4\u00e4n, mutta toisaalta niiden elinik\u00e4 voi j\u00e4\u00e4d\u00e4 arvaamattomalla alueella liiankin lyhyeksi.<\/p>\n<p class=\"article-body mb-nof-24 px-nof-16\">\u201dJos maapallolla on jokin alue, jota emme viel\u00e4 tunne, sit\u00e4 pit\u00e4isi mielest\u00e4ni tutkia. Emme voi j\u00e4tt\u00e4\u00e4 planeetallemme kartoittamattomia alueita, etenk\u00e4\u00e4n jos haluamme tulevaisuudessa hy\u00f6dynt\u00e4\u00e4 niit\u00e4.\u201d<\/p>\n<p class=\"article-body nof-ui-body-medium mb-nof-24 px-nof-16\">Julkaistu Tiede-lehdess\u00e4 11\/2025.<\/p>\n","protected":false},"excerpt":{"rendered":"Avaruusfysiikka|Minilaitetta voisi k\u00e4ytt\u00e4\u00e4 tiedonsiirtoon. Viive olisi satelliittia pienempi, koska laite leijuu ignorosf\u00e4\u00e4riss\u00e4 l\u00e4hemp\u00e4n\u00e4 maanpintaa. Lue tiivistelm\u00e4 Tiivistelm\u00e4 on&hellip;\n","protected":false},"author":2,"featured_media":93689,"comment_status":"","ping_status":"","sticky":false,"template":"","format":"standard","meta":{"footnotes":""},"categories":[86],"tags":[420,33,31,30,46,421,32,91,92],"class_list":{"0":"post-93688","1":"post","2":"type-post","3":"status-publish","4":"format-standard","5":"has-post-thumbnail","7":"category-laitteet","8":"tag-equipment","9":"tag-fi","10":"tag-finland","11":"tag-finnish","12":"tag-helsingin-sanomat","13":"tag-laitteet","14":"tag-suomi","15":"tag-technology","16":"tag-teknologia"},"share_on_mastodon":{"url":"https:\/\/pubeurope.com\/@fi\/115572073010758255","error":""},"_links":{"self":[{"href":"https:\/\/www.europesays.com\/fi\/wp-json\/wp\/v2\/posts\/93688","targetHints":{"allow":["GET"]}}],"collection":[{"href":"https:\/\/www.europesays.com\/fi\/wp-json\/wp\/v2\/posts"}],"about":[{"href":"https:\/\/www.europesays.com\/fi\/wp-json\/wp\/v2\/types\/post"}],"author":[{"embeddable":true,"href":"https:\/\/www.europesays.com\/fi\/wp-json\/wp\/v2\/users\/2"}],"replies":[{"embeddable":true,"href":"https:\/\/www.europesays.com\/fi\/wp-json\/wp\/v2\/comments?post=93688"}],"version-history":[{"count":0,"href":"https:\/\/www.europesays.com\/fi\/wp-json\/wp\/v2\/posts\/93688\/revisions"}],"wp:featuredmedia":[{"embeddable":true,"href":"https:\/\/www.europesays.com\/fi\/wp-json\/wp\/v2\/media\/93689"}],"wp:attachment":[{"href":"https:\/\/www.europesays.com\/fi\/wp-json\/wp\/v2\/media?parent=93688"}],"wp:term":[{"taxonomy":"category","embeddable":true,"href":"https:\/\/www.europesays.com\/fi\/wp-json\/wp\/v2\/categories?post=93688"},{"taxonomy":"post_tag","embeddable":true,"href":"https:\/\/www.europesays.com\/fi\/wp-json\/wp\/v2\/tags?post=93688"}],"curies":[{"name":"wp","href":"https:\/\/api.w.org\/{rel}","templated":true}]}}