{"id":93706,"date":"2025-11-18T18:31:10","date_gmt":"2025-11-18T18:31:10","guid":{"rendered":"https:\/\/www.europesays.com\/fi\/93706\/"},"modified":"2025-11-18T18:31:10","modified_gmt":"2025-11-18T18:31:10","slug":"tuusniemen-teboil-uusi-kaanne-savo","status":"publish","type":"post","link":"https:\/\/www.europesays.com\/fi\/93706\/","title":{"rendered":"Tuusniemen Teboil: Uusi k\u00e4\u00e4nne | Savo"},"content":{"rendered":"<p>Tuusniemen Teboil ei suljekaan oviaan t\u00e4ll\u00e4 viikolla. Huoltoaseman Facebook-sivuilla kerrotaan, ett\u00e4 asema onkin avoinna joulukuun 12. p\u00e4iv\u00e4\u00e4n saakka.<\/p>\n<p>Aiemmin kerrottiin, ett\u00e4 kuluvan viikon perjantai olisi huoltoaseman viimeinen aukiolop\u00e4iv\u00e4.<\/p>\n<p>\u2013\u2009Tiedotamme lis\u00e4\u00e4, kun asiat selvi\u00e4v\u00e4t, yritt\u00e4j\u00e4 <strong>P\u00e4ivi Voutilaisen<\/strong> allekirjoittamassa julkaisussa todetaan.<\/p>\n<p>Huoltoasema jatkaa julkaisun kommenteissa, ett\u00e4 polttoaineen saatavuudesta ei ole varmuutta, mutta ainakin kahvio-ravintola toimii joulukuun 12. p\u00e4iv\u00e4\u00e4n saakka.<\/p>\n<p>Toimituksen tavoittama Voutilainen ei tiistai-iltana kommentoinut asiaa Facebook-julkaisussa kerrottua laajemmin.<\/p>\n<p><strong class=\"diks-storyline__impact\">Teboil-ketjun tilanne<\/strong> kriisiytyi lokakuussa, kun Britannia ja Yhdysvallat asettivat sen ven\u00e4l\u00e4isen emoyhti\u00f6n Lukoilin pakotelistoilleen. Savossa sijaitsevista asemista Joroisten Teboilin taustayhti\u00f6 asetettiin konkurssiin marraskuun alussa, ja Siilinj\u00e4rven Vuorelassa sijainneen Teboil Siilinhovin viimeinen aukiolop\u00e4iv\u00e4 oli t\u00e4m\u00e4n viikon maanantaina.<\/p>\n<p>Yhdysvaltain valtiovarainministeri\u00f6 my\u00f6nsi viime viikon perjantaina Lukoilin tietyille kansainv\u00e4lisille liiketoimille poikkeusluvan pakotteista. Lupa on Teboil-ketjun mukaan voimassa 13. joulukuuta saakka.<\/p>\n<p>\u2013\u2009Lupa tarjoaa huoltoasematoiminnalle oikeudellisen perustan toiminnan jatkamiselle, Teboil tiedotti maanantaina.<\/p>\n<p>\t\t\t\t\t<img class=\"diks-card__image\" src=\"https:\/\/www.europesays.com\/fi\/wp-content\/uploads\/2025\/11\/1763490669_610_10491209.jpg\"   loading=\"lazy\" decoding=\"sync\" alt=\"\"\/><\/p>\n<p>\t\t\t\t\t<img class=\"diks-card__image\" src=\"https:\/\/www.europesays.com\/fi\/wp-content\/uploads\/2025\/11\/1763490669_709_Tuusniemen Teboil.jpeg\"   loading=\"lazy\" decoding=\"sync\" alt=\"\"\/><\/p>\n<p>\t\t\t\t\t<img class=\"diks-card__image\" src=\"https:\/\/www.europesays.com\/fi\/wp-content\/uploads\/2025\/11\/11137985.jpg\"   loading=\"lazy\" decoding=\"sync\" alt=\"\"\/><\/p>\n<p>\t\t\t\t\t<img class=\"diks-card__image\" src=\"https:\/\/www.europesays.com\/fi\/wp-content\/uploads\/2025\/11\/10577468.jpg\"   loading=\"lazy\" decoding=\"sync\" alt=\"\"\/><\/p>\n","protected":false},"excerpt":{"rendered":"Tuusniemen Teboil ei suljekaan oviaan t\u00e4ll\u00e4 viikolla. Huoltoaseman Facebook-sivuilla kerrotaan, ett\u00e4 asema onkin avoinna joulukuun 12. p\u00e4iv\u00e4\u00e4n saakka.&hellip;\n","protected":false},"author":2,"featured_media":93707,"comment_status":"","ping_status":"","sticky":false,"template":"","format":"standard","meta":{"footnotes":""},"categories":[12],"tags":[22,23,1752,26,27,33,31,30,863,17,24,25,720,28,29,15,18,21,637,3819,32,78,19,20,4526,16],"class_list":{"0":"post-93706","1":"post","2":"type-post","3":"status-publish","4":"format-standard","5":"has-post-thumbnail","7":"category-suomi","8":"tag-breaking-news","9":"tag-breakingnews","10":"tag-facebook","11":"tag-featured-news","12":"tag-featurednews","13":"tag-fi","14":"tag-finland","15":"tag-finnish","16":"tag-hallitus","17":"tag-headlines","18":"tag-latest-news","19":"tag-latestnews","20":"tag-liiketoiminta-ja-rahoitus","21":"tag-main-news","22":"tag-mainnews","23":"tag-news","24":"tag-otsikot","25":"tag-paauutiset","26":"tag-politiikka","27":"tag-siilinjarvi","28":"tag-suomi","29":"tag-talous","30":"tag-top-stories","31":"tag-topstories","32":"tag-tuusniemi","33":"tag-uutiset"},"share_on_mastodon":{"url":"https:\/\/pubeurope.com\/@fi\/115572132083066614","error":""},"_links":{"self":[{"href":"https:\/\/www.europesays.com\/fi\/wp-json\/wp\/v2\/posts\/93706","targetHints":{"allow":["GET"]}}],"collection":[{"href":"https:\/\/www.europesays.com\/fi\/wp-json\/wp\/v2\/posts"}],"about":[{"href":"https:\/\/www.europesays.com\/fi\/wp-json\/wp\/v2\/types\/post"}],"author":[{"embeddable":true,"href":"https:\/\/www.europesays.com\/fi\/wp-json\/wp\/v2\/users\/2"}],"replies":[{"embeddable":true,"href":"https:\/\/www.europesays.com\/fi\/wp-json\/wp\/v2\/comments?post=93706"}],"version-history":[{"count":0,"href":"https:\/\/www.europesays.com\/fi\/wp-json\/wp\/v2\/posts\/93706\/revisions"}],"wp:featuredmedia":[{"embeddable":true,"href":"https:\/\/www.europesays.com\/fi\/wp-json\/wp\/v2\/media\/93707"}],"wp:attachment":[{"href":"https:\/\/www.europesays.com\/fi\/wp-json\/wp\/v2\/media?parent=93706"}],"wp:term":[{"taxonomy":"category","embeddable":true,"href":"https:\/\/www.europesays.com\/fi\/wp-json\/wp\/v2\/categories?post=93706"},{"taxonomy":"post_tag","embeddable":true,"href":"https:\/\/www.europesays.com\/fi\/wp-json\/wp\/v2\/tags?post=93706"}],"curies":[{"name":"wp","href":"https:\/\/api.w.org\/{rel}","templated":true}]}}