{"id":93708,"date":"2025-11-18T18:32:08","date_gmt":"2025-11-18T18:32:08","guid":{"rendered":"https:\/\/www.europesays.com\/fi\/93708\/"},"modified":"2025-11-18T18:32:08","modified_gmt":"2025-11-18T18:32:08","slug":"pyhajarvella-palaa-autohajottamo-palomestari-rajahdysaanet-liioittelua-kotimaa","status":"publish","type":"post","link":"https:\/\/www.europesays.com\/fi\/93708\/","title":{"rendered":"Pyh\u00e4j\u00e4rvell\u00e4 palaa autohajottamo \u2013 Palomestari: r\u00e4j\u00e4hdys\u00e4\u00e4net liioittelua | Kotimaa"},"content":{"rendered":"<p class=\"aw-1gybjub aw-5vja16 kEtdKx kmuxyA yle__article__paragraph\">Autohajottamo palaa Pyh\u00e4j\u00e4rvell\u00e4 Vaskikellontiell\u00e4. Pelastuslaitos arvioi, ett\u00e4 rakennus tulee tuhoutumaan tulipalossa kokonaan.<\/p>\n<p><img decoding=\"async\" alt=\"Kartalla autohajottamossa tulipalo Pyh\u00e4j\u00e4rvell\u00e4.\" src=\"https:\/\/www.europesays.com\/fi\/wp-content\/uploads\/2025\/11\/39-1555875691cb039be089.jpeg\" class=\"aw-1l9m598 hKVVvP\"\/><\/p>\n<p>Avaa kuvien katselu<\/p>\n<p>Paloalue on harvaan rakennettua ja mets\u00e4ist\u00e4. Kuva: Lasse Isokangas \/ Yle, Mapcreator, OpenStreetMap<\/p>\n<p>19:22\u2022P\u00e4ivitetty 20:28<\/p>\n<p class=\"aw-1gybjub aw-1p7kakr kEtdKx cEmitX yle__article__paragraph\">Pelastuslaitos sai tiistaina kello 18:n j\u00e4lkeen h\u00e4lytyksen Pohjois-Pohjanmaan Pyh\u00e4j\u00e4rvelle. Palopaikka on Vaskikellontiell\u00e4.<\/p>\n<p class=\"aw-1gybjub aw-1p7kakr kEtdKx cEmitX yle__article__paragraph\"><a class=\"aw-iao6s4 iHOxEa yle__article__link\" href=\"https:\/\/www.kalajokilaakso.fi\/artikkeli\/pyhajarvella-suuri-tulipalo-autohajottamon-hallissa\" role=\"link\" rel=\"nofollow noopener\" target=\"_blank\">Kalajokilaakson mukaan<\/a> tuleen on syttynyt Pyh\u00e4salmen Autohajottamo V. K\u00e4h\u00e4r\u00e4 Ky:n halli. Lehti kertoo, ett\u00e4 hallin sis\u00e4ll\u00e4 on r\u00e4j\u00e4hdysaltista materiaalia. Paikalta on kuulunut r\u00e4j\u00e4hdys\u00e4\u00e4ni\u00e4.<\/p>\n<p class=\"aw-1gybjub aw-1p7kakr kEtdKx cEmitX yle__article__paragraph\">P\u00e4ivyst\u00e4v\u00e4 palomestari <strong class=\"aw-ak79eh KyCXm yle__article__strong\">Markus Vehkojan<\/strong> mukaan r\u00e4j\u00e4hdys\u00e4\u00e4net ovat liioittelua.<\/p>\n<p class=\"aw-1gybjub aw-1p7kakr kEtdKx cEmitX yle__article__paragraph\">\u2013 Kun kyseess\u00e4 on korjaamorakennus, niin siell\u00e4 on ollut aerosolipulloja, pient\u00e4 pauketta on kuulunut.<\/p>\n<p class=\"aw-1gybjub aw-1p7kakr kEtdKx cEmitX yle__article__paragraph\">Vehkojan mukaan tilanne oli kuitenkin sen verran vaarallinen, ett\u00e4 pelastuslaitos vet\u00e4ytyi hetkeksi ja liikenne suljettiin v\u00e4liaikaisesti. Tilanne on kuitenkin nyt selke\u00e4sti rauhoittunut.<\/p>\n<p class=\"aw-1gybjub aw-1p7kakr kEtdKx cEmitX yle__article__paragraph\">Palomestarin mukaan ohikulkija oli havainnut palon ja pelastuslaitoksen saapuessa paikalle, hallirakennus oli ilmiliekeiss\u00e4. Henkil\u00f6vahinkoja ei ole tullut.<\/p>\n<p class=\"aw-1gybjub aw-1p7kakr kEtdKx cEmitX yle__article__paragraph\"><a class=\"aw-iao6s4 iHOxEa yle__article__link\" href=\"https:\/\/www.keskipohjanmaa.fi\/artikkeli\/pyhajarvella-suuri-tulipalo-autohajottamon-hallissa\" role=\"link\" rel=\"nofollow noopener\" target=\"_blank\">Keskipohjanmaa kertoo<\/a>, ett\u00e4 halli on ilmiliekeiss\u00e4 ja se on osin romahtanut.<\/p>\n<p class=\"aw-1gybjub aw-1p7kakr kEtdKx cEmitX yle__article__paragraph\">Pohjois-Pohjanmaan pelastuslaitoksen mukaan tulessa on 600 neli\u00f6metrin kokoinen hallirakennus. Kohteeseen on h\u00e4lytetty 11 pelastuslaitoksen yksikk\u00f6\u00e4, ensihoito ja poliisi.<\/p>\n<p class=\"aw-1gybjub aw-1p7kakr kEtdKx cEmitX yle__article__paragraph\">Rakennus tulee tuhoutumaan tulipalossa kokonaan. Pelastuslaitos arvioi, ett\u00e4 sammutusty\u00f6t tulevat jatkumaan pitk\u00e4lle y\u00f6h\u00f6n.<\/p>\n<p class=\"aw-1gybjub aw-1p7kakr kEtdKx cEmitX yle__article__paragraph\">Tie 27 oli ensin suljettu liikenteelt\u00e4 sammutust\u00f6iden vuoksi, mutta nyt toinen ajokaista on k\u00e4yt\u00f6ss\u00e4 ja poliisi ohjaa liikennett\u00e4.<\/p>\n<p class=\"aw-1gybjub aw-1p7kakr kEtdKx cEmitX yle__article__paragraph\">Poliisin mukaan tarkemmista omaisuusvahingoista ei ole viel\u00e4 tietoa. Poliisi selvitt\u00e4\u00e4 palon syttymissyyt\u00e4. Asiaa tutkitaan toistaiseksi palonsyyntutkintana.<\/p>\n<p class=\"aw-1gybjub aw-1p7kakr kEtdKx cEmitX yle__article__paragraph\">Korjattu 18.11.2025 kello 20.26: Halli on todellisuudessa 600 neli\u00f6metrin kokoinen eik\u00e4 900 neli\u00f6metrin.<\/p>\n","protected":false},"excerpt":{"rendered":"Autohajottamo palaa Pyh\u00e4j\u00e4rvell\u00e4 Vaskikellontiell\u00e4. Pelastuslaitos arvioi, ett\u00e4 rakennus tulee tuhoutumaan tulipalossa kokonaan. Avaa kuvien katselu Paloalue on harvaan&hellip;\n","protected":false},"author":2,"featured_media":93709,"comment_status":"","ping_status":"","sticky":false,"template":"","format":"standard","meta":{"footnotes":""},"categories":[5],"tags":[22,23,26,27,33,31,30,17,71,24,25,28,29,15,837,18,21,2263,728,17771,32,19,20,1265,16],"class_list":{"0":"post-93708","1":"post","2":"type-post","3":"status-publish","4":"format-standard","5":"has-post-thumbnail","7":"category-otsikot","8":"tag-breaking-news","9":"tag-breakingnews","10":"tag-featured-news","11":"tag-featurednews","12":"tag-fi","13":"tag-finland","14":"tag-finnish","15":"tag-headlines","16":"tag-kotimaa","17":"tag-latest-news","18":"tag-latestnews","19":"tag-main-news","20":"tag-mainnews","21":"tag-news","22":"tag-onnettomuudet","23":"tag-otsikot","24":"tag-paauutiset","25":"tag-pelastustoimi","26":"tag-pohjois-pohjanmaa","27":"tag-pyhajarvi","28":"tag-suomi","29":"tag-top-stories","30":"tag-topstories","31":"tag-tulipalot","32":"tag-uutiset"},"share_on_mastodon":{"url":"https:\/\/pubeurope.com\/@fi\/115572136066750961","error":""},"_links":{"self":[{"href":"https:\/\/www.europesays.com\/fi\/wp-json\/wp\/v2\/posts\/93708","targetHints":{"allow":["GET"]}}],"collection":[{"href":"https:\/\/www.europesays.com\/fi\/wp-json\/wp\/v2\/posts"}],"about":[{"href":"https:\/\/www.europesays.com\/fi\/wp-json\/wp\/v2\/types\/post"}],"author":[{"embeddable":true,"href":"https:\/\/www.europesays.com\/fi\/wp-json\/wp\/v2\/users\/2"}],"replies":[{"embeddable":true,"href":"https:\/\/www.europesays.com\/fi\/wp-json\/wp\/v2\/comments?post=93708"}],"version-history":[{"count":0,"href":"https:\/\/www.europesays.com\/fi\/wp-json\/wp\/v2\/posts\/93708\/revisions"}],"wp:featuredmedia":[{"embeddable":true,"href":"https:\/\/www.europesays.com\/fi\/wp-json\/wp\/v2\/media\/93709"}],"wp:attachment":[{"href":"https:\/\/www.europesays.com\/fi\/wp-json\/wp\/v2\/media?parent=93708"}],"wp:term":[{"taxonomy":"category","embeddable":true,"href":"https:\/\/www.europesays.com\/fi\/wp-json\/wp\/v2\/categories?post=93708"},{"taxonomy":"post_tag","embeddable":true,"href":"https:\/\/www.europesays.com\/fi\/wp-json\/wp\/v2\/tags?post=93708"}],"curies":[{"name":"wp","href":"https:\/\/api.w.org\/{rel}","templated":true}]}}