{"id":93714,"date":"2025-11-18T18:49:10","date_gmt":"2025-11-18T18:49:10","guid":{"rendered":"https:\/\/www.europesays.com\/fi\/93714\/"},"modified":"2025-11-18T18:49:10","modified_gmt":"2025-11-18T18:49:10","slug":"fanit-shokissa-34-vuotta-mukana-ollut-hahmo-kuoli-simpsoneissa","status":"publish","type":"post","link":"https:\/\/www.europesays.com\/fi\/93714\/","title":{"rendered":"Fanit shokissa: 34 vuotta mukana ollut hahmo kuoli Simpsoneissa"},"content":{"rendered":"<p>Simpsonit-sarjassa 34 vuotta mukana ollut koki yll\u00e4tt\u00e4v\u00e4n loppunsa, eiv\u00e4tk\u00e4 fanit oikein ymm\u00e4rr\u00e4 n\u00e4kem\u00e4\u00e4ns\u00e4.<\/p>\n<p>Simpsoneiden 37. kausi raivaa parhaillaan tiet\u00e4\u00e4n kohti sarjan 800. jaksoa, eiv\u00e4tk\u00e4 yll\u00e4tykset ota loppuakseen.<\/p>\n<p>Lue my\u00f6s: <a href=\"https:\/\/www.episodi.fi\/uutiset\/uudessa-simpsonit-jaksossa-arvioidaan-sarjan-historiaa-uudelleen-jo-37-kausi-kaynnissa\/\" title=\"Uudessa Simpsonit-jaksossa arvioidaan sarjan historiaa uudelleen\" class=\"underline-custom !font-montserrat !font-bold !underline-offset-4 !decoration-4 !decoration-episodi-blue !text-md\" rel=\"nofollow noopener\" target=\"_blank\">Uudessa Simpsonit-jaksossa arvioidaan sarjan historiaa uudelleen<\/a><\/p>\n<p>Lue my\u00f6s: <a href=\"https:\/\/www.episodi.fi\/uutiset\/nyt-disney-plussassa-the-simpsonsin-37-tuotantokautta-paastaan-seuraamaan-ennatyspienella-viiveella\/\" title=\"Nyt Disney Plussassa: Simpsonien 37. tuotantokautta p\u00e4\u00e4st\u00e4\u00e4n seuraamaan enn\u00e4tyspienell\u00e4 viiveell\u00e4\" class=\"underline-custom !font-montserrat !font-bold !underline-offset-4 !decoration-4 !decoration-episodi-blue !text-md\" rel=\"nofollow noopener\" target=\"_blank\">Nyt Disney Plussassa: Simpsonien 37. tuotantokautta p\u00e4\u00e4st\u00e4\u00e4n seuraamaan enn\u00e4tyspienell\u00e4 viiveell\u00e4<\/a><\/p>\n<p>Alla spoilereita, joten \u00e4l\u00e4 lue, mik\u00e4li aiot katsoa jakson jossain vaiheessa.<\/p>\n<p>Kuolema korjasi satoaan, nimitt\u00e4in Alice Glick kuoli.<\/p>\n<p>Yleens\u00e4 Simpsonit ovat omistaneet kokonaisen jakson kuolevalle hahmolle, mutta Alice kuoli jakson ensisekunneilla.<\/p>\n<p>Toisaalta Alice on kuollut jo aiemmin, joten ehk\u00e4 tekij\u00e4t ajattelivat, ett\u00e4 uusi kuolema ei ole en\u00e4\u00e4 niin shokeeraava.<\/p>\n<p>Alice n\u00e4htiin ensimm\u00e4isen kerran kakkoskaudella. Hahmosta kasvoi hiljalleen sarjan stereotyyppinen vanha nainen, jolla on vahvoja mielipiteit\u00e4.<\/p>\n<p>Alla kommentteja.<\/p>\n<blockquote class=\"twitter-tweet\" data-width=\"500\" data-dnt=\"true\">\n<p lang=\"en\" dir=\"ltr\">1st Larry, now Alice Glick. The Simpsons are killing off everyone\u2026.<\/p>\n<p>\u2014 Nick Noel (@GriiffinNoel) <a href=\"https:\/\/twitter.com\/GriiffinNoel\/status\/1990223844020572586?ref_src=twsrc%5Etfw\" rel=\"nofollow noopener\" target=\"_blank\">November 17, 2025<\/a><\/p><\/blockquote>\n<p>L\u00e4hde: <a href=\"https:\/\/comicbook.com\/tv-shows\/feature\/the-simpsons-kills-off-surprise-character-after-34-years-for-the-second-time\" target=\"_blank\" rel=\"noreferrer noopener nofollow\">Comicbook<\/a><\/p>\n<p>Lue my\u00f6s: <a href=\"https:\/\/www.episodi.fi\/uutiskirje\/?uutiskirjemainos=tekstilinkkimainos\" title=\"Tilaa Episodin uutiskirje ja voit voittaa leffalippuja! Nappaa tv-vinkit suoraan s\u00e4hk\u00f6postiin t\u00e4st\u00e4.\" class=\"underline-custom !font-montserrat !font-bold !underline-offset-4 !decoration-4 !decoration-episodi-blue !text-md\" rel=\"nofollow noopener\" target=\"_blank\">Tilaa Episodin uutiskirje ja voit voittaa leffalippuja! Nappaa katseluvinkit suoraan s\u00e4hk\u00f6postiin t\u00e4st\u00e4.<\/a><\/p>\n<p>\t\t\t<script async src=\"https:\/\/platform.twitter.com\/widgets.js\" charset=\"utf-8\"><\/script><\/p>\n","protected":false},"excerpt":{"rendered":"Simpsonit-sarjassa 34 vuotta mukana ollut koki yll\u00e4tt\u00e4v\u00e4n loppunsa, eiv\u00e4tk\u00e4 fanit oikein ymm\u00e4rr\u00e4 n\u00e4kem\u00e4\u00e4ns\u00e4. Simpsoneiden 37. kausi raivaa parhaillaan&hellip;\n","protected":false},"author":2,"featured_media":93715,"comment_status":"","ping_status":"","sticky":false,"template":"","format":"standard","meta":{"footnotes":""},"categories":[131],"tags":[155,137,33,173,31,30,4244,172,12232,32,109],"class_list":{"0":"post-93714","1":"post","2":"type-post","3":"status-publish","4":"format-standard","5":"has-post-thumbnail","7":"category-elokuvat","8":"tag-elokuvat","9":"tag-entertainment","10":"tag-fi","11":"tag-film","12":"tag-finland","13":"tag-finnish","14":"tag-in-memoriam","15":"tag-movies","16":"tag-simpsonit","17":"tag-suomi","18":"tag-viihde"},"share_on_mastodon":{"url":"https:\/\/pubeurope.com\/@fi\/115572202799093740","error":""},"_links":{"self":[{"href":"https:\/\/www.europesays.com\/fi\/wp-json\/wp\/v2\/posts\/93714","targetHints":{"allow":["GET"]}}],"collection":[{"href":"https:\/\/www.europesays.com\/fi\/wp-json\/wp\/v2\/posts"}],"about":[{"href":"https:\/\/www.europesays.com\/fi\/wp-json\/wp\/v2\/types\/post"}],"author":[{"embeddable":true,"href":"https:\/\/www.europesays.com\/fi\/wp-json\/wp\/v2\/users\/2"}],"replies":[{"embeddable":true,"href":"https:\/\/www.europesays.com\/fi\/wp-json\/wp\/v2\/comments?post=93714"}],"version-history":[{"count":0,"href":"https:\/\/www.europesays.com\/fi\/wp-json\/wp\/v2\/posts\/93714\/revisions"}],"wp:featuredmedia":[{"embeddable":true,"href":"https:\/\/www.europesays.com\/fi\/wp-json\/wp\/v2\/media\/93715"}],"wp:attachment":[{"href":"https:\/\/www.europesays.com\/fi\/wp-json\/wp\/v2\/media?parent=93714"}],"wp:term":[{"taxonomy":"category","embeddable":true,"href":"https:\/\/www.europesays.com\/fi\/wp-json\/wp\/v2\/categories?post=93714"},{"taxonomy":"post_tag","embeddable":true,"href":"https:\/\/www.europesays.com\/fi\/wp-json\/wp\/v2\/tags?post=93714"}],"curies":[{"name":"wp","href":"https:\/\/api.w.org\/{rel}","templated":true}]}}