{"id":93724,"date":"2025-11-18T18:57:08","date_gmt":"2025-11-18T18:57:08","guid":{"rendered":"https:\/\/www.europesays.com\/fi\/93724\/"},"modified":"2025-11-18T18:57:08","modified_gmt":"2025-11-18T18:57:08","slug":"junaliikenne-rantaradalla-on-poikki-ilta-sanomat","status":"publish","type":"post","link":"https:\/\/www.europesays.com\/fi\/93724\/","title":{"rendered":"Junaliikenne rantaradalla on poikki &#8211; Ilta-Sanomat"},"content":{"rendered":"<p>Syyn\u00e4 on rataj\u00e4rjestelm\u00e4vika.<\/p>\n<p class=\"article-body mb-nof-24 px-nof-16\">Junaliikenne rantaradalla Kauklahden ja Kirkkonummen asemien v\u00e4lill\u00e4 on t\u00e4ll\u00e4 hetkell\u00e4 poikki.<\/p>\n<p class=\"article-body mb-nof-24 px-nof-16\">Syyn\u00e4 on rataj\u00e4rjestelm\u00e4vika.<\/p>\n<p class=\"article-body mb-nof-24 px-nof-16\">Vika vaikuttaa Helsingin ja Turun v\u00e4lisiin kaukojuniin sek\u00e4 paikallisliikenteess\u00e4 Espoon asemalta l\u00e4nteen p\u00e4in liikenn\u00f6iviin E-, U-, Y- ja L-juniin.<\/p>\n<p class=\"article-body mb-nof-24 px-nof-16\">HSL kertoo <a class=\"article-genericlink\" href=\"https:\/\/www.hsl.fi\/matkustaminen\/liikenne?language=fi&amp;page=1&amp;validityPeriod=true&amp;transportMode=1&amp;transportMode=2&amp;transportMode=4&amp;transportMode=3&amp;transportMode=5&amp;transportMode=6&amp;favouritesOnly=false\" rel=\"nofollow noopener\" target=\"_blank\">verkkosivuillaan<\/a>, ett\u00e4 kaikki U- ja Y-junat on peruttu huomiseen aamuun saakka.<\/p>\n<p class=\"article-body mb-nof-24 px-nof-16\">Ilta-Sanomien <a class=\"article-personlink\" href=\"https:\/\/www.is.fi\/haku\/?query=Ville%20Jutila\" rel=\"nofollow noopener\" target=\"_blank\">Ville Jutila<\/a> oli matkustajana Helsingist\u00e4 Kirkkonummelle kello 17.42 l\u00e4hteneess\u00e4 U-junassa.<\/p>\n<p class=\"article-body mb-nof-24 px-nof-16\">\u2013\u2009Ensimm\u00e4inen pys\u00e4hdys tuli Kauklahdessa, kun junankuljettaja ilmoitti, ett\u00e4 s\u00e4hk\u00f6t ovat poissa v\u00e4lilt\u00e4 Kauklahti\u2013Masala. Hetken p\u00e4\u00e4st\u00e4 p\u00e4\u00e4simme jatkamaan, mutta sitten Jorvaksen j\u00e4lkeen tuli \u00e4kkipys\u00e4ys, kun s\u00e4hk\u00f6t katosivat taas.<\/p>\n<p class=\"article-body mb-nof-24 px-nof-16\">Lopulta U-juna j\u00e4m\u00e4hti Jorvaksen ja Tolsan asemien v\u00e4lille keskelle peltoja.<\/p>\n<p class=\"article-body mb-nof-24 px-nof-16\">\u2013\u2009Kuulemma raivauspartio on tulossa. Sit\u00e4 ennen matkustajia ei voi p\u00e4\u00e4st\u00e4\u00e4 ulos s\u00e4hk\u00f6vaaran takia. Olemme k\u00e4kkineet t\u00e4\u00e4ll\u00e4 jo kohta tunnin, Jutila kertoi puoli kahdeksan aikaan.<\/p>\n<p class=\"article-body mb-nof-24 px-nof-16\">Lopulta s\u00e4hk\u00f6radan raivausryhm\u00e4 tuli paikalle ja teki s\u00e4hk\u00f6maadoituksen junan molemmille puolille. Sen j\u00e4lkeen pelastuslaitos auttoi matkustajien evakuoinnissa.<\/p>\n<p class=\"article-body mb-nof-24 px-nof-16\">Junan 36 matkustajaa p\u00e4\u00e4si ulos junasta puoli yhdeks\u00e4n aikaan illalla. Matkustajat k\u00e4veliv\u00e4t pellon laitaa Vanhalle rantatielle, jossa oli linja-auto odottamassa.<\/p>\n","protected":false},"excerpt":{"rendered":"Syyn\u00e4 on rataj\u00e4rjestelm\u00e4vika. Junaliikenne rantaradalla Kauklahden ja Kirkkonummen asemien v\u00e4lill\u00e4 on t\u00e4ll\u00e4 hetkell\u00e4 poikki. Syyn\u00e4 on rataj\u00e4rjestelm\u00e4vika. Vika&hellip;\n","protected":false},"author":2,"featured_media":93725,"comment_status":"","ping_status":"","sticky":false,"template":"","format":"standard","meta":{"footnotes":""},"categories":[12],"tags":[22,23,26,27,33,31,30,17,34,24,25,28,29,15,18,21,32,19,20,16],"class_list":{"0":"post-93724","1":"post","2":"type-post","3":"status-publish","4":"format-standard","5":"has-post-thumbnail","7":"category-suomi","8":"tag-breaking-news","9":"tag-breakingnews","10":"tag-featured-news","11":"tag-featurednews","12":"tag-fi","13":"tag-finland","14":"tag-finnish","15":"tag-headlines","16":"tag-ilta-sanomat","17":"tag-latest-news","18":"tag-latestnews","19":"tag-main-news","20":"tag-mainnews","21":"tag-news","22":"tag-otsikot","23":"tag-paauutiset","24":"tag-suomi","25":"tag-top-stories","26":"tag-topstories","27":"tag-uutiset"},"share_on_mastodon":{"url":"","error":""},"_links":{"self":[{"href":"https:\/\/www.europesays.com\/fi\/wp-json\/wp\/v2\/posts\/93724","targetHints":{"allow":["GET"]}}],"collection":[{"href":"https:\/\/www.europesays.com\/fi\/wp-json\/wp\/v2\/posts"}],"about":[{"href":"https:\/\/www.europesays.com\/fi\/wp-json\/wp\/v2\/types\/post"}],"author":[{"embeddable":true,"href":"https:\/\/www.europesays.com\/fi\/wp-json\/wp\/v2\/users\/2"}],"replies":[{"embeddable":true,"href":"https:\/\/www.europesays.com\/fi\/wp-json\/wp\/v2\/comments?post=93724"}],"version-history":[{"count":0,"href":"https:\/\/www.europesays.com\/fi\/wp-json\/wp\/v2\/posts\/93724\/revisions"}],"wp:featuredmedia":[{"embeddable":true,"href":"https:\/\/www.europesays.com\/fi\/wp-json\/wp\/v2\/media\/93725"}],"wp:attachment":[{"href":"https:\/\/www.europesays.com\/fi\/wp-json\/wp\/v2\/media?parent=93724"}],"wp:term":[{"taxonomy":"category","embeddable":true,"href":"https:\/\/www.europesays.com\/fi\/wp-json\/wp\/v2\/categories?post=93724"},{"taxonomy":"post_tag","embeddable":true,"href":"https:\/\/www.europesays.com\/fi\/wp-json\/wp\/v2\/tags?post=93724"}],"curies":[{"name":"wp","href":"https:\/\/api.w.org\/{rel}","templated":true}]}}