{"id":93729,"date":"2025-11-18T19:10:10","date_gmt":"2025-11-18T19:10:10","guid":{"rendered":"https:\/\/www.europesays.com\/fi\/93729\/"},"modified":"2025-11-18T19:10:10","modified_gmt":"2025-11-18T19:10:10","slug":"waldon-poika-rasmus-reijonen-teki-uuden-aluevaltauksen","status":"publish","type":"post","link":"https:\/\/www.europesays.com\/fi\/93729\/","title":{"rendered":"Waldon poika Rasmus Reijonen teki uuden aluevaltauksen"},"content":{"rendered":"<p class=\"article-content article-content-width !bg-background\">Waldo\u00b4s People -kokoonpanoon jo pidemp\u00e4\u00e4n kuulunut <a alt=\"Haku\" class=\"text-primary-red font-extrabold\" href=\"https:\/\/www.seiska.fi\/haku?q=Rasmus Reijonen\" rel=\"nofollow noopener\" target=\"_blank\">Rasmus Reijonen<\/a>, 18, tekee parhaillaan uusia avauksia.<\/p>\n<p class=\"font-weight-bold m-font-weight-bold article-content article-content-width !bg-background\">Videolla Waldo kertoo juhlavuodestaan:<\/p>\n<p class=\"article-content article-content-width !bg-background\">Julkiset ty\u00f6t n\u00e4ytt\u00e4v\u00e4t tulleen j\u00e4\u00e4d\u00e4kseen, kuten my\u00f6s <a alt=\"Haku\" class=\"text-primary-red font-extrabold\" href=\"https:\/\/www.seiska.fi\/haku?q=Marko\" rel=\"nofollow noopener\" target=\"_blank\">Marko<\/a>-is\u00e4ll\u00e4 eli Waldolla.<\/p>\n<p>                <img decoding=\"async\" src=\"https:\/\/www.europesays.com\/fi\/wp-content\/uploads\/2025\/11\/1995115.webp\" width=\"576\" height=\"720\" alt=\"Rasmus suunnittelee parhaillaan uusia kuvioita.\" loading=\"lazy\" \/>            <\/p>\n<p>\n            Rasmus suunnittelee parhaillaan uusia kuvioita.<br \/>\n            ATTE KAJOVA\n        <\/p>\n<p class=\"article-content article-content-width !bg-background\">\u2013 Aloitin juuri Qasva-yrityksen sosiaalisen median vaikuttajana. Lis\u00e4ksi omaa musaa on tekeill\u00e4, mutta se tulee sitten kertarys\u00e4yksell\u00e4 ulos, Rasmus vinkkasi <a alt=\"Haku\" class=\"text-primary-red font-extrabold\" href=\"https:\/\/www.seiska.fi\/haku?q=Sofia Zidan\" rel=\"nofollow noopener\" target=\"_blank\">Sofia Zidan<\/a> taiden\u00e4yttelyn avajaisissa Helsingin ydinkeskustan Robert\u00b4s Coffee Bubbles Corner -kahvilassa.<\/p>\n<p>                <img decoding=\"async\" src=\"https:\/\/www.europesays.com\/fi\/wp-content\/uploads\/2025\/11\/1995117.webp\" width=\"576\" height=\"322\" alt=\"Rasmuksen 18-vuotisp\u00e4iv\u00e4 sattui Kenraaliharjoitus-elokuvan kutsuvierasn\u00e4yt\u00f6kseen helmikuussa.\" loading=\"lazy\" \/>            <\/p>\n<p>\n            Rasmuksen 18-vuotisp\u00e4iv\u00e4 sattui Kenraaliharjoitus-elokuvan kutsuvierasn\u00e4yt\u00f6kseen helmikuussa.<br \/>\n            Seiskan arkisto\n        <\/p>\n<p class=\"article-content article-content-width !bg-background\">Nuoren miehen el\u00e4m\u00e4\u00e4n kuuluu my\u00f6s mukavia uutisia henkil\u00f6kohtaiselta puolelta.<\/p>\n<p class=\"article-content article-content-width !bg-background\">\u2013 Olen l\u00f6yt\u00e4nyt el\u00e4m\u00e4ni rakkauden! Olemme seurustelleet <a alt=\"Haku\" class=\"text-primary-red font-extrabold\" href=\"https:\/\/www.seiska.fi\/haku?q=Miljan\" rel=\"nofollow noopener\" target=\"_blank\">Miljan<\/a> kanssa nyt yhdeks\u00e4n kuukautta, Rasmus raportoi rakkausuutiset.<\/p>\n<p>                <img decoding=\"async\" src=\"https:\/\/www.europesays.com\/fi\/wp-content\/uploads\/2025\/11\/1995119.webp\" width=\"576\" height=\"322\" alt=\"- Hyvin jaksetaan asua viel\u00e4 saman katon alla keikkailusta huolimatta, Rasmus totesi perheen dynamiikasta. Kuvassa Waldon kanssa revyytunnelmissa 2024.\" loading=\"lazy\" \/>            <\/p>\n<p>\n            &#8211; Hyvin jaksetaan asua viel\u00e4 saman katon alla keikkailusta huolimatta, Rasmus totesi perheen dynamiikasta. Kuvassa Waldon kanssa revyytunnelmissa 2024.<br \/>\n            Seiskan arkisto\n        <\/p>\n","protected":false},"excerpt":{"rendered":"Waldo\u00b4s People -kokoonpanoon jo pidemp\u00e4\u00e4n kuulunut Rasmus Reijonen, 18, tekee parhaillaan uusia avauksia. Videolla Waldo kertoo juhlavuodestaan: Julkiset&hellip;\n","protected":false},"author":2,"featured_media":93730,"comment_status":"","ping_status":"","sticky":false,"template":"","format":"standard","meta":{"footnotes":""},"categories":[136],"tags":[3627,407,137,33,31,30,408,212,18498,32,11914,109,1926],"class_list":{"0":"post-93729","1":"post","2":"type-post","3":"status-publish","4":"format-standard","5":"has-post-thumbnail","7":"category-julkkikset","8":"tag-artisti","9":"tag-celebrities","10":"tag-entertainment","11":"tag-fi","12":"tag-finland","13":"tag-finnish","14":"tag-julkkikset","15":"tag-lifestyle","16":"tag-rasmus-reijonen","17":"tag-suomi","18":"tag-vaikuttaja","19":"tag-viihde","20":"tag-waldo"},"share_on_mastodon":{"url":"https:\/\/pubeurope.com\/@fi\/115572285686803205","error":""},"_links":{"self":[{"href":"https:\/\/www.europesays.com\/fi\/wp-json\/wp\/v2\/posts\/93729","targetHints":{"allow":["GET"]}}],"collection":[{"href":"https:\/\/www.europesays.com\/fi\/wp-json\/wp\/v2\/posts"}],"about":[{"href":"https:\/\/www.europesays.com\/fi\/wp-json\/wp\/v2\/types\/post"}],"author":[{"embeddable":true,"href":"https:\/\/www.europesays.com\/fi\/wp-json\/wp\/v2\/users\/2"}],"replies":[{"embeddable":true,"href":"https:\/\/www.europesays.com\/fi\/wp-json\/wp\/v2\/comments?post=93729"}],"version-history":[{"count":0,"href":"https:\/\/www.europesays.com\/fi\/wp-json\/wp\/v2\/posts\/93729\/revisions"}],"wp:featuredmedia":[{"embeddable":true,"href":"https:\/\/www.europesays.com\/fi\/wp-json\/wp\/v2\/media\/93730"}],"wp:attachment":[{"href":"https:\/\/www.europesays.com\/fi\/wp-json\/wp\/v2\/media?parent=93729"}],"wp:term":[{"taxonomy":"category","embeddable":true,"href":"https:\/\/www.europesays.com\/fi\/wp-json\/wp\/v2\/categories?post=93729"},{"taxonomy":"post_tag","embeddable":true,"href":"https:\/\/www.europesays.com\/fi\/wp-json\/wp\/v2\/tags?post=93729"}],"curies":[{"name":"wp","href":"https:\/\/api.w.org\/{rel}","templated":true}]}}