{"id":93759,"date":"2025-11-18T19:48:11","date_gmt":"2025-11-18T19:48:11","guid":{"rendered":"https:\/\/www.europesays.com\/fi\/93759\/"},"modified":"2025-11-18T19:48:11","modified_gmt":"2025-11-18T19:48:11","slug":"donald-tuskin-mukaan-rautatiesabotaasin-takana-kaksi-venajalle-tyoskennellytta-ukrainalaista","status":"publish","type":"post","link":"https:\/\/www.europesays.com\/fi\/93759\/","title":{"rendered":"Donald Tuskin mukaan rautatiesabotaasin takana kaksi Ven\u00e4j\u00e4lle ty\u00f6skennellytt\u00e4 ukrainalaista"},"content":{"rendered":"<p><strong class=\"typography-bold\">Puolan p\u00e4\u00e4ministerin mukaan Varsovan kaakkoispuolella rautatiell\u00e4 tapahtuneen r\u00e4j\u00e4hdyksen takana oli kaksi Ven\u00e4j\u00e4lle ty\u00f6skennellytt\u00e4 ukrainalaista.<\/strong><\/p>\n<p>Puolassa ep\u00e4ill\u00e4\u00e4n kahta Ven\u00e4j\u00e4n lukuun ty\u00f6skennellytt\u00e4 ukrainalaista rautateihin kohdistuneesta sabotaasista. Puolan p\u00e4\u00e4ministeri <strong class=\"typography-bold\">Donald Tusk<\/strong> sanoi puheessaan parlamentille, ett\u00e4 kaksikon uskotaan ty\u00f6skennelleen Ven\u00e4j\u00e4n hyv\u00e4ksi jo pitk\u00e4\u00e4n.<\/p>\n<p>Noin sadan kilometrin p\u00e4\u00e4ss\u00e4 Varsovasta rautatiell\u00e4 tapahtunut r\u00e4j\u00e4hdys vahingoitti rataosuutta, joka on eritt\u00e4in t\u00e4rke\u00e4 avun toimittamisessa Ukrainalle.\u00a0<\/p>\n<p>Vauriot huomattiin lauantain ja maanantain v\u00e4lill\u00e4. Tuskin mukaan ensimm\u00e4isess\u00e4 tapauksessa radalla kiskoon oli kiinnitetty jonkinlainen ter\u00e4spidike, jonka tarkoituksena oli suistaa juna raiteiltaan. Toisessa tapauksessa sotilask\u00e4ytt\u00f6\u00f6n tarkoitettu r\u00e4j\u00e4hde r\u00e4j\u00e4ytettiin laukaisulaitteella, kun tavarajuna kulki raiteilla.<\/p>\n<p>Sabotaasiyritykset havaittiin ajoissa niin, ettei kukaan loukkaantunut kummassakaan tapauksessa.<\/p>\n<p>Kaksikko ylitti rajan Valko-Ven\u00e4j\u00e4lt\u00e4<\/p>\n<p>Toisen ep\u00e4illyist\u00e4 tekij\u00f6ist\u00e4 uskotaan olevan Ukrainan kansalainen, joka p\u00e4\u00e4ministerin mukaan tuomittiin toukokuussa Lvivin tuomioistuimessa sabotaasista.<\/p>\n<p>Toinen on Ven\u00e4j\u00e4n It\u00e4-Ukrainassa miehitt\u00e4m\u00e4n Donbasin alueen asukas. Kaksikko ylitti t\u00e4n\u00e4 syksyn\u00e4 rajan Valko-Ven\u00e4j\u00e4lt\u00e4 Puolaan.<\/p>\n<p>Sabotaasin j\u00e4lkeen kahden ep\u00e4illyn uskotaan siirtyneen Puolasta Valko-Ven\u00e4j\u00e4lle.<\/p>\n<p>Kyseess\u00e4 oli Tuskin mukaan oletettavasti vakavin Puolassa tapahtunut turvallisuusuhka sen j\u00e4lkeen, kun Ven\u00e4j\u00e4 k\u00e4ynnisti laajamittaisen hy\u00f6kk\u00e4yssotansa Ukrainassa helmikuussa 2022. Puolasta on sodan aikana tullut t\u00e4rkein Ukrainalle toimitettavan sotilaallisen ja humanitaarisen avun logistiikkakeskus.<\/p>\n<p>Yhteens\u00e4 Nato-maa Puolassa tapahtuneisiin sabotaasiyrityksiin liittyen on otettu kiinni 55 ihmist\u00e4, joista 23 on pid\u00e4tetty, Tusk kertoi.<\/p>\n<p>Lue my\u00f6s: <a class=\"underline\" data-testid=\"internal-link\" role=\"link\" data-sentry-element=\"Link\" data-sentry-component=\"InternalLink\" data-sentry-source-file=\"InternalLink.tsx\" href=\"https:\/\/www.mtvuutiset.fi\/artikkeli\/puolan-syyttaja-rautatiesabotaasi-oli-ulkomaisen-tiedustelupalvelun-tekema\/9257288\" rel=\"nofollow noopener\" target=\"_blank\">Puolan syytt\u00e4j\u00e4: Rautatiesabotaasi oli ulkomaisen tiedustelupalvelun tekem\u00e4<\/a><\/p>\n","protected":false},"excerpt":{"rendered":"Puolan p\u00e4\u00e4ministerin mukaan Varsovan kaakkoispuolella rautatiell\u00e4 tapahtuneen r\u00e4j\u00e4hdyksen takana oli kaksi Ven\u00e4j\u00e4lle ty\u00f6skennellytt\u00e4 ukrainalaista. Puolassa ep\u00e4ill\u00e4\u00e4n kahta Ven\u00e4j\u00e4n&hellip;\n","protected":false},"author":2,"featured_media":93760,"comment_status":"","ping_status":"","sticky":false,"template":"","format":"standard","meta":{"footnotes":""},"categories":[14],"tags":[22,23,26,27,33,31,30,17,24,25,28,29,15,18,21,32,19,20,56,16,59,60,61],"class_list":{"0":"post-93759","1":"post","2":"type-post","3":"status-publish","4":"format-standard","5":"has-post-thumbnail","7":"category-ulkomaat","8":"tag-breaking-news","9":"tag-breakingnews","10":"tag-featured-news","11":"tag-featurednews","12":"tag-fi","13":"tag-finland","14":"tag-finnish","15":"tag-headlines","16":"tag-latest-news","17":"tag-latestnews","18":"tag-main-news","19":"tag-mainnews","20":"tag-news","21":"tag-otsikot","22":"tag-paauutiset","23":"tag-suomi","24":"tag-top-stories","25":"tag-topstories","26":"tag-ulkomaat","27":"tag-uutiset","28":"tag-world","29":"tag-world-news","30":"tag-worldnews"},"share_on_mastodon":{"url":"https:\/\/pubeurope.com\/@fi\/115572434903273418","error":""},"_links":{"self":[{"href":"https:\/\/www.europesays.com\/fi\/wp-json\/wp\/v2\/posts\/93759","targetHints":{"allow":["GET"]}}],"collection":[{"href":"https:\/\/www.europesays.com\/fi\/wp-json\/wp\/v2\/posts"}],"about":[{"href":"https:\/\/www.europesays.com\/fi\/wp-json\/wp\/v2\/types\/post"}],"author":[{"embeddable":true,"href":"https:\/\/www.europesays.com\/fi\/wp-json\/wp\/v2\/users\/2"}],"replies":[{"embeddable":true,"href":"https:\/\/www.europesays.com\/fi\/wp-json\/wp\/v2\/comments?post=93759"}],"version-history":[{"count":0,"href":"https:\/\/www.europesays.com\/fi\/wp-json\/wp\/v2\/posts\/93759\/revisions"}],"wp:featuredmedia":[{"embeddable":true,"href":"https:\/\/www.europesays.com\/fi\/wp-json\/wp\/v2\/media\/93760"}],"wp:attachment":[{"href":"https:\/\/www.europesays.com\/fi\/wp-json\/wp\/v2\/media?parent=93759"}],"wp:term":[{"taxonomy":"category","embeddable":true,"href":"https:\/\/www.europesays.com\/fi\/wp-json\/wp\/v2\/categories?post=93759"},{"taxonomy":"post_tag","embeddable":true,"href":"https:\/\/www.europesays.com\/fi\/wp-json\/wp\/v2\/tags?post=93759"}],"curies":[{"name":"wp","href":"https:\/\/api.w.org\/{rel}","templated":true}]}}