{"id":93761,"date":"2025-11-18T19:49:07","date_gmt":"2025-11-18T19:49:07","guid":{"rendered":"https:\/\/www.europesays.com\/fi\/93761\/"},"modified":"2025-11-18T19:49:07","modified_gmt":"2025-11-18T19:49:07","slug":"massiivinen-tulipalo-kaynnissa-valtatie-suljettu-iltalehti","status":"publish","type":"post","link":"https:\/\/www.europesays.com\/fi\/93761\/","title":{"rendered":"Massiivinen tulipalo k\u00e4ynniss\u00e4 \u2013 Valtatie suljettu &#8211; Iltalehti"},"content":{"rendered":"<ol>\n<li><a href=\"https:\/\/news.google.com\/rss\/articles\/CBMie0FVX3lxTE42SHp6aDFmMFRSN01tLW9mazc4c0lSQ2dScU5mcUtHQ1pTYnFvWEFGNm1zdTRqOVE2cWcyVGlvRU1GU29yVDJsQVJaMk9XU1Z0RTZqSlVmVi02MXQ4TDhhZmtia2VvcHhVaVUzXzhNcjBWeUVSMWpyYVMtQQ?oc=5\" target=\"_blank\" rel=\"nofollow noopener\">Massiivinen tulipalo k\u00e4ynniss\u00e4 \u2013 Valtatie suljettu<\/a>&nbsp;&nbsp;Iltalehti<\/li>\n<li><a href=\"https:\/\/news.google.com\/rss\/articles\/CBMilgFBVV95cUxQemc3cUhMa0c3Xzc5ZkRwTmZEMmdPLVFDQmxqZnA1YzdONTdTTEVNczl5bVgtV3dwVjFGdzNVM3Z1VXR3Qm85UUp5Z213R0JKcmpIc0VPLWt3azF4c0RNUm9VdW51TXk0NUVZMmNnNFBnMnZUa2hra2xVUzdkZUg1MWItSUVBZVRtaDBLRHpFWXZaVjZPV0E?oc=5\" target=\"_blank\" rel=\"nofollow noopener\">Pyh\u00e4j\u00e4rvell\u00e4 palava halli tulee tuhoutumaan t\u00e4ysin, paikalla on kuulunut r\u00e4j\u00e4hdyksi\u00e4: Katso videot sammutuksesta<\/a>&nbsp;&nbsp;Keskipohjanmaa<\/li>\n<li><a href=\"https:\/\/news.google.com\/rss\/articles\/CBMiQkFVX3lxTE9OZUVMekFFQTFTcDZnNU1QWF9fb0ZtT2pqUE4zV1Y1bTBPdW1Va0IyMmlMWVNtbWhGZFF5SC1IT01wdw?oc=5\" target=\"_blank\" rel=\"nofollow noopener\">Pyh\u00e4j\u00e4rvell\u00e4 palaa autohajottamo \u2013 Palomestari: r\u00e4j\u00e4hdys\u00e4\u00e4net liioittelua<\/a>&nbsp;&nbsp;Yle<\/li>\n<li><a href=\"https:\/\/news.google.com\/rss\/articles\/CBMiiAFBVV95cUxOUXBoVFd0dzZqbHR0R2NSSVllWElfWEEweElnR1NDQmlNRmtFLUpyeWtQNlRjclpOS0ZyZ1phVjNwSWZ5WGdoNWF4UVdwdGtsdkdYVXZPVTQwbk1OQk80TkhUZnZzMm5JMk16Uk54ZWVkR3JicFFfMDR4RGpfeTllbGVjNDdCdTFS?oc=5\" target=\"_blank\" rel=\"nofollow noopener\">Pyh\u00e4j\u00e4rvell\u00e4 suuri rakennuspalo Nelostien tuntumassa \u2013 vaikutuksia Vaskikellontien liikenteeseen<\/a>&nbsp;&nbsp;Kaleva<\/li>\n<\/ol>\n","protected":false},"excerpt":{"rendered":"Massiivinen tulipalo k\u00e4ynniss\u00e4 \u2013 Valtatie suljettu&nbsp;&nbsp;Iltalehti Pyh\u00e4j\u00e4rvell\u00e4 palava halli tulee tuhoutumaan t\u00e4ysin, paikalla on kuulunut r\u00e4j\u00e4hdyksi\u00e4: Katso videot&hellip;\n","protected":false},"author":2,"featured_media":93762,"comment_status":"","ping_status":"","sticky":false,"template":"","format":"standard","meta":{"footnotes":""},"categories":[12],"tags":[35,22,23,26,27,33,31,30,17,24,25,28,29,15,120,18,21,123,122,54,32,19,20,546,16],"class_list":{"0":"post-93761","1":"post","2":"type-post","3":"status-publish","4":"format-standard","5":"has-post-thumbnail","7":"category-suomi","8":"tag-24h","9":"tag-breaking-news","10":"tag-breakingnews","11":"tag-featured-news","12":"tag-featurednews","13":"tag-fi","14":"tag-finland","15":"tag-finnish","16":"tag-headlines","17":"tag-latest-news","18":"tag-latestnews","19":"tag-main-news","20":"tag-mainnews","21":"tag-news","22":"tag-onnettomuustapaus","23":"tag-otsikot","24":"tag-paauutiset","25":"tag-palo-ja-pelastustoimi","26":"tag-pelastaminen","27":"tag-pelastuspalvelut","28":"tag-suomi","29":"tag-top-stories","30":"tag-topstories","31":"tag-turvallisuus","32":"tag-uutiset"},"share_on_mastodon":{"url":"https:\/\/pubeurope.com\/@fi\/115572438832051942","error":""},"_links":{"self":[{"href":"https:\/\/www.europesays.com\/fi\/wp-json\/wp\/v2\/posts\/93761","targetHints":{"allow":["GET"]}}],"collection":[{"href":"https:\/\/www.europesays.com\/fi\/wp-json\/wp\/v2\/posts"}],"about":[{"href":"https:\/\/www.europesays.com\/fi\/wp-json\/wp\/v2\/types\/post"}],"author":[{"embeddable":true,"href":"https:\/\/www.europesays.com\/fi\/wp-json\/wp\/v2\/users\/2"}],"replies":[{"embeddable":true,"href":"https:\/\/www.europesays.com\/fi\/wp-json\/wp\/v2\/comments?post=93761"}],"version-history":[{"count":0,"href":"https:\/\/www.europesays.com\/fi\/wp-json\/wp\/v2\/posts\/93761\/revisions"}],"wp:featuredmedia":[{"embeddable":true,"href":"https:\/\/www.europesays.com\/fi\/wp-json\/wp\/v2\/media\/93762"}],"wp:attachment":[{"href":"https:\/\/www.europesays.com\/fi\/wp-json\/wp\/v2\/media?parent=93761"}],"wp:term":[{"taxonomy":"category","embeddable":true,"href":"https:\/\/www.europesays.com\/fi\/wp-json\/wp\/v2\/categories?post=93761"},{"taxonomy":"post_tag","embeddable":true,"href":"https:\/\/www.europesays.com\/fi\/wp-json\/wp\/v2\/tags?post=93761"}],"curies":[{"name":"wp","href":"https:\/\/api.w.org\/{rel}","templated":true}]}}