{"id":93775,"date":"2025-11-18T20:15:10","date_gmt":"2025-11-18T20:15:10","guid":{"rendered":"https:\/\/www.europesays.com\/fi\/93775\/"},"modified":"2025-11-18T20:15:10","modified_gmt":"2025-11-18T20:15:10","slug":"junaliikenne-poikki-espoon-kauklahden-ja-kirkkonummen-valilla-vaikuttaa-lahi-ja-kaukojuniin-uusimaa","status":"publish","type":"post","link":"https:\/\/www.europesays.com\/fi\/93775\/","title":{"rendered":"Junaliikenne poikki Espoon Kauklahden ja Kirkkonummen v\u00e4lill\u00e4 \u2013 vaikuttaa l\u00e4hi- ja kaukojuniin | Uusimaa"},"content":{"rendered":"<p class=\"aw-1gybjub aw-5vja16 kEtdKx kmuxyA yle__article__paragraph\">VR:n mukaan syyn\u00e4 on rataj\u00e4rjestelm\u00e4vika. VR kertoo korvaavansa junia linja-autoilla.<\/p>\n<p><img decoding=\"async\" alt=\"Junanvaunuja asemalaiturilla.\" src=\"https:\/\/www.europesays.com\/fi\/wp-content\/uploads\/2025\/11\/39-153615168e7bcfa2c7c7.jpeg\" class=\"aw-1l9m598 hKVVvP\"\/><\/p>\n<p>Avaa kuvien katselu<\/p>\n<p>Vika vaikuttaa l\u00e4hijuniin tunnuksilla L, E, U ja Y, mutta s\u00e4teilee muihinkin linjoihin. Kuva: Samuli Holopainen \/ Yle<\/p>\n<p>20:40\u2022P\u00e4ivitetty 21:36<\/p>\n<p class=\"aw-1gybjub aw-1p7kakr kEtdKx cEmitX yle__article__paragraph\">Junaliikenne on toistaiseksi keskeytynyt v\u00e4lill\u00e4 Kauklahti\u2013Kirkkonummi. VR:n mukaan Helsinki\u2013Kirkkonummi-v\u00e4lill\u00e4 on rataj\u00e4rjestelm\u00e4vika.<\/p>\n<p class=\"aw-1gybjub aw-1p7kakr kEtdKx cEmitX yle__article__paragraph\">VR:n viestinn\u00e4st\u00e4 kerrotaan tiistai-iltana hieman ennen kello 21, ett\u00e4 korjausty\u00f6t ovat k\u00e4ynniss\u00e4. Toiveissa on, ett\u00e4 toinen rata saataisiin pian k\u00e4ytt\u00f6\u00f6n, jolloin liikennesuma alkaisi purkautua.<\/p>\n<p class=\"aw-1gybjub aw-1p7kakr kEtdKx cEmitX yle__article__paragraph\">Vika vaikuttaa l\u00e4hijuniin tunnuksilla L, E, U ja Y, mutta s\u00e4teilee muihinkin linjoihin sek\u00e4 Helsingin ja Turun v\u00e4lisiin kaukojuniin.<\/p>\n<p class=\"aw-1gybjub aw-1p7kakr kEtdKx cEmitX yle__article__paragraph\">Esimerkiksi Turusta Helsinkiin tuleva S 966 juna kello 17:34 on VR:n mukaan my\u00f6h\u00e4ss\u00e4 noin 90 minuuttia. My\u00f6s S 968 Turusta Helsinkiin kello 18:34 on my\u00f6h\u00e4ss\u00e4.<\/p>\n<p class=\"aw-1gybjub aw-1p7kakr kEtdKx cEmitX yle__article__paragraph\">Vastaavasti IC 963 Helsingist\u00e4 Turun satamaan kello 17:35 on my\u00f6h\u00e4ss\u00e4 noin 20 minuuttia.<\/p>\n<p class=\"aw-1gybjub aw-1p7kakr kEtdKx cEmitX yle__article__paragraph\">Verkkosivujen mukaan my\u00f6s my\u00f6hemm\u00e4t junat ovat my\u00f6h\u00e4ss\u00e4 kello 21.30 tiistai-iltana.<\/p>\n<p class=\"aw-1gybjub aw-1p7kakr kEtdKx cEmitX yle__article__paragraph\">VR kertoo korvaavansa junia linja-autoilla.<\/p>\n<p>Matkustajat pitk\u00e4styneet, tietoa v\u00e4h\u00e4n<\/p>\n<p class=\"aw-1gybjub aw-1p7kakr kEtdKx cEmitX yle__article__paragraph\"><strong class=\"aw-ak79eh KyCXm yle__article__strong\">Pekka Poutanen<\/strong> kertoo odottaneensa vaimonsa kanssa jo pari tuntia Siuntion juna-asemalla.<\/p>\n<p class=\"aw-1gybjub aw-1p7kakr kEtdKx cEmitX yle__article__paragraph\">\u2013 Juuri \u00e4sken kuulutettiin t\u00e4\u00e4ll\u00e4 junassa, ett\u00e4 olemme yli kaksi tuntia my\u00f6h\u00e4ss\u00e4. Kirkkonummella on jokin johdin vika. Hyvin huonoa on t\u00e4m\u00e4 tiedottaminen ollut.<\/p>\n<p class=\"aw-1gybjub aw-1p7kakr kEtdKx cEmitX yle__article__paragraph\">Poutasen mukaan junassa on 8\u20139 ihmist\u00e4.<\/p>\n<p class=\"aw-1gybjub aw-1p7kakr kEtdKx cEmitX yle__article__paragraph\">\u2013 Alkaa jo v\u00e4h\u00e4n pitk\u00e4stytt\u00e4\u00e4. Odottelemme, mutta mit\u00e4\u00e4n ei n\u00e4yt\u00e4 tapahtuvan.<\/p>\n<p class=\"aw-1gybjub aw-1p7kakr kEtdKx cEmitX yle__article__paragraph\">Poutanen kertoo, ett\u00e4 VR:n kartasta n\u00e4kee kaikkien rantaradan pitk\u00e4n matkan junien seisovan Kauklahdessa, Siuntiossa tai muualla.<\/p>\n<p class=\"aw-1gybjub aw-1p7kakr kEtdKx cEmitX yle__article__paragraph\">Kyl\u00e4ilem\u00e4ss\u00e4 ollut pariskunta ei viel\u00e4 ole n\u00e4liss\u00e4\u00e4n, mutta Poutasen mukaan n\u00e4lk\u00e4kin tulee, jos viel\u00e4 monta tuntia kest\u00e4\u00e4.<\/p>\n","protected":false},"excerpt":{"rendered":"VR:n mukaan syyn\u00e4 on rataj\u00e4rjestelm\u00e4vika. VR kertoo korvaavansa junia linja-autoilla. Avaa kuvien katselu Vika vaikuttaa l\u00e4hijuniin tunnuksilla L,&hellip;\n","protected":false},"author":2,"featured_media":93776,"comment_status":"","ping_status":"","sticky":false,"template":"","format":"standard","meta":{"footnotes":""},"categories":[12],"tags":[22,23,400,26,27,33,31,30,17,104,5529,15919,3349,24,25,1161,28,29,15,18,21,14314,32,19,20,662,1168,16,663],"class_list":{"0":"post-93775","1":"post","2":"type-post","3":"status-publish","4":"format-standard","5":"has-post-thumbnail","7":"category-suomi","8":"tag-breaking-news","9":"tag-breakingnews","10":"tag-espoo","11":"tag-featured-news","12":"tag-featurednews","13":"tag-fi","14":"tag-finland","15":"tag-finnish","16":"tag-headlines","17":"tag-helsinki","18":"tag-junaliikenne","19":"tag-junaliikennehairiot","20":"tag-kirkkonummi","21":"tag-latest-news","22":"tag-latestnews","23":"tag-liikenne","24":"tag-main-news","25":"tag-mainnews","26":"tag-news","27":"tag-otsikot","28":"tag-paauutiset","29":"tag-siuntio","30":"tag-suomi","31":"tag-top-stories","32":"tag-topstories","33":"tag-turku","34":"tag-uusimaa","35":"tag-uutiset","36":"tag-varsinais-suomi"},"share_on_mastodon":{"url":"https:\/\/pubeurope.com\/@fi\/115572541194872667","error":""},"_links":{"self":[{"href":"https:\/\/www.europesays.com\/fi\/wp-json\/wp\/v2\/posts\/93775","targetHints":{"allow":["GET"]}}],"collection":[{"href":"https:\/\/www.europesays.com\/fi\/wp-json\/wp\/v2\/posts"}],"about":[{"href":"https:\/\/www.europesays.com\/fi\/wp-json\/wp\/v2\/types\/post"}],"author":[{"embeddable":true,"href":"https:\/\/www.europesays.com\/fi\/wp-json\/wp\/v2\/users\/2"}],"replies":[{"embeddable":true,"href":"https:\/\/www.europesays.com\/fi\/wp-json\/wp\/v2\/comments?post=93775"}],"version-history":[{"count":0,"href":"https:\/\/www.europesays.com\/fi\/wp-json\/wp\/v2\/posts\/93775\/revisions"}],"wp:featuredmedia":[{"embeddable":true,"href":"https:\/\/www.europesays.com\/fi\/wp-json\/wp\/v2\/media\/93776"}],"wp:attachment":[{"href":"https:\/\/www.europesays.com\/fi\/wp-json\/wp\/v2\/media?parent=93775"}],"wp:term":[{"taxonomy":"category","embeddable":true,"href":"https:\/\/www.europesays.com\/fi\/wp-json\/wp\/v2\/categories?post=93775"},{"taxonomy":"post_tag","embeddable":true,"href":"https:\/\/www.europesays.com\/fi\/wp-json\/wp\/v2\/tags?post=93775"}],"curies":[{"name":"wp","href":"https:\/\/api.w.org\/{rel}","templated":true}]}}