{"id":93781,"date":"2025-11-18T20:28:10","date_gmt":"2025-11-18T20:28:10","guid":{"rendered":"https:\/\/www.europesays.com\/fi\/93781\/"},"modified":"2025-11-18T20:28:10","modified_gmt":"2025-11-18T20:28:10","slug":"hanna-wass-pyytaa-anteeksi","status":"publish","type":"post","link":"https:\/\/www.europesays.com\/fi\/93781\/","title":{"rendered":"Hanna Wass pyyt\u00e4\u00e4 anteeksi"},"content":{"rendered":"<p>Hanna Wass kertoi viime viikolla pettymyksest\u00e4\u00e4n tilaamaansa mekkoa kohtaan.<\/p>\n<p><img decoding=\"async\" class=\"image image-show image-preview\" src=\"https:\/\/www.europesays.com\/fi\/wp-content\/uploads\/2025\/09\/9c78f58b78c30265c601af7428cc3115434b40416a593c79754723b9e887f276.jpg\" alt=\"\"\/><img decoding=\"async\" class=\"image image-show\" src=\"https:\/\/www.europesays.com\/fi\/wp-content\/uploads\/2025\/11\/1763497690_505_9c78f58b78c30265c601af7428cc3115434b40416a593c79754723b9e887f276.jpg\" alt=\"\"\/><\/p>\n<p>Hanna Wass kertoo arvostavansa Katri Niskasen ty\u00f6t\u00e4. PASI LIESIMAA<\/p>\n<p class=\"paragraph\">Politiikan tutkija <a href=\"https:\/\/www.iltalehti.fi\/henkilot\/Hanna Wass\" class=\"article-link-person-page\" rel=\"nofollow noopener\" target=\"_blank\">Hanna Wass<\/a> tilasi hiljattain <a href=\"https:\/\/www.iltalehti.fi\/henkilot\/Katri Niskanen\" class=\"article-link-person-page\" rel=\"nofollow noopener\" target=\"_blank\">Katri Niskasen<\/a> suunnitteleman mekon Linnan juhlia varten. Wass <a href=\"https:\/\/www.iltalehti.fi\/viihdeuutiset\/16f1434e-7cc1-48ce-96a6-9b1535456bfb\" rel=\"nofollow noopener\" target=\"_blank\">kertoi<\/a> sosiaalisen median kanavissaan pettymyksest\u00e4\u00e4n tilaamaansa mekkoon ja sen materiaaliin.<\/p>\n<p class=\"paragraph\">Nyt Wass avaa <a href=\"https:\/\/www.instagram.com\/p\/DRI1DNOgjVa\/\" rel=\"noopener nofollow\" target=\"_blank\">sosiaalisessa mediassa<\/a> suunsa julkaisunsa aiheuttaman keskustelun j\u00e4lkeen. Wass on jakanut Instagramiinsa kuvakaappauksen Iltalehden <a href=\"https:\/\/www.iltalehti.fi\/viihdeuutiset\/17059239-dd0e-45dc-a548-6748586512f1\" rel=\"nofollow noopener\" target=\"_blank\">jutusta<\/a>, jossa kerrottiin, kuinka Niskasen tiimi vastasi Wassin antamaan kritiikkiin.<\/p>\n<p class=\"paragraph\">\u2013 Olen saanut runsaasti ansaittua kritiikki\u00e4 p\u00e4ivityksest\u00e4ni liittyen verkkokaupan kautta tilaamaani iltapukuun, Wass aloittaa kirjoituksensa.<\/p>\n<p class=\"paragraph\">\u2013 Laajempi tavoitteeni oli pyrki\u00e4 ymm\u00e4rt\u00e4m\u00e4\u00e4n suomalaisen (juhla)vaatesuunnittelun taloudellista logiikkaa, mutta k\u00e4ytt\u00e4m\u00e4ni kehystys ja ilmaisut olivat eritt\u00e4in huonosti valittuja eiv\u00e4tk\u00e4 siten tukeneet yleisemm\u00e4n tason keskustelun avaamista, h\u00e4n jatkaa.<\/p>\n<p class=\"paragraph\">Wass kertoo arvostavansa Niskasen ty\u00f6t\u00e4 ja pahoittelevansa syv\u00e4sti antamaansa ep\u00e4asianmukaista palautetta.<\/p>\n<p class=\"paragraph\">\u2013 Tyylik\u00e4s tapa reagoida siihen vahvisti arvostusta entisest\u00e4\u00e4n. T\u00e4ss\u00e4 tapauksessa asiakas ei todellakaan ollut oikeassa, mist\u00e4 johtuen my\u00f6s poistin alkuper\u00e4isen p\u00e4ivityksen sometililt\u00e4ni, Wass kertoo.<\/p>\n<p><script async src=\"\/\/www.instagram.com\/embed.js\"><\/script><\/p>\n","protected":false},"excerpt":{"rendered":"Hanna Wass kertoi viime viikolla pettymyksest\u00e4\u00e4n tilaamaansa mekkoa kohtaan. Hanna Wass kertoo arvostavansa Katri Niskasen ty\u00f6t\u00e4. PASI LIESIMAA&hellip;\n","protected":false},"author":2,"featured_media":90162,"comment_status":"","ping_status":"","sticky":false,"template":"","format":"standard","meta":{"footnotes":""},"categories":[136],"tags":[35,407,4492,137,33,31,30,148,147,408,637,151,32,109],"class_list":{"0":"post-93781","1":"post","2":"type-post","3":"status-publish","4":"format-standard","5":"has-post-thumbnail","7":"category-julkkikset","8":"tag-24h","9":"tag-celebrities","10":"tag-digimedia","11":"tag-entertainment","12":"tag-fi","13":"tag-finland","14":"tag-finnish","15":"tag-internet","16":"tag-internet-palvelut","17":"tag-julkkikset","18":"tag-politiikka","19":"tag-sosiaalinen-media-ja-verkostoituminen","20":"tag-suomi","21":"tag-viihde"},"share_on_mastodon":{"url":"https:\/\/pubeurope.com\/@fi\/115572592210360905","error":""},"_links":{"self":[{"href":"https:\/\/www.europesays.com\/fi\/wp-json\/wp\/v2\/posts\/93781","targetHints":{"allow":["GET"]}}],"collection":[{"href":"https:\/\/www.europesays.com\/fi\/wp-json\/wp\/v2\/posts"}],"about":[{"href":"https:\/\/www.europesays.com\/fi\/wp-json\/wp\/v2\/types\/post"}],"author":[{"embeddable":true,"href":"https:\/\/www.europesays.com\/fi\/wp-json\/wp\/v2\/users\/2"}],"replies":[{"embeddable":true,"href":"https:\/\/www.europesays.com\/fi\/wp-json\/wp\/v2\/comments?post=93781"}],"version-history":[{"count":0,"href":"https:\/\/www.europesays.com\/fi\/wp-json\/wp\/v2\/posts\/93781\/revisions"}],"wp:featuredmedia":[{"embeddable":true,"href":"https:\/\/www.europesays.com\/fi\/wp-json\/wp\/v2\/media\/90162"}],"wp:attachment":[{"href":"https:\/\/www.europesays.com\/fi\/wp-json\/wp\/v2\/media?parent=93781"}],"wp:term":[{"taxonomy":"category","embeddable":true,"href":"https:\/\/www.europesays.com\/fi\/wp-json\/wp\/v2\/categories?post=93781"},{"taxonomy":"post_tag","embeddable":true,"href":"https:\/\/www.europesays.com\/fi\/wp-json\/wp\/v2\/tags?post=93781"}],"curies":[{"name":"wp","href":"https:\/\/api.w.org\/{rel}","templated":true}]}}