{"id":93788,"date":"2025-11-18T20:39:07","date_gmt":"2025-11-18T20:39:07","guid":{"rendered":"https:\/\/www.europesays.com\/fi\/93788\/"},"modified":"2025-11-18T20:39:07","modified_gmt":"2025-11-18T20:39:07","slug":"ennuste-tasta-tulee-black-fridayn-myydyin-laite","status":"publish","type":"post","link":"https:\/\/www.europesays.com\/fi\/93788\/","title":{"rendered":"Ennuste: T\u00e4st\u00e4 tulee Black Fridayn myydyin laite"},"content":{"rendered":"<p>\t\t\t\t\t\t\t\t\tTalous<\/p>\n<p>Puhelimet ovat myydyimpien Black Friday -laitteiden listalla selkeit\u00e4 ykk\u00f6si\u00e4 vuodesta toiseen, ja airfryer on selke\u00e4 hittituote.<\/p>\n<p>Teleoperaattori Elisa ja kodinelektroniikkaketju Gigantti kuitenkin ennustavat t\u00e4m\u00e4n vuoden uudeksi suosikiksi robotti-imuria. Ne ovat nostaneet tasaisesti suosiotaan.<\/p>\n<p>Robotti-imureita on ollut markkinoilla jo pitk\u00e4\u00e4n, mutta ne ovat yleistyneet ja kehittyneet \u00e4lykk\u00e4\u00e4mm\u00e4ksi erityisesti viimeisen kolmen vuoden aikana, Elisan tiedotteessa todetaan.<\/p>\n<p>\u2013 Siivousta helpottavia robotti- ja varsi-imureita sek\u00e4 Wet&amp;Dry -tuotteita, jotka sek\u00e4 imuroivat ett\u00e4 moppaavat, hankitaankin nyt ahkerasti, Elisalta todetaan.<\/p>\n<p>Sama viesti kuuluu Gigantista.<\/p>\n<p>\u2013 Black Fridayn ykk\u00f6shitiksi Gigantissa ennustamme robotti-imureita, jotka tulevat viimeist\u00e4\u00e4n nyt valloittamaan suomalaiskodit, \u00a0Gigantin myyntijohtaja\u00a0<strong>Pasi Puputti<\/strong> sanoo tiedotteessa.<\/p>\n<p>Gigantissa uskotaan, ett\u00e4 my\u00f6s Windows-tietokoneet ja teko\u00e4ly-PC:t tulevat keikkumaan myyntilistojen k\u00e4rjess\u00e4.<\/p>\n<p>\u2013 Teko\u00e4ly tekee yleisesti tuloaan laitteisiin, ja l\u00e4pp\u00e4rimyynnist\u00e4mme jo 40 prosenttia on teko\u00e4lytietokoneita. Teko\u00e4lyominaisuus tekee laitteista entist\u00e4 k\u00e4tev\u00e4mpi\u00e4 ja hy\u00f6dyllisempi\u00e4 henkil\u00f6kohtaisia avustajia, Puputti kertoo.<\/p>\n<p>Elisan mukaan kiinnostavia tuotteita ovat my\u00f6s Nintendo Switch 2 ja Playstation 5, joita hankitaan pukinkonttiin. Uutena tulokkaana listalle voivat nousta partyboksit ja karaokemikit.<\/p>\n<p>Moni suuntaa tietokonekaupoille Windows 10-k\u00e4ytt\u00f6j\u00e4rjestelm\u00e4n tuen p\u00e4\u00e4ttymisen my\u00f6t\u00e4.<\/p>\n<p>T\u00e4n\u00e4 vuonna my\u00f6s televisioita on hankittu alkuvuonna HD-siirtym\u00e4n takia, Elisalta kerrotaan.<\/p>\n<p>\u2013 Ennustammekin, ett\u00e4 Black Friday-tarjouksesta ostetaan nyt isompia ruutuja sek\u00e4 panostetaan \u00e4\u00e4nen ja kuvan laatuun, kuten soundbareihin ja OLED-teknologiaa hy\u00f6dynt\u00e4viin malleihin, Elisalta sanotaan.<\/p>\n<p>Black Friday -p\u00e4iv\u00e4 on 28. marraskuuta, mutta kaupat aloittavat tarjoushinnoittelun jo aikaisemmin marraskuussa.<\/p>\n","protected":false},"excerpt":{"rendered":"Talous Puhelimet ovat myydyimpien Black Friday -laitteiden listalla selkeit\u00e4 ykk\u00f6si\u00e4 vuodesta toiseen, ja airfryer on selke\u00e4 hittituote. Teleoperaattori&hellip;\n","protected":false},"author":2,"featured_media":93789,"comment_status":"","ping_status":"","sticky":false,"template":"","format":"standard","meta":{"footnotes":""},"categories":[76],"tags":[79,77,33,31,30,32,78],"class_list":{"0":"post-93788","1":"post","2":"type-post","3":"status-publish","4":"format-standard","5":"has-post-thumbnail","7":"category-talous","8":"tag-business","9":"tag-economy","10":"tag-fi","11":"tag-finland","12":"tag-finnish","13":"tag-suomi","14":"tag-talous"},"share_on_mastodon":{"url":"https:\/\/pubeurope.com\/@fi\/115572635377046791","error":""},"_links":{"self":[{"href":"https:\/\/www.europesays.com\/fi\/wp-json\/wp\/v2\/posts\/93788","targetHints":{"allow":["GET"]}}],"collection":[{"href":"https:\/\/www.europesays.com\/fi\/wp-json\/wp\/v2\/posts"}],"about":[{"href":"https:\/\/www.europesays.com\/fi\/wp-json\/wp\/v2\/types\/post"}],"author":[{"embeddable":true,"href":"https:\/\/www.europesays.com\/fi\/wp-json\/wp\/v2\/users\/2"}],"replies":[{"embeddable":true,"href":"https:\/\/www.europesays.com\/fi\/wp-json\/wp\/v2\/comments?post=93788"}],"version-history":[{"count":0,"href":"https:\/\/www.europesays.com\/fi\/wp-json\/wp\/v2\/posts\/93788\/revisions"}],"wp:featuredmedia":[{"embeddable":true,"href":"https:\/\/www.europesays.com\/fi\/wp-json\/wp\/v2\/media\/93789"}],"wp:attachment":[{"href":"https:\/\/www.europesays.com\/fi\/wp-json\/wp\/v2\/media?parent=93788"}],"wp:term":[{"taxonomy":"category","embeddable":true,"href":"https:\/\/www.europesays.com\/fi\/wp-json\/wp\/v2\/categories?post=93788"},{"taxonomy":"post_tag","embeddable":true,"href":"https:\/\/www.europesays.com\/fi\/wp-json\/wp\/v2\/tags?post=93788"}],"curies":[{"name":"wp","href":"https:\/\/api.w.org\/{rel}","templated":true}]}}