{"id":93792,"date":"2025-11-18T20:41:09","date_gmt":"2025-11-18T20:41:09","guid":{"rendered":"https:\/\/www.europesays.com\/fi\/93792\/"},"modified":"2025-11-18T20:41:09","modified_gmt":"2025-11-18T20:41:09","slug":"useita-junia-peruttu-rantaradalla-hs-fi","status":"publish","type":"post","link":"https:\/\/www.europesays.com\/fi\/93792\/","title":{"rendered":"Useita junia peruttu rantaradalla | HS.fi"},"content":{"rendered":"<p>Junaliikenne|Helsingin ja Kirkkonummen oli tiistaina illalla vika, joka vaikuttaa sek\u00e4 Helsingin ja Turun v\u00e4lisiin kaukojuniin ett\u00e4 l\u00e4hijuniin tunnuksilla L, E, U ja Y.<\/p>\n<p class=\"article-body mb-nof-24 px-nof-16\">Junaliikenteess\u00e4 on laajasti h\u00e4iri\u00f6it\u00e4 rantaradalla.<\/p>\n<p class=\"article-body mb-nof-24 px-nof-16\">VR:n mukaan Helsingin ja Kirkkonummen oli tiistaina illalla rataj\u00e4rjestelm\u00e4vika, jonka johdosta liikenne on keskeytynyt Kauklahden ja Kirkkonummen v\u00e4lill\u00e4. VR:n kello 20.25 ilmestyneen tiedotteen mukaan vika vaikuttaa Helsingin ja Turun v\u00e4lisiin kaukojuniin ja l\u00e4hijuniin tunnuksilla L, E, U ja Y sek\u00e4 mahdollisesti muihinkin linjoihin.<\/p>\n<p class=\"article-body mb-nof-24 px-nof-16\">Junia joko Turusta Helsinkiin tai Helsingist\u00e4 Turkuun oli tiistaina illalla joko reippaasti my\u00f6h\u00e4ss\u00e4, peruttu tai korvattu jokin osa matkasta linja-autolla.<\/p>\n<p class=\"article-body mb-nof-24 px-nof-16\">HSL:n mukaan linjat U Helsingin ja Kirkkonummen v\u00e4lill\u00e4 ja Y Siuntion ja Helsingin v\u00e4lill\u00e4 on peruttu keskiviikkoaamuun kello 4.29 asti.<\/p>\n","protected":false},"excerpt":{"rendered":"Junaliikenne|Helsingin ja Kirkkonummen oli tiistaina illalla vika, joka vaikuttaa sek\u00e4 Helsingin ja Turun v\u00e4lisiin kaukojuniin ett\u00e4 l\u00e4hijuniin tunnuksilla&hellip;\n","protected":false},"author":2,"featured_media":79326,"comment_status":"","ping_status":"","sticky":false,"template":"","format":"standard","meta":{"footnotes":""},"categories":[12],"tags":[22,23,26,27,33,31,30,17,46,24,25,28,29,15,18,21,32,19,20,16],"class_list":{"0":"post-93792","1":"post","2":"type-post","3":"status-publish","4":"format-standard","5":"has-post-thumbnail","7":"category-suomi","8":"tag-breaking-news","9":"tag-breakingnews","10":"tag-featured-news","11":"tag-featurednews","12":"tag-fi","13":"tag-finland","14":"tag-finnish","15":"tag-headlines","16":"tag-helsingin-sanomat","17":"tag-latest-news","18":"tag-latestnews","19":"tag-main-news","20":"tag-mainnews","21":"tag-news","22":"tag-otsikot","23":"tag-paauutiset","24":"tag-suomi","25":"tag-top-stories","26":"tag-topstories","27":"tag-uutiset"},"share_on_mastodon":{"url":"https:\/\/pubeurope.com\/@fi\/115572643408887234","error":""},"_links":{"self":[{"href":"https:\/\/www.europesays.com\/fi\/wp-json\/wp\/v2\/posts\/93792","targetHints":{"allow":["GET"]}}],"collection":[{"href":"https:\/\/www.europesays.com\/fi\/wp-json\/wp\/v2\/posts"}],"about":[{"href":"https:\/\/www.europesays.com\/fi\/wp-json\/wp\/v2\/types\/post"}],"author":[{"embeddable":true,"href":"https:\/\/www.europesays.com\/fi\/wp-json\/wp\/v2\/users\/2"}],"replies":[{"embeddable":true,"href":"https:\/\/www.europesays.com\/fi\/wp-json\/wp\/v2\/comments?post=93792"}],"version-history":[{"count":0,"href":"https:\/\/www.europesays.com\/fi\/wp-json\/wp\/v2\/posts\/93792\/revisions"}],"wp:featuredmedia":[{"embeddable":true,"href":"https:\/\/www.europesays.com\/fi\/wp-json\/wp\/v2\/media\/79326"}],"wp:attachment":[{"href":"https:\/\/www.europesays.com\/fi\/wp-json\/wp\/v2\/media?parent=93792"}],"wp:term":[{"taxonomy":"category","embeddable":true,"href":"https:\/\/www.europesays.com\/fi\/wp-json\/wp\/v2\/categories?post=93792"},{"taxonomy":"post_tag","embeddable":true,"href":"https:\/\/www.europesays.com\/fi\/wp-json\/wp\/v2\/tags?post=93792"}],"curies":[{"name":"wp","href":"https:\/\/api.w.org\/{rel}","templated":true}]}}