{"id":93811,"date":"2025-11-18T21:08:10","date_gmt":"2025-11-18T21:08:10","guid":{"rendered":"https:\/\/www.europesays.com\/fi\/93811\/"},"modified":"2025-11-18T21:08:10","modified_gmt":"2025-11-18T21:08:10","slug":"adam-malyszille-kavi-vessassa-vahinko-katiloitiin-vessapaperiin","status":"publish","type":"post","link":"https:\/\/www.europesays.com\/fi\/93811\/","title":{"rendered":"Adam Malyszille k\u00e4vi vessassa vahinko: \u201dK\u00e4til\u00f6itiin vessapaperiin\u201d"},"content":{"rendered":"<p>Puolalaislegenda ei muistele 2000-luvun alun tyyli\u00e4\u00e4n hyv\u00e4ll\u00e4. <\/p>\n<p><img decoding=\"async\" class=\"image image-show image-preview\" src=\"https:\/\/www.europesays.com\/fi\/wp-content\/uploads\/2025\/11\/86683a2cf82399c3d3a07a93c7a934888ac195075456a9aa74cbd79d64751c84.jpg\" alt=\"\"\/><img decoding=\"async\" class=\"image image-show\" src=\"https:\/\/www.europesays.com\/fi\/wp-content\/uploads\/2025\/11\/1763500089_992_86683a2cf82399c3d3a07a93c7a934888ac195075456a9aa74cbd79d64751c84.jpg\" alt=\"\"\/><\/p>\n<p>Adam Malyszia ei harmittele sit\u00e4, ett\u00e4 korvakoruaika j\u00e4i taakse.  AOP<\/p>\n<p class=\"paragraph\">M\u00e4kilegenda <strong>Adam Malysz<\/strong>, 47, on yksi Puolan suurista urheilusankareista.<\/p>\n<p class=\"paragraph\">2000-luvun alun huippuvuosina miehen tavaramerkiksi muodostuivat viikset ja korvakoru.<\/p>\n<p class=\"paragraph\">Viikset ovat j\u00e4\u00e4neet, mutta korvakorun k\u00e4ytt\u00e4misest\u00e4 h\u00e4n luopui jo varsin varhaisessa vaiheessa.<\/p>\n<p class=\"paragraph\">Malysz kertoo TVP Sportille antamassaan haastattelussa, ett\u00e4 syy on Salt Lake Cityssa vuonna 2004 tapahtuneessa rajussa kaatumisessa.<\/p>\n<p class=\"paragraph\">Koru p\u00e4\u00e4tyi vahingossa vessanp\u00f6ntt\u00f6\u00f6n.<\/p>\n<p class=\"paragraph\">\u2013 Amerikkalaiset ottivat sen pois, kun minut vietiin tajuttomana magneettikuvaukseen. Korvakoru k\u00e4til\u00f6itiin vessapaperiin ja laitettiin taskuuni. Sain tiet\u00e4\u00e4, ett\u00e4 kyse ei ollut pelk\u00e4st\u00e4 paperinpalasta vasta kauan sen j\u00e4lkeen, kun se oli huuhdeltu p\u00f6nt\u00f6st\u00e4 alas.<\/p>\n<p class=\"paragraph\">Malysz oli tehnyt korun itse.<\/p>\n<p class=\"paragraph\">\u2013 Rei&#8217;itimme korvamme sellaisilla asioilla, jotka olivat liev\u00e4sti sanottuna noloja. Se oli muotia silloin. Kadun sit\u00e4 korvakorua, h\u00e4n my\u00f6nt\u00e4\u00e4.<\/p>\n<p class=\"paragraph\">Malysz voitti urallaan nelj\u00e4 MM-kultaa ja nelj\u00e4 olympiamitalia (kolme hopeaa ja pronssi). Maailmancupin ykk\u00f6seksi puolalainen liiteli per\u00e4ti nelj\u00e4\u00e4n otteeseen.<\/p>\n<p class=\"paragraph\">Vuonna 2011 p\u00e4\u00e4ttyneen uran j\u00e4lkeen Malysz on ty\u00f6skennellyt Puolan hiihtoliitossa.<\/p>\n<p><a href=\"https:\/\/www.iltalehti.fi\/telkku\/?utm_source=iltalehti.fi&amp;utm_medium=almainternal&amp;utm_campaign=urheilu_artikkelibanneri&amp;utm_content=banner_612_a\" rel=\"nofollow noopener\" target=\"_blank\"><img decoding=\"async\" src=\"https:\/\/www.europesays.com\/fi\/wp-content\/uploads\/2025\/08\/7ef604e47d46ca174b7df4149bd3557dbde56a86d520f8e1b2125548b0a2e03a.png\" alt=\"TV-ohjelmat t\u00e4n\u00e4\u00e4n, TV-opas\"\/><\/a><\/p>\n","protected":false},"excerpt":{"rendered":"Puolalaislegenda ei muistele 2000-luvun alun tyyli\u00e4\u00e4n hyv\u00e4ll\u00e4. Adam Malyszia ei harmittele sit\u00e4, ett\u00e4 korvakoruaika j\u00e4i taakse. AOP M\u00e4kilegenda&hellip;\n","protected":false},"author":2,"featured_media":93812,"comment_status":"","ping_status":"","sticky":false,"template":"","format":"standard","meta":{"footnotes":""},"categories":[5],"tags":[35,22,23,26,27,33,31,30,17,2096,24,25,41,28,29,15,18,21,2668,32,1145,19,20,161,16],"class_list":{"0":"post-93811","1":"post","2":"type-post","3":"status-publish","4":"format-standard","5":"has-post-thumbnail","7":"category-otsikot","8":"tag-24h","9":"tag-breaking-news","10":"tag-breakingnews","11":"tag-featured-news","12":"tag-featurednews","13":"tag-fi","14":"tag-finland","15":"tag-finnish","16":"tag-headlines","17":"tag-hiihtolajit","18":"tag-latest-news","19":"tag-latestnews","20":"tag-liikunta-ja-urheilu","21":"tag-main-news","22":"tag-mainnews","23":"tag-news","24":"tag-otsikot","25":"tag-paauutiset","26":"tag-pohjoismaiset-hiihtolajit","27":"tag-suomi","28":"tag-talviurheilu","29":"tag-top-stories","30":"tag-topstories","31":"tag-urheilutapahtumat","32":"tag-uutiset"},"share_on_mastodon":{"url":"https:\/\/pubeurope.com\/@fi\/115572749475556947","error":""},"_links":{"self":[{"href":"https:\/\/www.europesays.com\/fi\/wp-json\/wp\/v2\/posts\/93811","targetHints":{"allow":["GET"]}}],"collection":[{"href":"https:\/\/www.europesays.com\/fi\/wp-json\/wp\/v2\/posts"}],"about":[{"href":"https:\/\/www.europesays.com\/fi\/wp-json\/wp\/v2\/types\/post"}],"author":[{"embeddable":true,"href":"https:\/\/www.europesays.com\/fi\/wp-json\/wp\/v2\/users\/2"}],"replies":[{"embeddable":true,"href":"https:\/\/www.europesays.com\/fi\/wp-json\/wp\/v2\/comments?post=93811"}],"version-history":[{"count":0,"href":"https:\/\/www.europesays.com\/fi\/wp-json\/wp\/v2\/posts\/93811\/revisions"}],"wp:featuredmedia":[{"embeddable":true,"href":"https:\/\/www.europesays.com\/fi\/wp-json\/wp\/v2\/media\/93812"}],"wp:attachment":[{"href":"https:\/\/www.europesays.com\/fi\/wp-json\/wp\/v2\/media?parent=93811"}],"wp:term":[{"taxonomy":"category","embeddable":true,"href":"https:\/\/www.europesays.com\/fi\/wp-json\/wp\/v2\/categories?post=93811"},{"taxonomy":"post_tag","embeddable":true,"href":"https:\/\/www.europesays.com\/fi\/wp-json\/wp\/v2\/tags?post=93811"}],"curies":[{"name":"wp","href":"https:\/\/api.w.org\/{rel}","templated":true}]}}