{"id":93815,"date":"2025-11-18T21:24:11","date_gmt":"2025-11-18T21:24:11","guid":{"rendered":"https:\/\/www.europesays.com\/fi\/93815\/"},"modified":"2025-11-18T21:24:11","modified_gmt":"2025-11-18T21:24:11","slug":"hairikko-paasi-kasiksi-maailmanluokan-tahteen-nain-kavi","status":"publish","type":"post","link":"https:\/\/www.europesays.com\/fi\/93815\/","title":{"rendered":"H\u00e4irikk\u00f6 p\u00e4\u00e4si k\u00e4siksi maailmanluokan t\u00e4hteen \u2013 N\u00e4in k\u00e4vi"},"content":{"rendered":"<p>Ariana Grande koki pelottavan tilanteen.<\/p>\n<p class=\"paragraph\">Singaporelainen tuomioistuin on tuominnut australialaismiehen yhdeks\u00e4n p\u00e4iv\u00e4n vankeuteen, kun t\u00e4m\u00e4 hy\u00f6kk\u00e4si laulaja ja n\u00e4yttelij\u00e4 <a href=\"https:\/\/www.iltalehti.fi\/henkilot\/Ariana Grande\" class=\"article-link-person-page\" rel=\"nofollow noopener\" target=\"_blank\">Ariana Granden<\/a> kimppuun Wicked for Good -elokuvan ensi-illassa, kertoo <a href=\"https:\/\/www.bbc.com\/news\/articles\/c2dr6y0w3rjo\" rel=\"noopener nofollow\" target=\"_blank\">BBC<\/a>.<\/p>\n<p class=\"paragraph\">Grande oli torstaina Singaporessa t\u00e4hditt\u00e4m\u00e4ns\u00e4 elokuvan ensi-illassa, kun innokas fani yll\u00e4tt\u00e4en kiipesi turva-aidan yli ja rynt\u00e4si maailmant\u00e4hden luo.<\/p>\n<p class=\"paragraph\">Fani kietoi k\u00e4tens\u00e4 Granden kaulan ymp\u00e4rille olkap\u00e4ille ja hyp\u00e4hteli hetken innokkaasti h\u00e4ness\u00e4 kiinni. Videolla n\u00e4hd\u00e4\u00e4n, kuinka vastan\u00e4yttelij\u00e4 <a href=\"https:\/\/www.iltalehti.fi\/henkilot\/Cynthia Erivo\" class=\"article-link-person-page\" rel=\"nofollow noopener\" target=\"_blank\">Cynthia Erivo<\/a> reagoi nopeasti ja ty\u00f6nt\u00e4\u00e4 fanin pois.<\/p>\n<p class=\"paragraph\">Erivon j\u00e4lkeen henkivartijat tarttuivat h\u00e4irikk\u00f6\u00f6n ja poistivat t\u00e4m\u00e4n paikalta. H\u00e4net pid\u00e4tettiin tapauksen j\u00e4lkeen. Grande vaikutti tilanteesta selv\u00e4sti j\u00e4rkyttyneelt\u00e4.<\/p>\n<p><img decoding=\"async\" class=\"image image-show image-preview\" src=\"https:\/\/www.europesays.com\/fi\/wp-content\/uploads\/2025\/11\/045f0eb9c2599538f63be060bdb5d642a291d5d7d970c22cc3de07f32f845559.jpg\" alt=\"\"\/><img decoding=\"async\" class=\"image image-show\" src=\"https:\/\/www.europesays.com\/fi\/wp-content\/uploads\/2025\/11\/1763501051_989_045f0eb9c2599538f63be060bdb5d642a291d5d7d970c22cc3de07f32f845559.jpg\" alt=\"\"\/><\/p>\n<p>Erivo ja Grande t\u00e4hditt\u00e4v\u00e4t WIcked for Good -elokuvaa. NEIL HALL<\/p>\n<p class=\"paragraph\">Videolla n\u00e4hty mies on tunnistettu 26-vuotiaaksi australialaiseksi <strong>Johnson Weniksi<\/strong>. H\u00e4nen kerrotaan olevan tunnettu h\u00e4irikk\u00f6, joka on aiemminkin aiheuttanut h\u00e4iri\u00f6tilanteita useissa eri tilaisuuksissa ja konserteissa<\/p>\n<p class=\"paragraph\">Miehen kerrotaan juosseen lavalle useiden esiintyjien luo, muun muassa <a href=\"https:\/\/www.iltalehti.fi\/henkilot\/Katy Perry\" class=\"article-link-person-page\" rel=\"nofollow noopener\" target=\"_blank\">Katy Perryn<\/a> ja The Chainsmokersin esiintyess\u00e4 Sydneyss\u00e4 sek\u00e4 <a href=\"https:\/\/www.iltalehti.fi\/henkilot\/The Weeknd\" class=\"article-link-person-page\" rel=\"nofollow noopener\" target=\"_blank\">The Weekndin<\/a> esiintyess\u00e4 Melbournessa.<\/p>\n<p class=\"paragraph\">Aiemmin tuomioistuin nosti h\u00e4nt\u00e4 vastaan syytteet yleisen j\u00e4rjestyksen h\u00e4iritsemisest\u00e4. Wenille olisi voitu m\u00e4\u00e4r\u00e4t\u00e4 jopa 2 000 Singaporen dollarin suuruinen sakko (n. 1330 euroa).<\/p>\n<p class=\"paragraph\">Wen kertoi oikeudessa, ettei tekisi vastaavaa en\u00e4\u00e4.<\/p>\n<p class=\"paragraph\">Vaikka Grande oli tapahtuneesta selv\u00e4sti j\u00e4rkyttynyt, h\u00e4n silti kiitti fanejaan Instagramissa.<\/p>\n<p class=\"paragraph\">Jos julkaisu ei n\u00e4y, voit katsoa sen <a href=\"https:\/\/www.instagram.com\/p\/DRBnv2GE5nr\/?img_index=1\" target=\"_blank\" rel=\"noopener nofollow\">t\u00e4st\u00e4<\/a>.<\/p>\n<p class=\"paragraph\">Ariana Grande on kertonut julkisuudessa avoimesti k\u00e4rsineens\u00e4 posttraumaattisesta stressih\u00e4iri\u00f6st\u00e4 sen j\u00e4lkeen, kun itsemurhapommi r\u00e4j\u00e4hti h\u00e4nen konsertissaan Manchesterissa toukokuussa 2017. Pommi-iskussa kuoli 22 ihmist\u00e4 ja se haavoitti jopa satoja.<\/p>\n<p>Laulajan konsertissa tapahtunut pommi-isku j\u00e4rkytti h\u00e4nt\u00e4 syv\u00e4sti. Grande itki my\u00f6hemmin saman vuoden kes\u00e4kuussa j\u00e4rjestetyss\u00e4 hyv\u00e4ntekev\u00e4isyyskonsertissa. <\/p>\n<p class=\"paragraph\">L\u00e4hteet: <a href=\"https:\/\/news.sky.com\/story\/ariana-grande-rushed-by-red-carpet-intruder-at-premiere-of-wicked-for-good-13470136\" target=\"_blank\" rel=\"noopener nofollow\">Sky News<\/a>, <a href=\"https:\/\/www.bbc.com\/news\/articles\/c051q4pnz39o\" target=\"_blank\" rel=\"noopener nofollow\">BBC<\/a>.<\/p>\n<p><script async src=\"\/\/www.instagram.com\/embed.js\"><\/script><\/p>\n","protected":false},"excerpt":{"rendered":"Ariana Grande koki pelottavan tilanteen. Singaporelainen tuomioistuin on tuominnut australialaismiehen yhdeks\u00e4n p\u00e4iv\u00e4n vankeuteen, kun t\u00e4m\u00e4 hy\u00f6kk\u00e4si laulaja ja&hellip;\n","protected":false},"author":2,"featured_media":93816,"comment_status":"","ping_status":"","sticky":false,"template":"","format":"standard","meta":{"footnotes":""},"categories":[132],"tags":[35,138,137,33,31,30,195,47,718,32,484,140,109],"class_list":{"0":"post-93815","1":"post","2":"type-post","3":"status-publish","4":"format-standard","5":"has-post-thumbnail","7":"category-musiikki","8":"tag-24h","9":"tag-audio","10":"tag-entertainment","11":"tag-fi","12":"tag-finland","13":"tag-finnish","14":"tag-music","15":"tag-musiikki","16":"tag-nayttamotaide","17":"tag-suomi","18":"tag-taiteellinen-ilmaisu-ja-mediat","19":"tag-tv-ja-elokuvat","20":"tag-viihde"},"share_on_mastodon":{"url":"https:\/\/pubeurope.com\/@fi\/115572812388552158","error":""},"_links":{"self":[{"href":"https:\/\/www.europesays.com\/fi\/wp-json\/wp\/v2\/posts\/93815","targetHints":{"allow":["GET"]}}],"collection":[{"href":"https:\/\/www.europesays.com\/fi\/wp-json\/wp\/v2\/posts"}],"about":[{"href":"https:\/\/www.europesays.com\/fi\/wp-json\/wp\/v2\/types\/post"}],"author":[{"embeddable":true,"href":"https:\/\/www.europesays.com\/fi\/wp-json\/wp\/v2\/users\/2"}],"replies":[{"embeddable":true,"href":"https:\/\/www.europesays.com\/fi\/wp-json\/wp\/v2\/comments?post=93815"}],"version-history":[{"count":0,"href":"https:\/\/www.europesays.com\/fi\/wp-json\/wp\/v2\/posts\/93815\/revisions"}],"wp:featuredmedia":[{"embeddable":true,"href":"https:\/\/www.europesays.com\/fi\/wp-json\/wp\/v2\/media\/93816"}],"wp:attachment":[{"href":"https:\/\/www.europesays.com\/fi\/wp-json\/wp\/v2\/media?parent=93815"}],"wp:term":[{"taxonomy":"category","embeddable":true,"href":"https:\/\/www.europesays.com\/fi\/wp-json\/wp\/v2\/categories?post=93815"},{"taxonomy":"post_tag","embeddable":true,"href":"https:\/\/www.europesays.com\/fi\/wp-json\/wp\/v2\/tags?post=93815"}],"curies":[{"name":"wp","href":"https:\/\/api.w.org\/{rel}","templated":true}]}}