{"id":93821,"date":"2025-11-18T21:31:11","date_gmt":"2025-11-18T21:31:11","guid":{"rendered":"https:\/\/www.europesays.com\/fi\/93821\/"},"modified":"2025-11-18T21:31:11","modified_gmt":"2025-11-18T21:31:11","slug":"kauppakeskuksissa-yllattava-kaanne-yksi-ala-kasvaa-nyt-vauhdilla","status":"publish","type":"post","link":"https:\/\/www.europesays.com\/fi\/93821\/","title":{"rendered":"Kauppakeskuksissa yll\u00e4tt\u00e4v\u00e4 k\u00e4\u00e4nne, yksi ala kasvaa nyt vauhdilla"},"content":{"rendered":"<p class=\"ai-optimize-6 ai-optimize-introduction\">Kauppakeskusten kokonaismyynnin nimellinen kasvu kiihtyi 2,3 prosenttiin vuoden kolmannella nelj\u00e4nneksell\u00e4 viime vuoden vastaavaan ajanjaksoon verrattuna, kertoo Suomen kauppakeskusyhdistys.<\/p>\n<p class=\"ai-optimize-7\">Kasvua siivitti etenkin syyskuun vilkas myynti, joka ylitti viime vuoden tason 3,4 prosentilla. 12 kuukauden rullaavalla tarkastelujaksolla kokonaismyynnin nimellinen vuosikasvu oli 1,1 prosenttia. Inflaatiokorjattuna kolmannen vuosinelj\u00e4nneksen kokonaismyynti oli 1,9 prosenttia viime vuotta korkeampi, ja 12 kuukauden rullaavalla tarkastelujaksolla myynnin vuosimuutos oli 0,6 prosenttia.<\/p>\n<p class=\"ai-optimize-8\">K\u00e4vij\u00f6it\u00e4 kauppakeskuksissa oli hein\u00e4-syyskuussa koko maassa 2,7 prosenttia enemm\u00e4n kuin vuonna 2024. P\u00e4\u00e4kaupunkiseudulla sek\u00e4 myynti ett\u00e4 k\u00e4vij\u00e4m\u00e4\u00e4r\u00e4 kasvoivat edelleen muuta maata ripe\u00e4mmin, molemmat yli kolme prosenttia.<\/p>\n<p class=\"ai-optimize-9\">\u2013 Kauppakeskusten myynti- ja k\u00e4vij\u00e4m\u00e4\u00e4r\u00e4t jatkoivat kasvuaan rauhallisen alkuvuoden j\u00e4lkeen. Inflaatiokorjattu kokonaismyynti edelliselt\u00e4 12 kuukaudelta oli nyt jo positiivinen, jota voidaan pit\u00e4\u00e4 hyv\u00e4n\u00e4 merkkin\u00e4 kasvusta. Erityisesti p\u00e4ivitt\u00e4istavara- ja tavaratalokaupan sek\u00e4 kauneuden ja terveyden tuotteiden myynnin kasvu on ollut vahvaa. Kauppakeskukset ovat pit\u00e4neet muutenkin hyvin pintansa sek\u00e4 myyntien ett\u00e4 k\u00e4vij\u00e4m\u00e4\u00e4rien osalta. T\u00e4m\u00e4 varmasti vaikuttaa siihen, ett\u00e4 kauppakeskusten liiketilojen k\u00e4ytt\u00f6aste on pysynyt korkeana, sanoo Suomen kauppakeskusyhdistyksen puheenjohtaja<strong> Jukka Vakula<\/strong> tiedotteessa.<\/p>\n<p>Kauneuden ja terveyden tuotteiden myynti vet\u00e4\u00e4<\/p>\n<p class=\"ai-optimize-11\">Kauppakeskusten suurista toimialoista kauneuden ja terveyden tuotteiden myynti jatkoi ripe\u00e4\u00e4 kasvuaan. Kolmannella vuosinelj\u00e4nneksell\u00e4 toimialan myynti oli 6,6 prosenttia edellist\u00e4 vuotta korkeampi. Toimialan osuus kauppakeskusten kokonaismyynnist\u00e4 on noussut noin 11 prosenttiin, joka l\u00e4hentelee perinteisten suurten toimialojen, kuten muodin ja asusteiden, asemaa.<\/p>\n<p class=\"ai-optimize-12\">My\u00f6s suurimman toimialaryhm\u00e4n, p\u00e4ivitt\u00e4istavara- ja tavaratalokaupan, myynnin kasvu kiihtyi ja oli nyt 3,6 prosenttia. Yli kolmen prosentin kasvulukuihin ylsiv\u00e4t my\u00f6s kahvilat ja ravintolat sek\u00e4 kauneus- ja hyvinvointipalvelut.<\/p>\n<p class=\"ai-optimize-13\">Muodin ja asusteiden sek\u00e4 vapaa-ajantuotteiden myynti jatkoi laskuaan, ja hein\u00e4-syyskuun myynti j\u00e4i kummallakin toimialalla yli kolme prosenttia viime vuotta pienemm\u00e4ksi. Suurin negatiivinen etumerkki kirjattiin viihde- ja vapaa-ajanpalvelujen myyntiin. Toimialan osuus kauppakeskusten kokonaismyynnist\u00e4 on kuitenkin edelleen varsin pieni, vain yhden prosentin luokkaa, ja pienetkin muutokset kauppakeskusten vuokralaiskannassa saavat aikaan suuria heilahteluja myyntiluvuissa.<\/p>\n<p>Kauppakeskusten liiketilojen k\u00e4ytt\u00f6aste edelleen korkea<\/p>\n<p class=\"ai-optimize-15\">Kauppakeskusten liiketilojen k\u00e4ytt\u00f6aste oli syyskuun lopussa koko maassa keskim\u00e4\u00e4rin tasan 96 prosenttia eli 0,2 prosenttiyksikk\u00f6\u00e4 matalampi kuin edellisen vuosinelj\u00e4nneksen lopussa. P\u00e4\u00e4kaupunkiseudun kauppakeskusten k\u00e4ytt\u00f6aste pysytteli vakaana hieman koko maan keskiarvoa korkeampana. Muiden suurten kaupunkiseutujen kauppakeskusten liiketilojen k\u00e4ytt\u00f6aste laski hienoisesti, mutta oli edelleen l\u00e4hes 97 prosenttia. My\u00f6s pienempien kaupunkiseutujen k\u00e4ytt\u00f6aste oli syyskuun lopussa hivenen edellist\u00e4 vuosinelj\u00e4nnest\u00e4 matalampi.<\/p>\n<p class=\"ai-optimize-16\">Tulokset perustuvat Suomen Kauppakeskusyhdistyksen myynti- ja k\u00e4vij\u00e4indeksiin, johon tiedot on ker\u00e4nnyt KTI Kiinteist\u00f6tieto. Myynti- ja k\u00e4vij\u00e4tietoja on seurattu vuodesta 2011 l\u00e4htien. Indekseill\u00e4 edistet\u00e4\u00e4n Suomen kauppakeskusmarkkinan l\u00e4pin\u00e4kyvyytt\u00e4 sek\u00e4 tarjotaan markkinatietoa kauppakeskusjohtamisen tueksi. Uusimmassa p\u00e4ivityksess\u00e4 on mukana 55 kauppakeskusta.<\/p>\n<p>Poimintoja videosis\u00e4ll\u00f6ist\u00e4mme<\/p>\n","protected":false},"excerpt":{"rendered":"Kauppakeskusten kokonaismyynnin nimellinen kasvu kiihtyi 2,3 prosenttiin vuoden kolmannella nelj\u00e4nneksell\u00e4 viime vuoden vastaavaan ajanjaksoon verrattuna, kertoo Suomen kauppakeskusyhdistys.&hellip;\n","protected":false},"author":2,"featured_media":93822,"comment_status":"","ping_status":"","sticky":false,"template":"","format":"standard","meta":{"footnotes":""},"categories":[76],"tags":[79,77,33,31,30,12949,1246,32,78],"class_list":{"0":"post-93821","1":"post","2":"type-post","3":"status-publish","4":"format-standard","5":"has-post-thumbnail","7":"category-talous","8":"tag-business","9":"tag-economy","10":"tag-fi","11":"tag-finland","12":"tag-finnish","13":"tag-kauppa","14":"tag-kuluttajat","15":"tag-suomi","16":"tag-talous"},"share_on_mastodon":{"url":"https:\/\/pubeurope.com\/@fi\/115572839897322622","error":""},"_links":{"self":[{"href":"https:\/\/www.europesays.com\/fi\/wp-json\/wp\/v2\/posts\/93821","targetHints":{"allow":["GET"]}}],"collection":[{"href":"https:\/\/www.europesays.com\/fi\/wp-json\/wp\/v2\/posts"}],"about":[{"href":"https:\/\/www.europesays.com\/fi\/wp-json\/wp\/v2\/types\/post"}],"author":[{"embeddable":true,"href":"https:\/\/www.europesays.com\/fi\/wp-json\/wp\/v2\/users\/2"}],"replies":[{"embeddable":true,"href":"https:\/\/www.europesays.com\/fi\/wp-json\/wp\/v2\/comments?post=93821"}],"version-history":[{"count":0,"href":"https:\/\/www.europesays.com\/fi\/wp-json\/wp\/v2\/posts\/93821\/revisions"}],"wp:featuredmedia":[{"embeddable":true,"href":"https:\/\/www.europesays.com\/fi\/wp-json\/wp\/v2\/media\/93822"}],"wp:attachment":[{"href":"https:\/\/www.europesays.com\/fi\/wp-json\/wp\/v2\/media?parent=93821"}],"wp:term":[{"taxonomy":"category","embeddable":true,"href":"https:\/\/www.europesays.com\/fi\/wp-json\/wp\/v2\/categories?post=93821"},{"taxonomy":"post_tag","embeddable":true,"href":"https:\/\/www.europesays.com\/fi\/wp-json\/wp\/v2\/tags?post=93821"}],"curies":[{"name":"wp","href":"https:\/\/api.w.org\/{rel}","templated":true}]}}