{"id":93823,"date":"2025-11-18T21:32:11","date_gmt":"2025-11-18T21:32:11","guid":{"rendered":"https:\/\/www.europesays.com\/fi\/93823\/"},"modified":"2025-11-18T21:32:11","modified_gmt":"2025-11-18T21:32:11","slug":"taivaalla-nakyy-marraskuussa-leonidien-meteoreja","status":"publish","type":"post","link":"https:\/\/www.europesays.com\/fi\/93823\/","title":{"rendered":"Taivaalla n\u00e4kyy marraskuussa Leonidien meteoreja"},"content":{"rendered":"<p>Aamuy\u00f6 on parasta aikaa bongareille.<\/p>\n<p>17.11. 22:55<\/p>\n<p class=\"article-body mb-nof-24 px-nof-16\">Taivaalla tapahtuu j\u00e4lleen.<\/p>\n<p class=\"article-body mb-nof-24 px-nof-16\">Yl\u00e4puolellamme viist\u00e4\u00e4 parhaillaan Leonidien meteoreja, t\u00e4htitieteellinen yhdistys <a class=\"article-genericlink\" href=\"https:\/\/www.ursa.fi\/taivaalla\/tahtitaivas-tanaan\/2025\/marraskuu\/meteorit.html\" rel=\"nofollow noopener\" target=\"_blank\">Ursa kertoo<\/a>.<\/p>\n<p class=\"article-body mb-nof-24 px-nof-16\">Erityisen runsaasti taivaankappaleita voi havaita maanantain ja tiistain v\u00e4lisen\u00e4 y\u00f6n\u00e4, jos s\u00e4\u00e4 on suotuisa.<\/p>\n<p class=\"article-body mb-nof-24 px-nof-16\">\u2013 T\u00e4hdenlennot ovat nopeita ja n\u00e4ytt\u00e4v\u00e4t tulevan Leijonan \u201dp\u00e4\u00e4n\u201d alueelta, Ursa kuvailee.<\/p>\n<p class=\"article-body mb-nof-24 px-nof-16\">Meteorit liit\u00e4v\u00e4t alkuy\u00f6st\u00e4 matalalla koillisessa, nousten aamuun menness\u00e4 korkealle etel\u00e4\u00e4n.<\/p>\n<p class=\"article-body mb-nof-24 px-nof-16\">\u2013 Niinp\u00e4 aamuy\u00f6n tunnit ovat parasta havaintoaikaa, sill\u00e4 s\u00e4teilypisteen korkeudella on huomattava vaikutus n\u00e4kyvien meteorien m\u00e4\u00e4r\u00e4\u00e4n. V\u00e4henev\u00e4 kuunsirppi ei h\u00e4iritse havaintojen tekemist\u00e4, yhdistys vinkkaa.<\/p>\n<p class=\"article-body mb-nof-24 px-nof-16\">Jos taivastelu j\u00e4\u00e4 v\u00e4list\u00e4 tulevana 17.\u201318. marraskuuta v\u00e4lisen\u00e4 y\u00f6n\u00e4, uusia mahdollisuuksia voi olla tarjolla jatkossakin.<\/p>\n<p class=\"article-body mb-nof-24 px-nof-16\">Meteoriparvia n\u00e4kyy nimitt\u00e4in marraskuun loppuun saakka.<\/p>\n<p class=\"article-body mb-nof-24 px-nof-16\">Leonidit ovat kuuluisa meteorikatras, joka tunnetaan kolmenkymmenenkolmen vuoden v\u00e4lein toistuvista, satoihin tai jopa tuhansiin meteoreihin tunnissa ylt\u00e4vist\u00e4 \u201daktiivisuushuipuistaan\u201d.<\/p>\n<p class=\"article-body mb-nof-24 px-nof-16\">Normaalisti Leonidit voivat tarjota kymmenkunta meteoria tunnissa.<\/p>\n<p class=\"article-body mb-nof-24 px-nof-16\">Ursan mukaan edellisen kerran \u201dpoikkeavasta aktiivisuuden kasvusta\u201d saatiin nauttia vuosina 1999\u20132002.<\/p>\n","protected":false},"excerpt":{"rendered":"Aamuy\u00f6 on parasta aikaa bongareille. 17.11. 22:55 Taivaalla tapahtuu j\u00e4lleen. Yl\u00e4puolellamme viist\u00e4\u00e4 parhaillaan Leonidien meteoreja, t\u00e4htitieteellinen yhdistys Ursa&hellip;\n","protected":false},"author":2,"featured_media":93824,"comment_status":"","ping_status":"","sticky":false,"template":"","format":"standard","meta":{"footnotes":""},"categories":[14],"tags":[22,23,26,27,33,31,30,17,34,24,25,28,29,15,18,21,32,19,20,56,16,59,60,61],"class_list":{"0":"post-93823","1":"post","2":"type-post","3":"status-publish","4":"format-standard","5":"has-post-thumbnail","7":"category-ulkomaat","8":"tag-breaking-news","9":"tag-breakingnews","10":"tag-featured-news","11":"tag-featurednews","12":"tag-fi","13":"tag-finland","14":"tag-finnish","15":"tag-headlines","16":"tag-ilta-sanomat","17":"tag-latest-news","18":"tag-latestnews","19":"tag-main-news","20":"tag-mainnews","21":"tag-news","22":"tag-otsikot","23":"tag-paauutiset","24":"tag-suomi","25":"tag-top-stories","26":"tag-topstories","27":"tag-ulkomaat","28":"tag-uutiset","29":"tag-world","30":"tag-world-news","31":"tag-worldnews"},"share_on_mastodon":{"url":"https:\/\/pubeurope.com\/@fi\/115572843717166150","error":""},"_links":{"self":[{"href":"https:\/\/www.europesays.com\/fi\/wp-json\/wp\/v2\/posts\/93823","targetHints":{"allow":["GET"]}}],"collection":[{"href":"https:\/\/www.europesays.com\/fi\/wp-json\/wp\/v2\/posts"}],"about":[{"href":"https:\/\/www.europesays.com\/fi\/wp-json\/wp\/v2\/types\/post"}],"author":[{"embeddable":true,"href":"https:\/\/www.europesays.com\/fi\/wp-json\/wp\/v2\/users\/2"}],"replies":[{"embeddable":true,"href":"https:\/\/www.europesays.com\/fi\/wp-json\/wp\/v2\/comments?post=93823"}],"version-history":[{"count":0,"href":"https:\/\/www.europesays.com\/fi\/wp-json\/wp\/v2\/posts\/93823\/revisions"}],"wp:featuredmedia":[{"embeddable":true,"href":"https:\/\/www.europesays.com\/fi\/wp-json\/wp\/v2\/media\/93824"}],"wp:attachment":[{"href":"https:\/\/www.europesays.com\/fi\/wp-json\/wp\/v2\/media?parent=93823"}],"wp:term":[{"taxonomy":"category","embeddable":true,"href":"https:\/\/www.europesays.com\/fi\/wp-json\/wp\/v2\/categories?post=93823"},{"taxonomy":"post_tag","embeddable":true,"href":"https:\/\/www.europesays.com\/fi\/wp-json\/wp\/v2\/tags?post=93823"}],"curies":[{"name":"wp","href":"https:\/\/api.w.org\/{rel}","templated":true}]}}