{"id":93854,"date":"2025-11-18T22:26:10","date_gmt":"2025-11-18T22:26:10","guid":{"rendered":"https:\/\/www.europesays.com\/fi\/93854\/"},"modified":"2025-11-18T22:26:10","modified_gmt":"2025-11-18T22:26:10","slug":"hyvinkaan-kuristajatappajalle-tuomio-ilta-sanomat","status":"publish","type":"post","link":"https:\/\/www.europesays.com\/fi\/93854\/","title":{"rendered":"Hyvink\u00e4\u00e4n kuristajatappajalle tuomio &#8211; Ilta-Sanomat"},"content":{"rendered":"<p>Naisen kuristamisen j\u00e4lkeen mies soitti itse h\u00e4t\u00e4keskukseen ja kertoi teostaan.<\/p>\n<p>18.11. 22:05<\/p>\n<p class=\"article-body mb-nof-24 px-nof-16\">It\u00e4-Uudenmaan k\u00e4r\u00e4j\u00e4oikeus on tuominnut 48-vuotiaan <a class=\"article-personlink\" href=\"https:\/\/www.is.fi\/haku\/?query=Marco%20Tinnurin\" rel=\"nofollow noopener\" target=\"_blank\">Marco Tinnurin<\/a> Hyvink\u00e4\u00e4ll\u00e4 tehdyst\u00e4 taposta 9 vuodeksi vankeuteen.<\/p>\n<p class=\"article-body mb-nof-24 px-nof-16\">Henkirikoksen uhrina kuoli keski-ik\u00e4inen nainen, joka oli tekij\u00e4lle entuudestaan tuttu. Uhri ja ep\u00e4ilty eiv\u00e4t olleet parisuhteessa. Henkirikos tapahtui naisuhrin asunnossa my\u00f6h\u00e4\u00e4n perjantaina 18. hein\u00e4kuuta kuluvana vuonna.<\/p>\n<p class=\"article-body mb-nof-24 px-nof-16\">Syytetylle ja uhrille oli tullut asunnossa riitaa, jonka p\u00e4\u00e4tteeksi mies kuristi naisen kuoliaaksi. Nainen oli p\u00e4ihtynyt, mink\u00e4 vuoksi h\u00e4nen kykyns\u00e4 puolustautua oli alentunut.<\/p>\n<p class=\"article-body mb-nof-24 px-nof-16\">Teon j\u00e4lkeen mies soitti itse h\u00e4t\u00e4keskukseen ja kertoi tapahtuneesta. T\u00e4m\u00e4n j\u00e4lkeen poliisit saapuivat paikalle ja ottivat miehen rikoksesta ep\u00e4iltyn\u00e4 kiinni.<\/p>\n<p class=\"article-body mb-nof-24 px-nof-16\">Mies tunnusti teon jo poliisin esitutkinnassa.<\/p>\n<p class=\"article-body mb-nof-24 px-nof-16\">Hyvink\u00e4\u00e4ll\u00e4 asuvalla, Virosta kotoisin olevalla Tinnurilla ei ollut aiempaa rikostaustaa viimeisen kymmenen vuoden ajalta.<\/p>\n<p class=\"article-body mb-nof-24 px-nof-16\">Syytt\u00e4j\u00e4 vaati h\u00e4nelle v\u00e4hint\u00e4\u00e4n 10 vuoden vankeusrangaistusta. Oikeus otti rangaistuksen mittaamisessa huomioon sen, ett\u00e4 mies oli edesauttanut rikoksen selvitt\u00e4mist\u00e4.<\/p>\n<p class=\"article-body mb-nof-24 px-nof-16\">Tuomittu m\u00e4\u00e4r\u00e4ttiin maksamaan uhrin \u00e4idille, siskolle ja aikuiselle pojalle korvauksia muun muassa k\u00e4rsimyksest\u00e4 ja hautauskuluista.<\/p>\n<p class=\"article-body mb-nof-24 px-nof-16\">H\u00e4net m\u00e4\u00e4r\u00e4ttiin tuomiolla vangittavaksi.<\/p>\n<p class=\"article-body mb-nof-24 px-nof-16\">Tuomio ei ole lainvoimainen.<\/p>\n","protected":false},"excerpt":{"rendered":"Naisen kuristamisen j\u00e4lkeen mies soitti itse h\u00e4t\u00e4keskukseen ja kertoi teostaan. 18.11. 22:05 It\u00e4-Uudenmaan k\u00e4r\u00e4j\u00e4oikeus on tuominnut 48-vuotiaan Marco&hellip;\n","protected":false},"author":2,"featured_media":93855,"comment_status":"","ping_status":"","sticky":false,"template":"","format":"standard","meta":{"footnotes":""},"categories":[5],"tags":[22,23,26,27,33,31,30,17,34,24,25,28,29,15,18,21,32,19,20,16],"class_list":{"0":"post-93854","1":"post","2":"type-post","3":"status-publish","4":"format-standard","5":"has-post-thumbnail","7":"category-otsikot","8":"tag-breaking-news","9":"tag-breakingnews","10":"tag-featured-news","11":"tag-featurednews","12":"tag-fi","13":"tag-finland","14":"tag-finnish","15":"tag-headlines","16":"tag-ilta-sanomat","17":"tag-latest-news","18":"tag-latestnews","19":"tag-main-news","20":"tag-mainnews","21":"tag-news","22":"tag-otsikot","23":"tag-paauutiset","24":"tag-suomi","25":"tag-top-stories","26":"tag-topstories","27":"tag-uutiset"},"share_on_mastodon":{"url":"https:\/\/pubeurope.com\/@fi\/115573056025313787","error":""},"_links":{"self":[{"href":"https:\/\/www.europesays.com\/fi\/wp-json\/wp\/v2\/posts\/93854","targetHints":{"allow":["GET"]}}],"collection":[{"href":"https:\/\/www.europesays.com\/fi\/wp-json\/wp\/v2\/posts"}],"about":[{"href":"https:\/\/www.europesays.com\/fi\/wp-json\/wp\/v2\/types\/post"}],"author":[{"embeddable":true,"href":"https:\/\/www.europesays.com\/fi\/wp-json\/wp\/v2\/users\/2"}],"replies":[{"embeddable":true,"href":"https:\/\/www.europesays.com\/fi\/wp-json\/wp\/v2\/comments?post=93854"}],"version-history":[{"count":0,"href":"https:\/\/www.europesays.com\/fi\/wp-json\/wp\/v2\/posts\/93854\/revisions"}],"wp:featuredmedia":[{"embeddable":true,"href":"https:\/\/www.europesays.com\/fi\/wp-json\/wp\/v2\/media\/93855"}],"wp:attachment":[{"href":"https:\/\/www.europesays.com\/fi\/wp-json\/wp\/v2\/media?parent=93854"}],"wp:term":[{"taxonomy":"category","embeddable":true,"href":"https:\/\/www.europesays.com\/fi\/wp-json\/wp\/v2\/categories?post=93854"},{"taxonomy":"post_tag","embeddable":true,"href":"https:\/\/www.europesays.com\/fi\/wp-json\/wp\/v2\/tags?post=93854"}],"curies":[{"name":"wp","href":"https:\/\/api.w.org\/{rel}","templated":true}]}}