{"id":93862,"date":"2025-11-18T22:50:14","date_gmt":"2025-11-18T22:50:14","guid":{"rendered":"https:\/\/www.europesays.com\/fi\/93862\/"},"modified":"2025-11-18T22:50:14","modified_gmt":"2025-11-18T22:50:14","slug":"japani-varoitti-kiinassa-asuvia-kansalaisiaan-turvallisuus-voi-olla-vaarassa-uutissuomalainen","status":"publish","type":"post","link":"https:\/\/www.europesays.com\/fi\/93862\/","title":{"rendered":"Japani varoitti Kiinassa asuvia kansalaisiaan \u2013 turvallisuus voi olla vaarassa | Uutissuomalainen"},"content":{"rendered":"<p>Japani varoitti tiistaina Kiinassa asuvia kansalaisiaan siit\u00e4, ett\u00e4 heid\u00e4n turvallisuutensa voi olla vaarassa maiden suhteiden kiristymisen vuoksi.<\/p>\n<p>\u2013\u2009Kiinnitt\u00e4k\u00e4\u00e4 huomiota ymp\u00e4rist\u00f6\u00f6nne ja v\u00e4ltt\u00e4k\u00e4\u00e4 mahdollisuuksien mukaan aukioita, jonne ker\u00e4\u00e4ntyy suuria ihmisjoukkoja sek\u00e4 paikkoja, joihin tiedet\u00e4\u00e4n ker\u00e4\u00e4ntyv\u00e4n paljon japanilaisia, Japanin Kiinan-suurl\u00e4hetyst\u00f6n lausunnossa sanottiin.<\/p>\n<p>Maiden suhteet kiristyiv\u00e4t, kun Japanin uusi p\u00e4\u00e4ministeri Sanae Takaichi sanoi puheessaan parlamentille vajaa kaksi viikkoa sitten, ett\u00e4 Japani voisi olla valmis ryhtym\u00e4\u00e4n sotilastoimiin, jos Kiina hy\u00f6kk\u00e4\u00e4 Taiwaniin.<\/p>\n<p>Kiina on vaatinut Takaichia perumaan kommenttinsa. Viime viikolla se kutsui Kiinan Japanin-suurl\u00e4hettil\u00e4\u00e4n puhutteluun asian vuoksi.<\/p>\n<p>Kiina on my\u00f6s kehottanut kansalaisiaan v\u00e4ltt\u00e4m\u00e4\u00e4n matkustamista Japaniin. Kiinasta tulee vuosittain eniten turisteja Japaniin, mink\u00e4 vuoksi matkailun ja v\u00e4hitt\u00e4iskaupan alan osakkeet ovat l\u00e4hteneet jyrkk\u00e4\u00e4n laskuun Japanin p\u00f6rssiss\u00e4.<\/p>\n","protected":false},"excerpt":{"rendered":"Japani varoitti tiistaina Kiinassa asuvia kansalaisiaan siit\u00e4, ett\u00e4 heid\u00e4n turvallisuutensa voi olla vaarassa maiden suhteiden kiristymisen vuoksi. \u2013\u2009Kiinnitt\u00e4k\u00e4\u00e4&hellip;\n","protected":false},"author":2,"featured_media":93863,"comment_status":"","ping_status":"","sticky":false,"template":"","format":"standard","meta":{"footnotes":""},"categories":[14],"tags":[22,23,26,27,33,31,30,863,17,24,25,2910,28,29,15,18,21,142,637,4046,8539,32,19,20,56,16,3778,59,60,61],"class_list":{"0":"post-93862","1":"post","2":"type-post","3":"status-publish","4":"format-standard","5":"has-post-thumbnail","7":"category-ulkomaat","8":"tag-breaking-news","9":"tag-breakingnews","10":"tag-featured-news","11":"tag-featurednews","12":"tag-fi","13":"tag-finland","14":"tag-finnish","15":"tag-hallitus","16":"tag-headlines","17":"tag-latest-news","18":"tag-latestnews","19":"tag-lentoliikenne-ilmaliikenne","20":"tag-main-news","21":"tag-mainnews","22":"tag-news","23":"tag-otsikot","24":"tag-paauutiset","25":"tag-poliitikot","26":"tag-politiikka","27":"tag-porssi-ja-arvopaperit-porssitoiminta","28":"tag-rahoituksen-valityksen-hallinnolliset-tukipalvelut","29":"tag-suomi","30":"tag-top-stories","31":"tag-topstories","32":"tag-ulkomaat","33":"tag-uutiset","34":"tag-vahittaiskauppa","35":"tag-world","36":"tag-world-news","37":"tag-worldnews"},"share_on_mastodon":{"url":"","error":"Validation failed: Text character limit of 500 exceeded"},"_links":{"self":[{"href":"https:\/\/www.europesays.com\/fi\/wp-json\/wp\/v2\/posts\/93862","targetHints":{"allow":["GET"]}}],"collection":[{"href":"https:\/\/www.europesays.com\/fi\/wp-json\/wp\/v2\/posts"}],"about":[{"href":"https:\/\/www.europesays.com\/fi\/wp-json\/wp\/v2\/types\/post"}],"author":[{"embeddable":true,"href":"https:\/\/www.europesays.com\/fi\/wp-json\/wp\/v2\/users\/2"}],"replies":[{"embeddable":true,"href":"https:\/\/www.europesays.com\/fi\/wp-json\/wp\/v2\/comments?post=93862"}],"version-history":[{"count":0,"href":"https:\/\/www.europesays.com\/fi\/wp-json\/wp\/v2\/posts\/93862\/revisions"}],"wp:featuredmedia":[{"embeddable":true,"href":"https:\/\/www.europesays.com\/fi\/wp-json\/wp\/v2\/media\/93863"}],"wp:attachment":[{"href":"https:\/\/www.europesays.com\/fi\/wp-json\/wp\/v2\/media?parent=93862"}],"wp:term":[{"taxonomy":"category","embeddable":true,"href":"https:\/\/www.europesays.com\/fi\/wp-json\/wp\/v2\/categories?post=93862"},{"taxonomy":"post_tag","embeddable":true,"href":"https:\/\/www.europesays.com\/fi\/wp-json\/wp\/v2\/tags?post=93862"}],"curies":[{"name":"wp","href":"https:\/\/api.w.org\/{rel}","templated":true}]}}