{"id":93864,"date":"2025-11-18T22:51:09","date_gmt":"2025-11-18T22:51:09","guid":{"rendered":"https:\/\/www.europesays.com\/fi\/93864\/"},"modified":"2025-11-18T22:51:09","modified_gmt":"2025-11-18T22:51:09","slug":"suvi-terasniska-sai-hurjia-konkurssiuutisia-tiedottaa-nyt-kaikille-faneilleen-tarkeita","status":"publish","type":"post","link":"https:\/\/www.europesays.com\/fi\/93864\/","title":{"rendered":"Suvi Ter\u00e4sniska sai hurjia konkurssiuutisia &#8211; tiedottaa nyt kaikille faneilleen t\u00e4rkeit\u00e4"},"content":{"rendered":"<p>Suvi Ter\u00e4sniskalla on t\u00e4n\u00e4\u00e4n ollut asiaa faneilleen.<\/p>\n<p>Lappeenrannassa toimiva Kulttuuritila Nuijamies on hakeutunyt konkurssiin. Kulttuuritilan taustayhdistys tiedotti asiasta julkisessa Facebook-p\u00e4ivityksess\u00e4\u00e4n. Tiedotteen mukaan yhdistyksen hallitus p\u00e4\u00e4tti j\u00e4tt\u00e4\u00e4 yhdistyksen omaehtoisen konkurssihakemuksen.<\/p>\n<p>Suvi Ter\u00e4sniskalla olisi ollut konserttikeikka Nuijamiehess\u00e4.<\/p>\n<p>Nyt h\u00e4nell\u00e4 on faneilleen t\u00e4rke\u00e4\u00e4 asiaa.<\/p>\n<p>-Keikka on siirretty uuteen tilaan Lappeenrannan Kehruuhuoneelle. Alkuper\u00e4iset liput k\u00e4yv\u00e4t uuteen paikkaan ja kellonaika on sama kello 19.00.<\/p>\n<p>Suvi on onnessaan ett\u00e4 uusi keikkapaikka j\u00e4rjestyi nopeasti.<\/p>\n<p>Lue my\u00f6s: <a href=\"https:\/\/www.como.fi\/uutiset\/tasta-suvi-terasniskan-uudesta-biisista-tuli-hitti-tarttuu-heti\/\" title=\"T\u00e4st\u00e4 Suvi Ter\u00e4sniskan uudesta biisist\u00e4 tuli hitti \u2013 tarttuu heti!\" class=\"underline-custom !font-montserrat !font-bold !underline-offset-4 !decoration-4 !decoration-red-600 !text-md\" rel=\"nofollow noopener\" target=\"_blank\">T\u00e4st\u00e4 Suvi Ter\u00e4sniskan uudesta biisist\u00e4 tuli hitti \u2013 tarttuu heti!<\/a><\/p>\n<p>-Tosi ihanaa ett\u00e4 p\u00e4\u00e4st\u00e4\u00e4n keikka tekem\u00e4\u00e4n ja suuri s\u00e4\u00e4li ett\u00e4 kaupungista h\u00e4vi\u00e4\u00e4 yksi kiva keikkapaikka. En itse ehtinyt k\u00e4yd\u00e4 Nuijamiehess\u00e4 mutta olen kuullut siit\u00e4 pelkk\u00e4\u00e4 hyv\u00e4\u00e4.<\/p>\n<p>Suville kuuluu kaiken kaikkiaan hyv\u00e4\u00e4<\/p>\n<p>Suvilla ei voisi paremmin menn\u00e4.<\/p>\n<p>-Kaikki loput triokiertueen keikat on loppuunmyyty, ja suuri kiitos siit\u00e4 kaikille jotka olette tulossa meit\u00e4 katsomaan. Tehd\u00e4\u00e4n hienot kuusi keikkaa viel\u00e4 yhdess\u00e4, Suvi sanoo ja jatkaa:<\/p>\n<p>-K\u00e4vin Warnerin toimistolla maanantaina aamupalalla laulamassa pari biisi\u00e4 uudelta Iltalauluja II -albumilta. Samalla minut yll\u00e4tettiin edellisen Iltalauluja-albumin tuplaplatinalevyll\u00e4 ja kakulla.<br \/>Iltalauluja julkaistiin viisi vuotta sitten ja se myi muutamassa kuukaudessa 10 000 kappaletta fyysisen\u00e4, ja sit\u00e4 on striimattu nyt yli 40 miljoonaa kertaa eri suoratoistopalveluissa.<\/p>\n<p>Lue my\u00f6s: <a href=\"https:\/\/www.como.fi\/tilaa-comon-uutiskirje\/\" title=\"Tilaa Comon uutiskirje ja tied\u00e4t mist\u00e4 kahvitauolla puhutaan! Nappaa kotimaan tv-vinkit ja puheenaiheet suoraan s\u00e4hk\u00f6postiin t\u00e4st\u00e4.\" class=\"underline-custom !font-montserrat !font-bold !underline-offset-4 !decoration-4 !decoration-red-600 !text-md\" rel=\"nofollow noopener\" target=\"_blank\">Tilaa Comon uutiskirje ja tied\u00e4t mist\u00e4 kahvitauolla puhutaan! Nappaa kotimaan tv-vinkit ja puheenaiheet suoraan s\u00e4hk\u00f6postiin t\u00e4st\u00e4.<\/a><\/p>\n","protected":false},"excerpt":{"rendered":"Suvi Ter\u00e4sniskalla on t\u00e4n\u00e4\u00e4n ollut asiaa faneilleen. Lappeenrannassa toimiva Kulttuuritila Nuijamies on hakeutunyt konkurssiin. Kulttuuritilan taustayhdistys tiedotti asiasta&hellip;\n","protected":false},"author":2,"featured_media":80528,"comment_status":"","ping_status":"","sticky":false,"template":"","format":"standard","meta":{"footnotes":""},"categories":[12],"tags":[22,23,26,27,33,31,30,17,24,25,28,29,15,18,21,32,6416,19,20,16],"class_list":{"0":"post-93864","1":"post","2":"type-post","3":"status-publish","4":"format-standard","5":"has-post-thumbnail","7":"category-suomi","8":"tag-breaking-news","9":"tag-breakingnews","10":"tag-featured-news","11":"tag-featurednews","12":"tag-fi","13":"tag-finland","14":"tag-finnish","15":"tag-headlines","16":"tag-latest-news","17":"tag-latestnews","18":"tag-main-news","19":"tag-mainnews","20":"tag-news","21":"tag-otsikot","22":"tag-paauutiset","23":"tag-suomi","24":"tag-suvi-teru00e4sniska","25":"tag-top-stories","26":"tag-topstories","27":"tag-uutiset"},"share_on_mastodon":{"url":"https:\/\/pubeurope.com\/@fi\/115573154436999493","error":""},"_links":{"self":[{"href":"https:\/\/www.europesays.com\/fi\/wp-json\/wp\/v2\/posts\/93864","targetHints":{"allow":["GET"]}}],"collection":[{"href":"https:\/\/www.europesays.com\/fi\/wp-json\/wp\/v2\/posts"}],"about":[{"href":"https:\/\/www.europesays.com\/fi\/wp-json\/wp\/v2\/types\/post"}],"author":[{"embeddable":true,"href":"https:\/\/www.europesays.com\/fi\/wp-json\/wp\/v2\/users\/2"}],"replies":[{"embeddable":true,"href":"https:\/\/www.europesays.com\/fi\/wp-json\/wp\/v2\/comments?post=93864"}],"version-history":[{"count":0,"href":"https:\/\/www.europesays.com\/fi\/wp-json\/wp\/v2\/posts\/93864\/revisions"}],"wp:featuredmedia":[{"embeddable":true,"href":"https:\/\/www.europesays.com\/fi\/wp-json\/wp\/v2\/media\/80528"}],"wp:attachment":[{"href":"https:\/\/www.europesays.com\/fi\/wp-json\/wp\/v2\/media?parent=93864"}],"wp:term":[{"taxonomy":"category","embeddable":true,"href":"https:\/\/www.europesays.com\/fi\/wp-json\/wp\/v2\/categories?post=93864"},{"taxonomy":"post_tag","embeddable":true,"href":"https:\/\/www.europesays.com\/fi\/wp-json\/wp\/v2\/tags?post=93864"}],"curies":[{"name":"wp","href":"https:\/\/api.w.org\/{rel}","templated":true}]}}