{"id":93875,"date":"2025-11-18T23:17:09","date_gmt":"2025-11-18T23:17:09","guid":{"rendered":"https:\/\/www.europesays.com\/fi\/93875\/"},"modified":"2025-11-18T23:17:09","modified_gmt":"2025-11-18T23:17:09","slug":"ikoninen-designbrandi-heratetaan-henkiin","status":"publish","type":"post","link":"https:\/\/www.europesays.com\/fi\/93875\/","title":{"rendered":"Ikoninen designbr\u00e4ndi her\u00e4tet\u00e4\u00e4n henkiin"},"content":{"rendered":"<p>Ikoninen kotimainen lasibr\u00e4ndi Nuutaj\u00e4rven lasi her\u00e4tet\u00e4\u00e4n henkiin.<\/p>\n<p><img decoding=\"async\" class=\"image image-show image-preview\" src=\"https:\/\/www.europesays.com\/fi\/wp-content\/uploads\/2025\/11\/b1a003763e5a8607857af420938bfd4adc6f962f5ff62c0e2b23c80667d6e714.jpg\" alt=\"\"\/><img decoding=\"async\" class=\"image image-show\" src=\"https:\/\/www.europesays.com\/fi\/wp-content\/uploads\/2025\/11\/1763507829_379_b1a003763e5a8607857af420938bfd4adc6f962f5ff62c0e2b23c80667d6e714.jpg\" alt=\"\"\/><\/p>\n<p>Nuutaj\u00e4rven lasin br\u00e4ndi palaa lasikyl\u00e4n k\u00e4ytt\u00f6\u00f6n. Kuvassa lasimakasiini. Outi J\u00e4rvinen\/KL<\/p>\n<p class=\"paragraph\">Nuutaj\u00e4rven lasikyl\u00e4ss\u00e4 j\u00e4rjestet\u00e4\u00e4n jatkossa Nuutaj\u00e4rven Lasi -nimen alla uudenlaista k\u00e4sin tehtyyn lasiin perustuvaa el\u00e4mys- ja matkailutoimintaa, yritys kertoo tiedotteessaan. Br\u00e4ndin alle siirtyv\u00e4t my\u00f6s lasikyl \u00e4n hotelli- ja ravintolaliiketoiminta, luontoel\u00e4myspalvelut ja matkailuliiketoiminta.<\/p>\n<p class=\"paragraph\">Lasikyl\u00e4n kiinteist\u00f6jen nykyinen omistaja, teollisuusneuvos <strong>Ari Salmi<\/strong>, on vuoden 2021 j\u00e4lkeen investoinut yli kolme miljoonaa euroa kulttuurihistoriallisten rakennusten kunnostamiseen. Nyt tavoitteena on vahvistaa kiinnostusta k\u00e4sintehtyyn lasiin.<\/p>\n<p class=\"paragraph\">\u2013 Haluamme Nuutaj\u00e4rven tulevaisuuden olevan yht\u00e4 hieno kuin sen 230-vuotinen menneisyys. Toivomme, ett\u00e4 laadukkaat kulttuuripalvelut tuovat alueelle my\u00f6s uutta elinvoimaa ja ty\u00f6paikkoja. Toiminnan jatkaminen historiallisella Nuutaj\u00e4rven Lasi -nimell\u00e4 tuntuu innostavalta ja oikealta, kertoo Nuutaj\u00e4rven Lasin toimitusjohtaja <strong>Teija Koskinen<\/strong> tiedotteessa.<\/p>\n<p>Nuutaj\u00e4rven lasi oli yksi suomalaisista klassikkobr\u00e4ndeist\u00e4. Kuvan Nuutaj\u00e4rven lasin tuotteet kuuluvat ker\u00e4ilij\u00e4 Iivari Viilomaan kokoelmaan. Jenni G\u00e4stgivar<\/p>\n<p class=\"paragraph\">Uusi lasikeskus varustetaan muun muassa Italiasta tilatuilla moderneilla sulatus- ja l\u00e4mmitysuuneilla sek\u00e4 lis\u00e4laitteilla. Hytti valmistuu kes\u00e4ll\u00e4 2026, jolloin selostettuja lasinpuhallusn\u00e4yt\u00f6ksi\u00e4 voi seurata p\u00e4ivitt\u00e4in 200-paikkaisesta katsomosta k\u00e4sin.<\/p>\n<p class=\"paragraph\">Hytiss\u00e4 j\u00e4rjestet\u00e4\u00e4n my\u00f6s lasinpuhalluskursseja aloittelijoille ja lasin ammattilaisille. Ensimm\u00e4isten kes\u00e4n 2026 kurssien tiedot on julkaistu, ja opetuksesta vastaavat alan kansainv\u00e4liset suunnann\u00e4ytt\u00e4j\u00e4t. Ilmoittautuminen kursseille aukeaa joulukuussa 2025. Jatkossa hytiss\u00e4 valmistetaan my\u00f6s piensarjoja ja j\u00e4rjestet\u00e4\u00e4n taiteilijaresidenssej\u00e4.<\/p>\n","protected":false},"excerpt":{"rendered":"Ikoninen kotimainen lasibr\u00e4ndi Nuutaj\u00e4rven lasi her\u00e4tet\u00e4\u00e4n henkiin. Nuutaj\u00e4rven lasin br\u00e4ndi palaa lasikyl\u00e4n k\u00e4ytt\u00f6\u00f6n. Kuvassa lasimakasiini. Outi J\u00e4rvinen\/KL Nuutaj\u00e4rven&hellip;\n","protected":false},"author":2,"featured_media":93876,"comment_status":"","ping_status":"","sticky":false,"template":"","format":"standard","meta":{"footnotes":""},"categories":[12],"tags":[22,23,2110,26,27,33,31,30,17,543,1390,24,25,28,29,15,18,21,2355,32,485,19,20,16,4004],"class_list":{"0":"post-93875","1":"post","2":"type-post","3":"status-publish","4":"format-standard","5":"has-post-thumbnail","7":"category-suomi","8":"tag-breaking-news","9":"tag-breakingnews","10":"tag-elamantapa-ja-vapaa-aika","11":"tag-featured-news","12":"tag-featurednews","13":"tag-fi","14":"tag-finland","15":"tag-finnish","16":"tag-headlines","17":"tag-koti-ja-asuminen","18":"tag-kuukausi","19":"tag-latest-news","20":"tag-latestnews","21":"tag-main-news","22":"tag-mainnews","23":"tag-news","24":"tag-otsikot","25":"tag-paauutiset","26":"tag-rakennus","27":"tag-suomi","28":"tag-taide-yleista","29":"tag-top-stories","30":"tag-topstories","31":"tag-uutiset","32":"tag-yrittajyys"},"share_on_mastodon":{"url":"https:\/\/pubeurope.com\/@fi\/115573256788885874","error":""},"_links":{"self":[{"href":"https:\/\/www.europesays.com\/fi\/wp-json\/wp\/v2\/posts\/93875","targetHints":{"allow":["GET"]}}],"collection":[{"href":"https:\/\/www.europesays.com\/fi\/wp-json\/wp\/v2\/posts"}],"about":[{"href":"https:\/\/www.europesays.com\/fi\/wp-json\/wp\/v2\/types\/post"}],"author":[{"embeddable":true,"href":"https:\/\/www.europesays.com\/fi\/wp-json\/wp\/v2\/users\/2"}],"replies":[{"embeddable":true,"href":"https:\/\/www.europesays.com\/fi\/wp-json\/wp\/v2\/comments?post=93875"}],"version-history":[{"count":0,"href":"https:\/\/www.europesays.com\/fi\/wp-json\/wp\/v2\/posts\/93875\/revisions"}],"wp:featuredmedia":[{"embeddable":true,"href":"https:\/\/www.europesays.com\/fi\/wp-json\/wp\/v2\/media\/93876"}],"wp:attachment":[{"href":"https:\/\/www.europesays.com\/fi\/wp-json\/wp\/v2\/media?parent=93875"}],"wp:term":[{"taxonomy":"category","embeddable":true,"href":"https:\/\/www.europesays.com\/fi\/wp-json\/wp\/v2\/categories?post=93875"},{"taxonomy":"post_tag","embeddable":true,"href":"https:\/\/www.europesays.com\/fi\/wp-json\/wp\/v2\/tags?post=93875"}],"curies":[{"name":"wp","href":"https:\/\/api.w.org\/{rel}","templated":true}]}}