{"id":93877,"date":"2025-11-18T23:18:11","date_gmt":"2025-11-18T23:18:11","guid":{"rendered":"https:\/\/www.europesays.com\/fi\/93877\/"},"modified":"2025-11-18T23:18:11","modified_gmt":"2025-11-18T23:18:11","slug":"lasse-lehtonen-kohussa-uusi-kaanne","status":"publish","type":"post","link":"https:\/\/www.europesays.com\/fi\/93877\/","title":{"rendered":"Lasse Lehtonen -kohussa uusi k\u00e4\u00e4nne"},"content":{"rendered":"<p>Kelan valtuutetut aikovat j\u00e4rjest\u00e4\u00e4 viel\u00e4 t\u00e4m\u00e4n kuun lopulla erillisen kokouksen, jossa Lasse Lehtosen kanssa voidaan keskustella.<\/p>\n<p><img decoding=\"async\" class=\"image image-show image-preview\" src=\"https:\/\/www.europesays.com\/fi\/wp-content\/uploads\/2025\/11\/b27407f7e37221a879bcd25ba56d24da318a7745a6d0890ba12b5bfe7dfeb140.jpg\" alt=\"\"\/><img decoding=\"async\" class=\"image image-show\" src=\"https:\/\/www.europesays.com\/fi\/wp-content\/uploads\/2025\/11\/1763507891_680_b27407f7e37221a879bcd25ba56d24da318a7745a6d0890ba12b5bfe7dfeb140.jpg\" alt=\"\"\/><\/p>\n<p>Kelan p\u00e4\u00e4johtaja Lasse Lehtonen. Pete Anikari<\/p>\n<p class=\"paragraph\">Kelan valtuutetut pitiv\u00e4t t\u00e4n\u00e4\u00e4n kokouksensa eduskunnassa.<\/p>\n<p class=\"paragraph\">Iltalehti kertoi jo aiemmin, ett\u00e4 Kelan p\u00e4\u00e4johtajan <strong>Lasse Lehtosen<\/strong> toiminta Kelan johdossa noussee kokouksessa keskusteluun. Lehtosen johtaminen ja et\u00e4ty\u00f6linjaukset ovat kuohuttaneet Kelan sis\u00e4ll\u00e4.<\/p>\n<p class=\"paragraph\">Valtuutettujen kokouksen j\u00e4lkeen muutama valtuutettu kertoi, ett\u00e4 valtuutettujen puheenjohtajan, kansanedustaja <a href=\"https:\/\/www.iltalehti.fi\/henkilot\/Mira Nieminen\" class=\"article-link-person-page\" rel=\"nofollow noopener\" target=\"_blank\">Mira Niemisen<\/a> (ps) on m\u00e4\u00e4r\u00e4 kommentoida kokousta.<\/p>\n<p class=\"paragraph\">Nieminen ei kuitenkaan saapunut kommentoimaan. H\u00e4n oli jo aiemmin kertonut olevansa kiireinen kokouksen j\u00e4lkeen.<\/p>\n<p class=\"paragraph\">Kela sen sijaan l\u00e4hetti tiedotteen.<\/p>\n<p>Tarve ty\u00f6rauhalle<\/p>\n<p class=\"paragraph\">Tiedotteen mukaan Kelan valtuutetut k\u00e4viv\u00e4t kokouksessaan lyhyen keskustelun Kelan uusista l\u00e4hity\u00f6n linjauksista ja p\u00e4\u00e4johtajan julkisuudessa esitt\u00e4mist\u00e4 lausunnoista. Valtuutetut p\u00e4\u00e4ttiv\u00e4t j\u00e4rjest\u00e4\u00e4 aiheesta erillisen kokouksen marraskuun lopussa.<\/p>\n<p>Kelan valtuutettujen puheenjohtaja Mira Nieminen (ps). Eduskunta<\/p>\n<p class=\"paragraph\">Tiedotteessa sanotaan, ett\u00e4 valtuutetut korostivat tarvetta ty\u00f6rauhalle, jotta Kela voi keskitty\u00e4 perusteht\u00e4v\u00e4\u00e4ns\u00e4 ja k\u00e4yd\u00e4 tarvittavia keskusteluita sis\u00e4isesti. Valtuutetut kiittiv\u00e4t t\u00e4h\u00e4n menness\u00e4 tehtyj\u00e4 toimenpiteit\u00e4 tilanteen korjaamiseksi.<\/p>\n<p class=\"paragraph\">\u2013 Arvostamme kelalaisten ty\u00f6t\u00e4 ja sitoutumista suuresti. P\u00e4\u00e4johtaja on pyyt\u00e4nyt kelalaisilta anteeksi lausuntojaan, ja t\u00e4m\u00e4 on t\u00e4rke\u00e4 askel eteenp\u00e4in, valtuutettujen puheenjohtaja Mira Nieminen sanoo tiedotteen mukaan.<\/p>\n<p class=\"paragraph\">Nieminen <a href=\"https:\/\/www.iltalehti.fi\/politiikka\/db911843-00c9-4894-91a7-b3c477c73eb7\" rel=\"nofollow noopener\" target=\"_blank\">ennakoi jo aiemmin<\/a>, ett\u00e4 Lehtoselle j\u00e4rjestett\u00e4neen my\u00f6hemmin tapaaminen Kelan valtuutettujen kanssa. Julkisuudessa <a href=\"https:\/\/www.hs.fi\/politiikka\/art-2000011627932.html\" rel=\"noopener nofollow\" target=\"_blank\">on ollut esill\u00e4<\/a>, ettei Lehtonen p\u00e4\u00e4ssyt t\u00e4h\u00e4n kokoukseen matkansa takia.<\/p>\n","protected":false},"excerpt":{"rendered":"Kelan valtuutetut aikovat j\u00e4rjest\u00e4\u00e4 viel\u00e4 t\u00e4m\u00e4n kuun lopulla erillisen kokouksen, jossa Lasse Lehtosen kanssa voidaan keskustella. Kelan p\u00e4\u00e4johtaja&hellip;\n","protected":false},"author":2,"featured_media":93878,"comment_status":"","ping_status":"","sticky":false,"template":"","format":"standard","meta":{"footnotes":""},"categories":[5],"tags":[35,22,23,26,27,33,31,30,17,24,25,28,29,15,18,21,637,886,885,887,32,19,20,860,16],"class_list":{"0":"post-93877","1":"post","2":"type-post","3":"status-publish","4":"format-standard","5":"has-post-thumbnail","7":"category-otsikot","8":"tag-24h","9":"tag-breaking-news","10":"tag-breakingnews","11":"tag-featured-news","12":"tag-featurednews","13":"tag-fi","14":"tag-finland","15":"tag-finnish","16":"tag-headlines","17":"tag-latest-news","18":"tag-latestnews","19":"tag-main-news","20":"tag-mainnews","21":"tag-news","22":"tag-otsikot","23":"tag-paauutiset","24":"tag-politiikka","25":"tag-puolueet","26":"tag-suomen-poliittiset-puolueet","27":"tag-suomen-politiikka","28":"tag-suomi","29":"tag-top-stories","30":"tag-topstories","31":"tag-tyoelama","32":"tag-uutiset"},"share_on_mastodon":{"url":"https:\/\/pubeurope.com\/@fi\/115573260593634341","error":""},"_links":{"self":[{"href":"https:\/\/www.europesays.com\/fi\/wp-json\/wp\/v2\/posts\/93877","targetHints":{"allow":["GET"]}}],"collection":[{"href":"https:\/\/www.europesays.com\/fi\/wp-json\/wp\/v2\/posts"}],"about":[{"href":"https:\/\/www.europesays.com\/fi\/wp-json\/wp\/v2\/types\/post"}],"author":[{"embeddable":true,"href":"https:\/\/www.europesays.com\/fi\/wp-json\/wp\/v2\/users\/2"}],"replies":[{"embeddable":true,"href":"https:\/\/www.europesays.com\/fi\/wp-json\/wp\/v2\/comments?post=93877"}],"version-history":[{"count":0,"href":"https:\/\/www.europesays.com\/fi\/wp-json\/wp\/v2\/posts\/93877\/revisions"}],"wp:featuredmedia":[{"embeddable":true,"href":"https:\/\/www.europesays.com\/fi\/wp-json\/wp\/v2\/media\/93878"}],"wp:attachment":[{"href":"https:\/\/www.europesays.com\/fi\/wp-json\/wp\/v2\/media?parent=93877"}],"wp:term":[{"taxonomy":"category","embeddable":true,"href":"https:\/\/www.europesays.com\/fi\/wp-json\/wp\/v2\/categories?post=93877"},{"taxonomy":"post_tag","embeddable":true,"href":"https:\/\/www.europesays.com\/fi\/wp-json\/wp\/v2\/tags?post=93877"}],"curies":[{"name":"wp","href":"https:\/\/api.w.org\/{rel}","templated":true}]}}