{"id":93912,"date":"2025-11-19T00:48:19","date_gmt":"2025-11-19T00:48:19","guid":{"rendered":"https:\/\/www.europesays.com\/fi\/93912\/"},"modified":"2025-11-19T00:48:19","modified_gmt":"2025-11-19T00:48:19","slug":"roderick-kabanga-oli-luopua-nayttelemisesta-ison-tragedian-takia","status":"publish","type":"post","link":"https:\/\/www.europesays.com\/fi\/93912\/","title":{"rendered":"Roderick Kabanga oli luopua n\u00e4yttelemisest\u00e4 ison tragedian takia"},"content":{"rendered":"<p class=\"ingress\">Oululaissyntyinen n\u00e4yttelij\u00e4 esitt\u00e4\u00e4 Helsingin kaupunginteatterin n\u00e4ytelm\u00e4ss\u00e4 Ukrainassa kuollutta ammattisotilasta Aleksia. Rooli ei ole ollut helppo.<\/p>\n<p>\u201dPalo esiintymiseen katosi, kun menetin ihmisen, jolle olin halunnut esiinty\u00e4. Olin esiintynyt rakkaudesta \u00e4iti\u00e4 kohtaan.\u201d<\/p>\n<p><strong>Roderick Kabanga<\/strong>, 32, tekee koskettavan roolisuorituksen Helsingin Kaupunginteatterin uudessa Aleksi Suomesta -n\u00e4ytelm\u00e4ss\u00e4. Esitys perustuu <strong>Tuomas Kyr\u00f6n<\/strong> samannimiseen romaaniin ja tositarinaan suomalaisesta ammattisotilaasta <strong>Aleksi Lysanderista<\/strong>, joka menehtyi vapaaehtoisena Ukrainan sodassa vuoden 2024 lopussa.<\/p>\n<p>Esityksen suunnittelu oli jo pitk\u00e4ll\u00e4, kun suruviesti saavutti ty\u00f6ryhm\u00e4n.<\/p>\n<p><strong>Lue my\u00f6s:<\/strong> <a href=\"https:\/\/anna.fi\/ihmiset\/anssi-kela-uransa-aallonpohjasta\" rel=\"nofollow noopener\" target=\"_blank\">Anssi Kela uransa aallonpohjasta: \u201dOli rankkaa oivaltaa, ett\u00e4 olen itse tyrinyt\u201d<\/a><\/p>\n<p>\u201dOlimme kumppanini kanssa Pariisissa viett\u00e4m\u00e4ss\u00e4 joululomaa. Yht\u00e4kki\u00e4 keitti\u00f6st\u00e4 kuului kauhistunut huokaus, kun tytt\u00f6yst\u00e4v\u00e4ni luki uutisen Aleksin menehtymisest\u00e4. Olin surullinen, koska meid\u00e4n oli tarkoitus tavata Aleksi. H\u00e4n oli alusta asti mukana esityksen suunnittelussa\u201d, Roderick kertoo.<\/p>\n<p>Aleksin kuolema sai Roderickin pohtimaan, mill\u00e4 oikeudella h\u00e4n nousisi lavalle kertomaan t\u00e4m\u00e4n tarinaa. Mit\u00e4 enemm\u00e4n h\u00e4n perehtyi t\u00e4m\u00e4n el\u00e4m\u00e4ntarinaan, sit\u00e4 varmemmaksi h\u00e4n alkoi tulla siit\u00e4, ett\u00e4 olisi juuri oikea ihminen teht\u00e4v\u00e4\u00e4n.<\/p>\n<p>\u201dMeill\u00e4 on hyvin samankaltainen historia. Olemme syntyneet Oulussa, meit\u00e4 on kiusattu ihonv\u00e4rimme ja identiteettimme takia ja olemme kumpikin etsineet pitk\u00e4\u00e4n omaa paikkaamme. Aleksi valitsi ammattisotilaan polun ja min\u00e4 n\u00e4yttelij\u00e4n, koska tunsin siell\u00e4 kuuluvani joukkoon ja tulevani n\u00e4hdyksi ja kuulluksi.\u201d<\/p>\n<p>Aluksi Roderickist\u00e4 tuntui haastavalta n\u00e4ytell\u00e4 oikeaa, el\u00e4nytt\u00e4 ihmist\u00e4 fiktiivisten henkil\u00f6iden sijaan.<\/p>\n<p>\u201dSe sai aluksi pasmani sekaisin. P\u00e4\u00e4tin kuitenkin, ett\u00e4 haluan kertoa Aleksin tarinan. Vaikka Aleksi valitsikin ammattisotilaan polun, n\u00e4ytelm\u00e4n sanoma on, ett\u00e4 sota on aina v\u00e4\u00e4r\u00e4 ratkaisu.\u201d<\/p>\n<p>Lopulta ty\u00f6ryhm\u00e4 p\u00e4\u00e4tti, ett\u00e4 Roderick Kabanga menee lavalle Roderick Kabangana, joka kertoo Aleksi Lysanderin tarinan.<\/p>\n<p>\u201dKerromme sen tarinan niin, ett\u00e4 se voisi kertoa kenest\u00e4 tahansa meist\u00e4.\u201d<\/p>\n<p>    <a href=\"https:\/\/anna.fi\/wp-content\/uploads\/2025\/11\/rode2pieni-scaled.jpg\" rel=\"nofollow noopener\" target=\"_blank\"><img fetchpriority=\"high\" decoding=\"async\" alt=\"\" class=\"wp-image-681533 awpo-lqip awpo-lazy\" width=\"2560\" height=\"1920\" style=\"--aspect-ratio: 1.33\" src=\"https:\/\/www.europesays.com\/fi\/wp-content\/uploads\/2025\/11\/rode2pieni-scaled.jpg\"\/><\/a><br \/>\n      Roderick Kabangalla on riitt\u00e4nyt kiireit\u00e4 kameran edess\u00e4 kuin teatterin lavallakin.      <\/p>\n<p>          \u00a9 Sampo Korhonen        <\/p>\n<p><strong>Palo esiintymiseen katosi \u00e4idin kuoleman my\u00f6t\u00e4<\/strong><\/p>\n<p>Oulussa syntyneen Roderickin ensimm\u00e4inen kosketus esiintymiseen oli, kun h\u00e4n n\u00e4ki musiikkikanava MTV:ll\u00e4 <strong>Michael Jacksonin<\/strong> musiikkivideoita. Viisivuotiaana h\u00e4n tutustui T\u00e4htien sotaan.<\/p>\n<p>\u201d\u00c4iti tuli yhten\u00e4 p\u00e4iv\u00e4n\u00e4 hakemaan p\u00e4iv\u00e4kodista Anttilan kassi k\u00e4dess\u00e4\u00e4n. Siell\u00e4 oli kolme VHS-kasettia, joissa oli alkuper\u00e4inen T\u00e4htien sota -trilogia. Muistan sen hetken, kun ensimm\u00e4inen kasetti laitettiin perjantai-iltana soittimeen. P\u00f6yd\u00e4ll\u00e4 oli karkkia ja kokista, ja yht\u00e4kki\u00e4 televisioruudulla n\u00e4kyi valomiekkoja ja Darth Vader. Olin, ett\u00e4 vau, mit\u00e4 ihmett\u00e4 t\u00e4m\u00e4 on?\u201d<\/p>\n<p>\u00c4iti kertoi Roderickille, ett\u00e4 ruudulla oli joukko n\u00e4yttelij\u00f6it\u00e4 esiintym\u00e4ss\u00e4.<\/p>\n<p>\u201dSilloin mietin, ett\u00e4 min\u00e4kin haluan n\u00e4ytell\u00e4. En kuitenkaan tehnyt viel\u00e4 silloin p\u00e4\u00e4t\u00f6st\u00e4 n\u00e4yttelij\u00e4ksi ryhtymisest\u00e4, sill\u00e4 tuohon aikaan halusin ihan yht\u00e4 kovasti ryhty\u00e4 isona oikeaksi karhuksi\u201d, Roderick nauraa.<\/p>\n<p><strong>Lue my\u00f6s Kotiliesi.fi:<\/strong> <a href=\"https:\/\/kotiliesi.fi\/ihmiset\/valivuosi-italiassa-muutti-mari-rengon-elaman\/\" rel=\"nofollow noopener\" target=\"_blank\">Unelmien vuosi Italiassa muutti l\u00e4\u00e4k\u00e4ri Mari Rengon el\u00e4m\u00e4n suunnan \u2013 \u201dSeh\u00e4n on kuin jostain kirjasta\u201d<\/a><\/p>\n<p>\u00c4iti kannusti Roderickia ja t\u00e4m\u00e4n pikkuvelje\u00e4 tavoittelemaan unelmiaan. Is\u00e4n l\u00e4hestymistapa oli toisenlainen.<\/p>\n<p>\u201d\u00c4idill\u00e4ni oli iso rooli siin\u00e4, ett\u00e4 uskalsin jahdata unelmiani esiintymisen parissa. Is\u00e4ni on kotoisin Kongosta ja oli hyvin vahvasti sit\u00e4 mielt\u00e4, ett\u00e4 minun pit\u00e4isi menn\u00e4 tekem\u00e4\u00e4n jotain oikeita t\u00f6it\u00e4.\u201d<\/p>\n<p>\u00c4iti menehtyi sy\u00f6p\u00e4\u00e4n Roderickin ollessa 13-vuotias. Samalla kuoli unelma esiintymisest\u00e4.<\/p>\n<p>\u201dPalo esiintymiseen katosi sen my\u00f6t\u00e4, kun menetin ihmisen, jolle olin koko ajan halunnut esiinty\u00e4. Olin esiintynyt rakkaudesta \u00e4iti\u00e4 kohtaan. P\u00e4\u00e4tin unohtaa koko touhun ja keskitty\u00e4 tekem\u00e4\u00e4n muita asioita.\u201d<\/p>\n<p><strong>Roderick Kabanga haaveilee kansainv\u00e4lisest\u00e4 urasta<\/strong><\/p>\n<p>Perhe muutti Oulusta Vantaalle ja Roderick p\u00e4\u00e4tyi opiskelemaan s\u00e4hk\u00f6- ja automaatiotekniikkaa Vantaan ammattiopistoon. Sen j\u00e4lkeen h\u00e4n aloitti ty\u00f6t Vantaan Energialla.<\/p>\n<p>\u201dOlin masentunut, eik\u00e4 mik\u00e4\u00e4n tuntunut milt\u00e4\u00e4n. Yst\u00e4v\u00e4ni alkoivat kuitenkin kannustaa minua hakemaan helsinkil\u00e4iseen harrastajateatteri Ilvekseen. P\u00e4\u00e4sin sinne 23-vuotiaana, ja hiillokseksi kutistunut esiintymisen liekki syttyi uudestaan.\u201d<\/p>\n<p>Roderick muistaa viel\u00e4kin tunteen ensimm\u00e4isen harjoituksen j\u00e4lkeen.<\/p>\n<p>\u201dPurskahdin itkuun, sill\u00e4 tuntui niin uskomattomalta p\u00e4\u00e4st\u00e4 esiintym\u00e4\u00e4n pitk\u00e4n tauon j\u00e4lkeen.\u201d<\/p>\n<p>Kaksi vuotta my\u00f6hemmin Roderick p\u00e4\u00e4si toisella yrityksell\u00e4 Helsingin Teatterikorkeakouluun.<\/p>\n<p>\u201dSe tuntui uskomattomalta, sill\u00e4 \u00e4idin lis\u00e4ksi kukaan ei ollut oikein uskonut, ett\u00e4 minusta voisi tulla n\u00e4yttelij\u00e4.\u201d<\/p>\n<p>Kandiksi valmistumisen j\u00e4lkeen Roderickilla on riitt\u00e4nyt kiireit\u00e4 kameran edess\u00e4 kuin teatterin lavallakin. <\/p>\n<p>\u201dP\u00e4\u00e4sin heti kandiksi valmistuttuani mukaan Savoy-teatterin West Side Story -musikaaliin. Sen j\u00e4lkeen minut valittiin p\u00e4\u00e4rooliin ensimm\u00e4iseen suomalaiseen Netflix-sarjaan Dance Brothers. Se oli unelmien t\u00e4yttymys, sill\u00e4 olen aina haaveillut kansainv\u00e4lisist\u00e4 produktioista.\u201d<\/p>\n<p>Seuraavaksi h\u00e4net n\u00e4hd\u00e4\u00e4n lokakuussa Elisa Viihteell\u00e4 J\u00e4\u00e4n vangit -kauhusarjassa.<\/p>\n<p>\u201dOlen kiitollinen siit\u00e4, ett\u00e4 olen p\u00e4\u00e4ssyt tekem\u00e4\u00e4n niin monipuolisesti rooleja teatterissa ja kameran edess\u00e4. Jos Jumala, t\u00e4hdet, universumi sallii, haluaisin jonakin p\u00e4iv\u00e4n\u00e4 tehd\u00e4 elokuvan Ranskassa tai Englannissa. Kansainv\u00e4linen ura on isoin haaveeni ja se on pieness\u00e4 mittakaavassa toteutunutkin Netflix-sarjan my\u00f6t\u00e4. Odotan kuitenkin viel\u00e4 elokuvaohjaaja <strong>Christopher Nolanin<\/strong> puhelua\u201d, Roderick hymyilee.<\/p>\n<p>Tulevaisuudessa Roderick n\u00e4kisi itsens\u00e4 my\u00f6s nuorisoty\u00f6n parissa. H\u00e4n haluaisi opettaa maahanmuuttajataustaisille nuorille asioita, joita on oppinut n\u00e4yttelemisen kautta.<\/p>\n<p>\u201dOlen l\u00f6yt\u00e4nyt n\u00e4yttelemisen kautta oman paikkani ja sen, miten suomalaisessa kulttuurissa toimitaan. Olisi hienoa p\u00e4\u00e4st\u00e4 viem\u00e4\u00e4n sit\u00e4 sanomaa eteenp\u00e4in nuorille ihmisille.\u201d<\/p>\n<p>    Sinua voi kiinnostaa my\u00f6s:<\/p>\n<ol class=\"read-also__list\">\n<li>\n<p>            <img loading=\"lazy\" decoding=\"async\" class=\"card__image awpo-lqip awpo-lazy\" width=\"2442\" height=\"1374\" src=\"https:\/\/www.europesays.com\/fi\/wp-content\/uploads\/2025\/11\/1763513297_822_leena-vaaka.jpg\"\/>                <a href=\"https:\/\/anna.fi\/kategoria\/ihmiset\" class=\"card__vignette\" rel=\"nofollow noopener\" target=\"_blank\"><br \/>\n            Ihmiset          <\/a><\/p>\n<p>      <a href=\"https:\/\/anna.fi\/ihmiset\/leena-uotila-lapsuusmuisto\" class=\"card__link-overlay\" rel=\"nofollow noopener\" target=\"_blank\">N\u00e4yttelij\u00e4 Leena Uotilan lapsuudessa oli yleinen tapa, joka en\u00e4\u00e4 ei tulisi kuuloonkaan: \u201dOlen edelleen v\u00e4h\u00e4n loukkaantunut\u201d<\/a><\/p>\n<\/li>\n<li>\n<p>            <img loading=\"lazy\" decoding=\"async\" class=\"card__image awpo-lqip awpo-lazy\" width=\"2520\" height=\"1600\" src=\"https:\/\/www.europesays.com\/fi\/wp-content\/uploads\/2025\/11\/1763513298_752_nayttelijat-kollaasit.jpg\"\/>                <a href=\"https:\/\/anna.fi\/kategoria\/ihmiset\/viihde\" class=\"card__vignette\" rel=\"nofollow noopener\" target=\"_blank\"><br \/>\n            Viihde          <\/a><\/p>\n<p>      <a href=\"https:\/\/anna.fi\/ihmiset\/viihde\/nama-suomalaisnayttelijat-loistavat-ulkomailla\" class=\"card__link-overlay\" rel=\"nofollow noopener\" target=\"_blank\">N\u00e4m\u00e4 suomalaisn\u00e4yttelij\u00e4t loistavat ulkomailla \u2013 nyky\u00e4\u00e4n listalla my\u00f6s alle nelikymppisi\u00e4 t\u00e4hti\u00e4<\/a><\/p>\n<\/li>\n<li>\n<p>            <img loading=\"lazy\" decoding=\"async\" class=\"card__image awpo-lqip awpo-lazy\" width=\"1572\" height=\"982\" src=\"https:\/\/www.europesays.com\/fi\/wp-content\/uploads\/2025\/11\/lottaetu.jpg\"\/>                <a href=\"https:\/\/anna.fi\/kategoria\/ihmiset\" class=\"card__vignette\" rel=\"nofollow noopener\" target=\"_blank\"><br \/>\n            Ihmiset          <\/a><\/p>\n<p>      <a href=\"https:\/\/anna.fi\/ihmiset\/lotta-kaihua-nayttelemisesta\" class=\"card__link-overlay\" rel=\"nofollow noopener\" target=\"_blank\">Lotta Kaihua ihmettelee v\u00e4lill\u00e4 itsekin, miksi n\u00e4yttelee \u2212 Hannu-Pekka Bj\u00f6rkman heitti ennen lavalle nousua osuvan kommentin<\/a><\/p>\n<\/li>\n<\/ol>\n","protected":false},"excerpt":{"rendered":"Oululaissyntyinen n\u00e4yttelij\u00e4 esitt\u00e4\u00e4 Helsingin kaupunginteatterin n\u00e4ytelm\u00e4ss\u00e4 Ukrainassa kuollutta ammattisotilasta Aleksia. Rooli ei ole ollut helppo. \u201dPalo esiintymiseen katosi,&hellip;\n","protected":false},"author":2,"featured_media":93913,"comment_status":"","ping_status":"","sticky":false,"template":"","format":"standard","meta":{"footnotes":""},"categories":[136],"tags":[1177,18514,407,137,33,31,30,408,622,3843,32,109],"class_list":{"0":"post-93912","1":"post","2":"type-post","3":"status-publish","4":"format-standard","5":"has-post-thumbnail","7":"category-julkkikset","8":"tag-aiti","9":"tag-aiti-poikasuhde","10":"tag-celebrities","11":"tag-entertainment","12":"tag-fi","13":"tag-finland","14":"tag-finnish","15":"tag-julkkikset","16":"tag-nayttelijat","17":"tag-suomalaiset-nayttelijat","18":"tag-suomi","19":"tag-viihde"},"share_on_mastodon":{"url":"https:\/\/pubeurope.com\/@fi\/115573614671508746","error":""},"_links":{"self":[{"href":"https:\/\/www.europesays.com\/fi\/wp-json\/wp\/v2\/posts\/93912","targetHints":{"allow":["GET"]}}],"collection":[{"href":"https:\/\/www.europesays.com\/fi\/wp-json\/wp\/v2\/posts"}],"about":[{"href":"https:\/\/www.europesays.com\/fi\/wp-json\/wp\/v2\/types\/post"}],"author":[{"embeddable":true,"href":"https:\/\/www.europesays.com\/fi\/wp-json\/wp\/v2\/users\/2"}],"replies":[{"embeddable":true,"href":"https:\/\/www.europesays.com\/fi\/wp-json\/wp\/v2\/comments?post=93912"}],"version-history":[{"count":0,"href":"https:\/\/www.europesays.com\/fi\/wp-json\/wp\/v2\/posts\/93912\/revisions"}],"wp:featuredmedia":[{"embeddable":true,"href":"https:\/\/www.europesays.com\/fi\/wp-json\/wp\/v2\/media\/93913"}],"wp:attachment":[{"href":"https:\/\/www.europesays.com\/fi\/wp-json\/wp\/v2\/media?parent=93912"}],"wp:term":[{"taxonomy":"category","embeddable":true,"href":"https:\/\/www.europesays.com\/fi\/wp-json\/wp\/v2\/categories?post=93912"},{"taxonomy":"post_tag","embeddable":true,"href":"https:\/\/www.europesays.com\/fi\/wp-json\/wp\/v2\/tags?post=93912"}],"curies":[{"name":"wp","href":"https:\/\/api.w.org\/{rel}","templated":true}]}}