{"id":93921,"date":"2025-11-19T01:02:12","date_gmt":"2025-11-19T01:02:12","guid":{"rendered":"https:\/\/www.europesays.com\/fi\/93921\/"},"modified":"2025-11-19T01:02:12","modified_gmt":"2025-11-19T01:02:12","slug":"kelan-valtuutetut-aikovat-kuulla-lasse-lehtosta-uudessa-kokouksessa","status":"publish","type":"post","link":"https:\/\/www.europesays.com\/fi\/93921\/","title":{"rendered":"Kelan valtuutetut aikovat kuulla Lasse Lehtosta uudessa kokouksessa"},"content":{"rendered":"<p>Kelan valtuutetut aikovat kuulla p\u00e4\u00e4johtajaa erillisess\u00e4 kokouksessa.<\/p>\n<p>18.11. 19:05 | P\u00e4ivitetty 18.11. 20:03<\/p>\n<p class=\"article-body mb-nof-24 px-nof-16\">Kelan valtuutetut kutsuvat p\u00e4\u00e4johtaja <a class=\"article-personlink\" href=\"https:\/\/www.is.fi\/haku\/?query=Lasse%20Lehtosen\" rel=\"nofollow noopener\" target=\"_blank\">Lasse Lehtosen<\/a> erilliseen kokoukseen k\u00e4ym\u00e4\u00e4n l\u00e4pi viimeaikaisia tapahtumia, kertoi valtuutettujen puheenjohtaja <a class=\"article-personlink\" href=\"https:\/\/www.is.fi\/haku\/?query=Mira%20Nieminen\" rel=\"nofollow noopener\" target=\"_blank\">Mira Nieminen<\/a> (ps) STT:lle tiistaina.<\/p>\n<p class=\"article-body mb-nof-24 px-nof-16\">\u2013\u2009Valtuutetut p\u00e4\u00e4sev\u00e4t nyt keskustelemaan suoraan. T\u00e4m\u00e4 on oma tilannekatsaus ilman v\u00e4lik\u00e4si\u00e4 valtuutetuille, kun Lehtonen ei t\u00e4n\u00e4\u00e4n ollut kokouksessa paikalla, Nieminen sanoi.<\/p>\n<p class=\"article-body mb-nof-24 px-nof-16\">P\u00e4\u00e4johtaja ei osallistunut valtuutettujen tiistain kokoukseen, koska h\u00e4n oli ty\u00f6matkalla.<\/p>\n<p class=\"article-body mb-nof-24 px-nof-16\">Valtuutetut korostivat <a class=\"article-genericlink\" href=\"https:\/\/www.sttinfo.fi\/tiedote\/71619155\/kelan-valtuutetut-jatkavat-keskustelua-lahityon-linjauksista-ja-johtamisesta-marraskuun-lopussa?publisherId=69820426&amp;lang=fi\" rel=\"nofollow noopener\" target=\"_blank\">tiedotteessaan<\/a> tarvetta ty\u00f6rauhalle, jotta Kela voi keskitty\u00e4 perusteht\u00e4v\u00e4\u00e4ns\u00e4 ja k\u00e4yd\u00e4 tarvittavia keskusteluita sis\u00e4isesti. Valtuutetut kiittiv\u00e4t t\u00e4h\u00e4n menness\u00e4 tehtyj\u00e4 toimenpiteit\u00e4 tilanteen korjaamiseksi.<\/p>\n<p class=\"article-body mb-nof-24 px-nof-16\">\u2013\u2009Arvostamme kelalaisten ty\u00f6t\u00e4 ja sitoutumista suuresti. P\u00e4\u00e4johtaja on pyyt\u00e4nyt kelalaisilta anteeksi lausuntojaan, ja t\u00e4m\u00e4 on t\u00e4rke\u00e4 askel eteenp\u00e4in, Nieminen sanoi tiedotteessa.<\/p>\n<p class=\"article-body mb-nof-24 px-nof-16\">Lehtosen ulostulot et\u00e4ty\u00f6st\u00e4 ja Kelan henkil\u00f6st\u00f6st\u00e4 ovat her\u00e4tt\u00e4neet laajaa polemiikkia, koska ne on koettu Kelan henkil\u00f6kunnan keskuudessa loukkaaviksi. Lehtonen pyysi puheitaan anteeksi viime viikolla Kelan hallituksen kokouksen j\u00e4lkeen.<\/p>\n<p class=\"article-body mb-nof-24 px-nof-16\">\u2013\u2009Nyt toivomme rauhaa k\u00e4sitell\u00e4 asiaa Kelan sis\u00e4ll\u00e4, t\u00e4m\u00e4 julkisuusmyll\u00e4kk\u00e4 ei oikein ket\u00e4\u00e4n palvele t\u00e4ss\u00e4 asiassa. T\u00e4m\u00e4 on ollut monen asian kulminaatiopiste, Nieminen sanoi.<\/p>\n<p class=\"article-body mb-nof-24 px-nof-16\">Niemisen mukaan kyse ei ole siit\u00e4, ett\u00e4 Lehtosella ei olisi luottamusta Kelan johdossa.<\/p>\n<p class=\"article-body mb-nof-24 px-nof-16\">\u2013\u2009Ei n\u00e4in voi sanoa, ett\u00e4 luottamus olisi nyt mennyt. On vaikeita asioita, ja niit\u00e4 selvitell\u00e4\u00e4n, Nieminen muotoili.<\/p>\n<p class=\"article-body mb-nof-24 px-nof-16\">Kelan hallintoa ja toimintaa valvoo kaksitoista eduskunnan valitsemaa valtuutettua. He pit\u00e4v\u00e4t kokouksen noin kerran kuukaudessa. Valtuutetut valitsivat Lehtosen p\u00e4\u00e4johtajaksi viime kev\u00e4\u00e4n\u00e4 \u00e4\u00e4nestyksen j\u00e4lkeen<\/p>\n","protected":false},"excerpt":{"rendered":"Kelan valtuutetut aikovat kuulla p\u00e4\u00e4johtajaa erillisess\u00e4 kokouksessa. 18.11. 19:05 | P\u00e4ivitetty 18.11. 20:03 Kelan valtuutetut kutsuvat p\u00e4\u00e4johtaja Lasse&hellip;\n","protected":false},"author":2,"featured_media":93922,"comment_status":"","ping_status":"","sticky":false,"template":"","format":"standard","meta":{"footnotes":""},"categories":[5],"tags":[22,23,26,27,33,31,30,17,34,24,25,28,29,15,18,21,32,19,20,16],"class_list":{"0":"post-93921","1":"post","2":"type-post","3":"status-publish","4":"format-standard","5":"has-post-thumbnail","7":"category-otsikot","8":"tag-breaking-news","9":"tag-breakingnews","10":"tag-featured-news","11":"tag-featurednews","12":"tag-fi","13":"tag-finland","14":"tag-finnish","15":"tag-headlines","16":"tag-ilta-sanomat","17":"tag-latest-news","18":"tag-latestnews","19":"tag-main-news","20":"tag-mainnews","21":"tag-news","22":"tag-otsikot","23":"tag-paauutiset","24":"tag-suomi","25":"tag-top-stories","26":"tag-topstories","27":"tag-uutiset"},"share_on_mastodon":{"url":"https:\/\/pubeurope.com\/@fi\/115573669437546749","error":""},"_links":{"self":[{"href":"https:\/\/www.europesays.com\/fi\/wp-json\/wp\/v2\/posts\/93921","targetHints":{"allow":["GET"]}}],"collection":[{"href":"https:\/\/www.europesays.com\/fi\/wp-json\/wp\/v2\/posts"}],"about":[{"href":"https:\/\/www.europesays.com\/fi\/wp-json\/wp\/v2\/types\/post"}],"author":[{"embeddable":true,"href":"https:\/\/www.europesays.com\/fi\/wp-json\/wp\/v2\/users\/2"}],"replies":[{"embeddable":true,"href":"https:\/\/www.europesays.com\/fi\/wp-json\/wp\/v2\/comments?post=93921"}],"version-history":[{"count":0,"href":"https:\/\/www.europesays.com\/fi\/wp-json\/wp\/v2\/posts\/93921\/revisions"}],"wp:featuredmedia":[{"embeddable":true,"href":"https:\/\/www.europesays.com\/fi\/wp-json\/wp\/v2\/media\/93922"}],"wp:attachment":[{"href":"https:\/\/www.europesays.com\/fi\/wp-json\/wp\/v2\/media?parent=93921"}],"wp:term":[{"taxonomy":"category","embeddable":true,"href":"https:\/\/www.europesays.com\/fi\/wp-json\/wp\/v2\/categories?post=93921"},{"taxonomy":"post_tag","embeddable":true,"href":"https:\/\/www.europesays.com\/fi\/wp-json\/wp\/v2\/tags?post=93921"}],"curies":[{"name":"wp","href":"https:\/\/api.w.org\/{rel}","templated":true}]}}