{"id":93927,"date":"2025-11-19T01:25:16","date_gmt":"2025-11-19T01:25:16","guid":{"rendered":"https:\/\/www.europesays.com\/fi\/93927\/"},"modified":"2025-11-19T01:25:16","modified_gmt":"2025-11-19T01:25:16","slug":"asia-ei-etene-eika-muutoksia-tehda-halpahallin-janne-ylinen-joutui-oikomaan-mediatietoja-henkilokunnalleen","status":"publish","type":"post","link":"https:\/\/www.europesays.com\/fi\/93927\/","title":{"rendered":"\u201dAsia ei etene, eik\u00e4 muutoksia tehd\u00e4\u201d \u2013 HalpaHallin Janne Ylinen joutui oikomaan mediatietoja henkil\u00f6kunnalleen"},"content":{"rendered":"<p>                                  Paikallisuutiset<\/p>\n<p>                <img loading=\"lazy\" decoding=\"async\" itemprop=\"contentUrl\" class=\"figure-img img-fluid\"  src=\"https:\/\/www.europesays.com\/fi\/wp-content\/uploads\/2025\/11\/1763515516_538_imengine.public.prod.hil.infomaker.io\" width=\"4252\" height=\"2835\"  alt=\"\"\/><\/p>\n<p>                                    HalpaHallin tavaratalo Kokkolassa sijaitsee Tehtaankadun ja Ristirannankadun risteyksess\u00e4.<br \/>\n                                                    Kuva:<br \/>\n                    Jukka Lehoj\u00e4rvi<\/p>\n<p>              Ma 17.11.2025 klo 12:13<br \/>\n                  | P\u00e4ivitetty: Ma 17.11.2025 klo 20:57<\/p>\n<p>      MAINOS &#8211; juttu jatkuu mainoksen j\u00e4lkeen<\/p>\n<p>      MAINOS &#8211; mainos p\u00e4\u00e4ttyy<\/p>\n<p class=\"ew-body\">Iltalehden puolitoista viikkoa sitten <a href=\"https:\/\/www.iltalehti.fi\/kotimaa\/a\/9425e10a-53b1-40d4-a7ba-e66d69a9163f?_gl=1*18axjlb*_ga*MTI4MTUxNzE2LjE3NjMzNjQyMzI.*_ga_ZK9HSLR6KC*czE3NjMzNjQyMzEkbzEkZzEkdDE3NjMzNjQzMTAkajYwJGwwJGgw*_ga_3L539PMN3X*czE3NjMzNjQyMzEkbzEkZzEkdDE3NjMzNjQzMTAkajYwJGwwJGgw\" id=\"link-b131acb0f9263d50689fc9c03cc43adb\" rel=\"nofollow noopener\" target=\"_blank\"><strong id=\"strong-940903001668560f40b7eae621e89f20\">(7.11.) julkaisema juttu<\/strong><\/a> ja sen perusteella viime torstaina <a href=\"https:\/\/www.iltalehti.fi\/kotimaa\/a\/0644f975-4bc0-4b55-8928-8c76c50faa1e\" id=\"link-ef74530aa57a49f378617d613182be46\" rel=\"nofollow noopener\" target=\"_blank\"><strong id=\"strong-52cebcc9f790a00eb269a4a23dc7b995\">(13.11.) julkaistu jatkojuttu<\/strong><\/a> Kokkolan Halpa-Halli Oy:st\u00e4 nosti esille yhti\u00f6n linjauksen pit\u00e4\u00e4 alkoholijuomat \u2013 yli 2,8-prosenttiset \u2013 edelleen pois HalpaHallien myyntivalikoimasta.<\/p>\n<p class=\"ew-body\">Yhti\u00f6n toimitusjohtaj<\/p>\n<p>  <a class=\"btn btn-secondary btn-icon-left\" href=\"#coral_thread\"><br \/>\n    <img decoding=\"async\" src=\"https:\/\/www.keskipohjanmaa.fi\/wp-content\/themes\/hilla-theme\/assets\/img\/icon_comments.svg\" alt=\"\"\/><br \/>\n    Kommentoi<br \/>\n    \u00a0(0)<br \/>\n  <\/a><\/p>\n<p>  <a class=\"btn btn-secondary btn-icon-left mailto_web\" href=\"mailto:toimitus@keskipohjanmaa.fi?subject=Ilmoita%20asiavirheest%C3%A4&amp;body=Otsikko%3A%20%E2%80%9DAsia%20ei%20etene%2C%20eik%C3%A4%20muutoksia%20tehd%C3%A4%E2%80%9D%20%E2%80%93%20HalpaHallin%20Janne%20Ylinen%20joutui%20oikomaan%20mediatietoja%20henkil%C3%B6kunnalleen%0AUuid%3A%20fc777e79-64bf-4b32-be5a-48f91ecf5b78%0AUrl%3A%20https%3A%2F%2Fwww.keskipohjanmaa.fi%2Fartikkeli%2Fasia-ei-etene-eika-muutoksia-tehda-alkoholijuomat-eivat-ole-tulossa-halpahallien-hyllyihin\"><br \/>\n    <img decoding=\"async\" src=\"https:\/\/www.keskipohjanmaa.fi\/wp-content\/themes\/hilla-theme\/assets\/img\/icon_feedback.svg\" alt=\"\"\/><br \/>\n    Ilmoita asiavirheest\u00e4<br \/>\n  <\/a><\/p>\n","protected":false},"excerpt":{"rendered":"Paikallisuutiset HalpaHallin tavaratalo Kokkolassa sijaitsee Tehtaankadun ja Ristirannankadun risteyksess\u00e4. Kuva: Jukka Lehoj\u00e4rvi Ma 17.11.2025 klo 12:13 | P\u00e4ivitetty:&hellip;\n","protected":false},"author":2,"featured_media":93928,"comment_status":"","ping_status":"","sticky":false,"template":"","format":"standard","meta":{"footnotes":""},"categories":[76],"tags":[79,77,33,31,30,32,78],"class_list":{"0":"post-93927","1":"post","2":"type-post","3":"status-publish","4":"format-standard","5":"has-post-thumbnail","7":"category-talous","8":"tag-business","9":"tag-economy","10":"tag-fi","11":"tag-finland","12":"tag-finnish","13":"tag-suomi","14":"tag-talous"},"share_on_mastodon":{"url":"https:\/\/pubeurope.com\/@fi\/115573760044090859","error":""},"_links":{"self":[{"href":"https:\/\/www.europesays.com\/fi\/wp-json\/wp\/v2\/posts\/93927","targetHints":{"allow":["GET"]}}],"collection":[{"href":"https:\/\/www.europesays.com\/fi\/wp-json\/wp\/v2\/posts"}],"about":[{"href":"https:\/\/www.europesays.com\/fi\/wp-json\/wp\/v2\/types\/post"}],"author":[{"embeddable":true,"href":"https:\/\/www.europesays.com\/fi\/wp-json\/wp\/v2\/users\/2"}],"replies":[{"embeddable":true,"href":"https:\/\/www.europesays.com\/fi\/wp-json\/wp\/v2\/comments?post=93927"}],"version-history":[{"count":0,"href":"https:\/\/www.europesays.com\/fi\/wp-json\/wp\/v2\/posts\/93927\/revisions"}],"wp:featuredmedia":[{"embeddable":true,"href":"https:\/\/www.europesays.com\/fi\/wp-json\/wp\/v2\/media\/93928"}],"wp:attachment":[{"href":"https:\/\/www.europesays.com\/fi\/wp-json\/wp\/v2\/media?parent=93927"}],"wp:term":[{"taxonomy":"category","embeddable":true,"href":"https:\/\/www.europesays.com\/fi\/wp-json\/wp\/v2\/categories?post=93927"},{"taxonomy":"post_tag","embeddable":true,"href":"https:\/\/www.europesays.com\/fi\/wp-json\/wp\/v2\/tags?post=93927"}],"curies":[{"name":"wp","href":"https:\/\/api.w.org\/{rel}","templated":true}]}}