{"id":93931,"date":"2025-11-19T01:27:11","date_gmt":"2025-11-19T01:27:11","guid":{"rendered":"https:\/\/www.europesays.com\/fi\/93931\/"},"modified":"2025-11-19T01:27:11","modified_gmt":"2025-11-19T01:27:11","slug":"orpo-suomi-nostaa-eulta-miljardi-euroa-yhteisvelkaa-puolustushankintoihin","status":"publish","type":"post","link":"https:\/\/www.europesays.com\/fi\/93931\/","title":{"rendered":"Orpo: Suomi nostaa EU:lta miljardi euroa yhteisvelkaa puolustushankintoihin"},"content":{"rendered":"<p>    <img decoding=\"async\" class=\"responsive-image article__image-image lozad\"   src=\"https:\/\/www.europesays.com\/fi\/wp-content\/uploads\/2025\/11\/Gi33Pl7iehX3PFuWxxrNbWLp4R7Rhyekt2eaa2VYzr0uiiF01foIIVAR4KLCncDOGygEfKTigEVJszt2kYg0Y8MiFNAQMyiE6_l8.jpeg\" alt=\"Petteri Orpo (kok.) kertoi tiistaina Suomen hy\u00f6dynt\u00e4v\u00e4n Euroopan Unionin Safe-v\u00e4linett\u00e4, jolla voidaan kasvattaa suomalaisen puolustusteollisuuden tuotteiden tilauksia.\"\/><\/p>\n<p>\n                Petteri Orpo (kok.) kertoi tiistaina Suomen hy\u00f6dynt\u00e4v\u00e4n Euroopan Unionin Safe-v\u00e4linett\u00e4, jolla voidaan kasvattaa suomalaisen puolustusteollisuuden tuotteiden tilauksia.\n              <\/p>\n<p>\n                Kuva: Roni Rekomaa \/ Lehtikuva\n              <\/p>\n<p class=\"article__paragraph\">\n      Suomi on p\u00e4\u00e4tt\u00e4nyt hy\u00f6dynt\u00e4\u00e4 miljardilla eurolla EU:n uutta lainav\u00e4linett\u00e4 puolustusteollisuuden vahvistamiseksi. Asiasta kertoi p\u00e4\u00e4ministeri Petteri Orpo (kok.) STT:lle viestitse.\n    <\/p>\n<p class=\"article__paragraph\">\n      P\u00e4\u00e4t\u00f6s tehtiin hallituksen talouspoliittisessa ministerivaliokunnassa tiistaina.\n    <\/p>\n<p class=\"article__paragraph\">\n      Rahoitusta voidaan Orpon mukaan k\u00e4ytt\u00e4\u00e4 esimerkiksi Suomen Maavoimia vahvistaviin hankintoihin ja droonisuorituskykyjen kehitt\u00e4miseen yhteisty\u00f6ss\u00e4 erityisesti Ukrainan kanssa.\n    <\/p>\n<p class=\"article__paragraph\">\n      Kyseess\u00e4 on Safe-niminen EU:n 150 miljardin euron lainav\u00e4line, jonka kautta j\u00e4senmaille on tarkoitus my\u00f6nt\u00e4\u00e4 lainoja puolustushankintoihin.\n    <\/p>\n<p class=\"article__paragraph\">\n      P\u00e4\u00e4t\u00f6s vahvistaa Orpon mukaan suomalaisen puolustusteollisuuden edellytyksi\u00e4 sek\u00e4 eurooppalaista puolustusyhteisty\u00f6t\u00e4 ja yhteishankintoja.\n    <\/p>\n<p class=\"article__paragraph\">\n      \u2013\u2009Safe-v\u00e4lineen ensisijaiset hy\u00f6dyt ovat suomalaisen puolustusteollisuuden tuotteiden tilausten kasvattamisessa, Orpo viestitti.\n    <\/p>\n<p class=\"article__paragraph\">\n      Suomi oli jo aiemmin ilmaissut kiinnostuksensa lainav\u00e4lineelle. Kaikkiaan kiinnostuksensa v\u00e4lineen k\u00e4yt\u00f6lle on ilmaissut 19 j\u00e4senmaata.\n    <\/p>\n<p class=\"article__paragraph\">\n      J\u00e4senmaiden on vahvistettava marraskuun loppuun menness\u00e4 p\u00e4\u00e4t\u00f6s hakemisesta ja esitett\u00e4v\u00e4 suunnitelmansa komissiolle siit\u00e4, miten ne aikovat rahaa k\u00e4ytt\u00e4\u00e4.\n    <\/p>\n<p>      Tarkoitus vahvistaa unionin puolustusta<\/p>\n<p class=\"article__paragraph\">\n      Monen asiantuntija-arvion mukaan Safe on teknisesti yhteisvelkaa, vaikka se poikkeaakin vuonna 2020 perustetusta elpymisv\u00e4lineest\u00e4.\n    <\/p>\n<p class=\"article__paragraph\">\n      My\u00f6nnetyill\u00e4 lainoilla on kymmenen vuoden lyhennysvapaa ja kilpailukykyiset korot. Suomi on k\u00e4ynyt pohdintoja siit\u00e4, onko Suomen edullisempaa tehd\u00e4 hankintoja itse lainav\u00e4lineen ulkopuolella.\n    <\/p>\n<p class=\"article__paragraph\">\n      Lainasta saatua rahaa voi k\u00e4ytt\u00e4\u00e4 esimerkiksi ammus- ja ohjushankintoihin, ilmatorjuntaj\u00e4rjestelmiin, kyberturvallisuuteen ja sotilaallisen liikkuvuuden parantamiseen.\n    <\/p>\n<p class=\"article__paragraph\">\n      Safe-lainav\u00e4line on osa komission laajempaa suunnitelmaa, jonka tavoitteena on vahvistaa koko unionin puolustusta 800 miljardin euron edest\u00e4. EU-komissio on halunnut, ett\u00e4 unioni kykenee puolustamaan itse\u00e4\u00e4n kaikenlaista aggressiota vastaan vuoteen 2030 menness\u00e4.\n    <\/p>\n","protected":false},"excerpt":{"rendered":"Petteri Orpo (kok.) kertoi tiistaina Suomen hy\u00f6dynt\u00e4v\u00e4n Euroopan Unionin Safe-v\u00e4linett\u00e4, jolla voidaan kasvattaa suomalaisen puolustusteollisuuden tuotteiden tilauksia. Kuva:&hellip;\n","protected":false},"author":2,"featured_media":93932,"comment_status":"","ping_status":"","sticky":false,"template":"","format":"standard","meta":{"footnotes":""},"categories":[12],"tags":[22,23,26,27,33,31,30,17,24,25,28,29,15,18,21,32,19,20,16],"class_list":{"0":"post-93931","1":"post","2":"type-post","3":"status-publish","4":"format-standard","5":"has-post-thumbnail","7":"category-suomi","8":"tag-breaking-news","9":"tag-breakingnews","10":"tag-featured-news","11":"tag-featurednews","12":"tag-fi","13":"tag-finland","14":"tag-finnish","15":"tag-headlines","16":"tag-latest-news","17":"tag-latestnews","18":"tag-main-news","19":"tag-mainnews","20":"tag-news","21":"tag-otsikot","22":"tag-paauutiset","23":"tag-suomi","24":"tag-top-stories","25":"tag-topstories","26":"tag-uutiset"},"share_on_mastodon":{"url":"https:\/\/pubeurope.com\/@fi\/115573767967340865","error":""},"_links":{"self":[{"href":"https:\/\/www.europesays.com\/fi\/wp-json\/wp\/v2\/posts\/93931","targetHints":{"allow":["GET"]}}],"collection":[{"href":"https:\/\/www.europesays.com\/fi\/wp-json\/wp\/v2\/posts"}],"about":[{"href":"https:\/\/www.europesays.com\/fi\/wp-json\/wp\/v2\/types\/post"}],"author":[{"embeddable":true,"href":"https:\/\/www.europesays.com\/fi\/wp-json\/wp\/v2\/users\/2"}],"replies":[{"embeddable":true,"href":"https:\/\/www.europesays.com\/fi\/wp-json\/wp\/v2\/comments?post=93931"}],"version-history":[{"count":0,"href":"https:\/\/www.europesays.com\/fi\/wp-json\/wp\/v2\/posts\/93931\/revisions"}],"wp:featuredmedia":[{"embeddable":true,"href":"https:\/\/www.europesays.com\/fi\/wp-json\/wp\/v2\/media\/93932"}],"wp:attachment":[{"href":"https:\/\/www.europesays.com\/fi\/wp-json\/wp\/v2\/media?parent=93931"}],"wp:term":[{"taxonomy":"category","embeddable":true,"href":"https:\/\/www.europesays.com\/fi\/wp-json\/wp\/v2\/categories?post=93931"},{"taxonomy":"post_tag","embeddable":true,"href":"https:\/\/www.europesays.com\/fi\/wp-json\/wp\/v2\/tags?post=93931"}],"curies":[{"name":"wp","href":"https:\/\/api.w.org\/{rel}","templated":true}]}}