{"id":9395,"date":"2025-08-18T15:49:09","date_gmt":"2025-08-18T15:49:09","guid":{"rendered":"https:\/\/www.europesays.com\/fi\/9395\/"},"modified":"2025-08-18T15:49:09","modified_gmt":"2025-08-18T15:49:09","slug":"business-finlandin-pomon-sometili-tayttyi-eroottisista-kuvista","status":"publish","type":"post","link":"https:\/\/www.europesays.com\/fi\/9395\/","title":{"rendered":"Business Finlandin pomon sometili t\u00e4yttyi eroottisista kuvista"},"content":{"rendered":"<p>Business Finlandin viestint\u00e4johtaja oli autuaan tiet\u00e4m\u00e4t\u00f6n X-tilins\u00e4 sekoiluista.<\/p>\n<p><img decoding=\"async\" class=\"image image-show image-preview\" src=\"https:\/\/www.europesays.com\/fi\/wp-content\/uploads\/2025\/08\/799cc169e5fae1ca216866071c64df1c74baec6858a3d8ac5d974dbba06eaa20.jpg\" alt=\"\"\/><img decoding=\"async\" class=\"image image-show\" src=\"https:\/\/www.europesays.com\/fi\/wp-content\/uploads\/2025\/08\/1755532149_630_799cc169e5fae1ca216866071c64df1c74baec6858a3d8ac5d974dbba06eaa20.jpg\" alt=\"\"\/><\/p>\n<p>Business Finlandin viestint\u00e4johtaja Tomi Korhonen \u00e4imistyi kuultuaan X-tilins\u00e4 toiminnasta. <\/p>\n<p class=\"paragraph\">Business Finlandin viestint\u00e4johtaja <strong>Tomi Korhosen<\/strong> X-tilille julkaistiin viel\u00e4 huhtikuussa tavanomaisia, h\u00e4nen jakamiaan julkaisuja.<\/p>\n<p class=\"paragraph\">Nyt tilille on ilmestynyt eroottista, suorastaan pornografista ja vihjailevaa sis\u00e4lt\u00f6\u00e4. Eik\u00e4 kuvissa ole Korhonen lainkaan.<\/p>\n<p class=\"paragraph\">Tilille oli autokuvien lis\u00e4ksi julkaistu useita kuvia nuoresta miehest\u00e4 vihjailevissa kuvakulmissa, korostaen erektiossa olevaa sukuelint\u00e4. Tesla-miljard\u00f6\u00f6ri <a href=\"https:\/\/www.iltalehti.fi\/henkilot\/Elon Musk\" class=\"article-link-person-page\" rel=\"nofollow noopener\" target=\"_blank\">Elon Muskin<\/a> omistama X on sallinut seksuaalisen sis\u00e4ll\u00f6n palvelussaan kes\u00e4kuusta <a href=\"https:\/\/www.iltalehti.fi\/digiuutiset\/875a82ef-8c5a-4829-92f9-ef908358c5b4\" rel=\"nofollow noopener\" target=\"_blank\">2024 alkaen.<\/a><\/p>\n<p class=\"paragraph\">\u2013 Sain X:lt\u00e4 s\u00e4hk\u00f6postin, jonka mukaan tilill\u00e4 oli ep\u00e4ilytt\u00e4v\u00e4\u00e4 toimintaa. Tilin s\u00e4hk\u00f6posti ja salasana vaihdettiin niin nopeasti, etten ehtinyt reagoida asiaan lainkaan, h\u00e4n kertoo.<\/p>\n<p class=\"paragraph\">\u2013 Kerro ihmeess\u00e4, mit\u00e4 sekoilua siell\u00e4 on.<\/p>\n<p class=\"paragraph\">Kun toimittaja kertoo Korhoselle, millaisia kuvia tilill\u00e4 on julkaistu, h\u00e4n alkaa nauramaan.<\/p>\n<p class=\"paragraph\">\u2013 Ei helevetti.<\/p>\n<p>Muun muassa t\u00e4llainen kuva julkaistiin Korhosen X-tilill\u00e4. kuvakaappaus Korhosen X-tilist\u00e4<\/p>\n<p>Tili palautui<\/p>\n<p class=\"paragraph\">Korhonen ei p\u00e4\u00e4ssyt reklamoimaan asiasta s\u00e4hk\u00f6postiin tulleen viestin kautta, sill\u00e4 tilin s\u00e4hk\u00f6postiosoite ehdittiin vaihtaa. H\u00e4n kertoo, ettei ole ollut X:n aktiivinen k\u00e4ytt\u00e4j\u00e4 moneen vuoteen. Hakkeroitu tili j\u00e4i siis el\u00e4m\u00e4\u00e4n omaa el\u00e4m\u00e4\u00e4ns\u00e4.<\/p>\n<p class=\"paragraph\">Viimeksi Korhonen julkaisi varmuudella itse tilill\u00e4\u00e4n huhtikuun loppupuolella.<\/p>\n<p class=\"paragraph\">\u2013 Onpa kyll\u00e4 merkillinen asia. Tai no en tied\u00e4, onko t\u00e4m\u00e4 t\u00e4ss\u00e4 maailmanajassa niin merkillist\u00e4, mutta \u00e4rsytt\u00e4v\u00e4\u00e4 kyll\u00e4.<\/p>\n<p class=\"paragraph\">Korhonen kokee, ett\u00e4 asian ratkaiseminen on hankalaa, eik\u00e4 h\u00e4n ole saanut X:n tukipalveluihin yhteytt\u00e4 tilin j\u00e4\u00e4dytt\u00e4misen tai h\u00e4nelle palauttamisen tiimoilta.<\/p>\n<p class=\"paragraph\">\u2013 T\u00e4ss\u00e4 on kuluttajana ihan k\u00e4det\u00f6n. Tuntuu, ettei tuohon ole mit\u00e4\u00e4n mahdollisuutta puuttua.<\/p>\n<p class=\"paragraph\">Noin tunti toimittajan yhteydenoton j\u00e4lkeen vihjailevat kuvat ja kaikki julkaisut huhtikuun j\u00e4lkeen olivat poistuneet tililt\u00e4 ja profiilikuva oli vaihtunut Korhosen kuvaan. Korhonen kertoo peranneensa mahdollisuuksia tilin palauttamiseksi toimittajan yhteydenoton j\u00e4lkeen ja onnistui tekem\u00e4\u00e4n sen nopeasti.<\/p>\n<p>Hakkeroidulle tilille julkaistiin my\u00f6s autokuvia, ja tilin profiilikuvana oli auto. kuvakaappaus korhosen x-tilist\u00e4<\/p>\n<p class=\"paragraph\">Korhonen kuitenkin kummastelee X:n toimintatapaa, jossa k\u00e4ytt\u00e4j\u00e4lle tiedotetaan ep\u00e4tavallisesta toiminnasta tilill\u00e4, mutta asia tili\u00e4 ei j\u00e4\u00e4dytet\u00e4, jos hakkeri onnistuu vaihtamaan k\u00e4ytt\u00e4j\u00e4tietoja. Korhosen mukaan palvelun k\u00e4ytt\u00e4j\u00e4kokemus on muuttunut rajusti, mink\u00e4 vuoksi h\u00e4n ei ole k\u00e4ytt\u00e4nyt X:\u00e4\u00e4 eik\u00e4 huomannut tilin muutosta kuukausiin.<\/p>\n<p class=\"paragraph\">\u2013 Viel\u00e4 useampi vuosi sitten se oli kanava, jossa oli aidosti yhteiskunnallista keskustelua ja siell\u00e4 on ollut j\u00e4rkev\u00e4\u00e4 olla ammatillisessa mieless\u00e4. Sit\u00e4 se ei kuitenkaan ole ollut pitk\u00e4\u00e4n, pitk\u00e4\u00e4n aikaan.<\/p>\n<p class=\"paragraph\">\u2013 Jos olet viel\u00e4 X:ss\u00e4, niin juokse ja lakkauta tili, h\u00e4n sanoo lopuksi.<\/p>\n<p>Toimi n\u00e4in,  jos tilisi hakkeroidaan<\/p>\n<p class=\"paragraph\">Jos k\u00e4yt\u00e4t some-palveluita, sinun kannattaa tutustua huolella paitsi tilisi yksityisyysasetuksiin my\u00f6s erilaisiin keinoihin, joilla voi suojautua tilin v\u00e4\u00e4rink\u00e4yt\u00f6lt\u00e4.<\/p>\n<ul>\n<li>Pohdi, mit\u00e4 tietojasi on voinut joutua v\u00e4\u00e4riin k\u00e4siin sosiaalisen median tiliesi my\u00f6t\u00e4. Jos ep\u00e4ilet henkil\u00f6tietojasi joutuneen v\u00e4\u00e4riin k\u00e4siin, k\u00e4yt\u00e4 esimerkiksi Digi- ja v\u00e4est\u00f6tietoviraston opasta selvitt \u00e4\u00e4ksesi, kuinka seuraavaksi tulisi toimia<\/li>\n<li>Jos tiliisi on liitetty luottokortti, ole v\u00e4litt\u00f6m\u00e4sti yhteydess\u00e4 kortin sulkupalveluun ja sulje kortti.<\/li>\n<li>Tee rikosilmoitus poliisille. Voit my\u00f6s ilmoittaa Kyberturvallisuuskeskukselle tietoturvaloukkauksesta<\/li>\n<li>Jos ep\u00e4ilet, ett\u00e4 X-tilisi on hakkeroitu, l\u00f6yd\u00e4t apua <a href=\"https:\/\/help.x.com\/en\/forms\/account-access\/regain-access\/hacked-or-compromised\" target=\"_blank\" rel=\"noopener nofollow\">t\u00e4\u00e4lt\u00e4.<\/a><\/li>\n<li>Jos ep\u00e4ilet, ett\u00e4 Instagram-tilisi on hakkeroitu, l\u00f6yd\u00e4t apua <a href=\"https:\/\/help.instagram.com\/149494825257596?helpref=uf_permalink\" target=\"_blank\" rel=\"noopener nofollow\">t\u00e4\u00e4lt\u00e4<\/a>.<\/li>\n<li>Jos ep\u00e4ilet, ett\u00e4 Facebook-tilisi on hakkeroitu, l\u00f6yd\u00e4t apua <a href=\"https:\/\/www.facebook.com\/hacked\" target=\"_blank\" rel=\"noopener nofollow\">t\u00e4\u00e4lt\u00e4.<\/a><\/li>\n<\/ul>\n<p class=\"paragraph\">L\u00e4hde: <a href=\"https:\/\/www.riku.fi\/nettihuijaus\/identiteettivarkaus\/sometili-kaapattu\/\" target=\"_blank\" rel=\"noopener nofollow\">Rikosuhrip\u00e4ivystys<\/a><\/p>\n<p><script async src=\"\/\/www.instagram.com\/embed.js\"><\/script><\/p>\n","protected":false},"excerpt":{"rendered":"Business Finlandin viestint\u00e4johtaja oli autuaan tiet\u00e4m\u00e4t\u00f6n X-tilins\u00e4 sekoiluista. Business Finlandin viestint\u00e4johtaja Tomi Korhonen \u00e4imistyi kuultuaan X-tilins\u00e4 toiminnasta. Business&hellip;\n","protected":false},"author":2,"featured_media":9396,"comment_status":"","ping_status":"","sticky":false,"template":"","format":"standard","meta":{"footnotes":""},"categories":[5],"tags":[35,22,23,4492,26,27,33,31,30,17,148,24,25,28,29,15,18,21,151,32,487,149,19,20,16],"class_list":{"0":"post-9395","1":"post","2":"type-post","3":"status-publish","4":"format-standard","5":"has-post-thumbnail","7":"category-otsikot","8":"tag-24h","9":"tag-breaking-news","10":"tag-breakingnews","11":"tag-digimedia","12":"tag-featured-news","13":"tag-featurednews","14":"tag-fi","15":"tag-finland","16":"tag-finnish","17":"tag-headlines","18":"tag-internet","19":"tag-latest-news","20":"tag-latestnews","21":"tag-main-news","22":"tag-mainnews","23":"tag-news","24":"tag-otsikot","25":"tag-paauutiset","26":"tag-sosiaalinen-media-ja-verkostoituminen","27":"tag-suomi","28":"tag-teknologia-yleista","29":"tag-tietojenkasittely-ja-informaatioteknologia","30":"tag-top-stories","31":"tag-topstories","32":"tag-uutiset"},"share_on_mastodon":{"url":"","error":""},"_links":{"self":[{"href":"https:\/\/www.europesays.com\/fi\/wp-json\/wp\/v2\/posts\/9395","targetHints":{"allow":["GET"]}}],"collection":[{"href":"https:\/\/www.europesays.com\/fi\/wp-json\/wp\/v2\/posts"}],"about":[{"href":"https:\/\/www.europesays.com\/fi\/wp-json\/wp\/v2\/types\/post"}],"author":[{"embeddable":true,"href":"https:\/\/www.europesays.com\/fi\/wp-json\/wp\/v2\/users\/2"}],"replies":[{"embeddable":true,"href":"https:\/\/www.europesays.com\/fi\/wp-json\/wp\/v2\/comments?post=9395"}],"version-history":[{"count":0,"href":"https:\/\/www.europesays.com\/fi\/wp-json\/wp\/v2\/posts\/9395\/revisions"}],"wp:featuredmedia":[{"embeddable":true,"href":"https:\/\/www.europesays.com\/fi\/wp-json\/wp\/v2\/media\/9396"}],"wp:attachment":[{"href":"https:\/\/www.europesays.com\/fi\/wp-json\/wp\/v2\/media?parent=9395"}],"wp:term":[{"taxonomy":"category","embeddable":true,"href":"https:\/\/www.europesays.com\/fi\/wp-json\/wp\/v2\/categories?post=9395"},{"taxonomy":"post_tag","embeddable":true,"href":"https:\/\/www.europesays.com\/fi\/wp-json\/wp\/v2\/tags?post=9395"}],"curies":[{"name":"wp","href":"https:\/\/api.w.org\/{rel}","templated":true}]}}