{"id":93953,"date":"2025-11-19T02:19:23","date_gmt":"2025-11-19T02:19:23","guid":{"rendered":"https:\/\/www.europesays.com\/fi\/93953\/"},"modified":"2025-11-19T02:19:23","modified_gmt":"2025-11-19T02:19:23","slug":"myyjat-luulivat-kauppaavansa-tontteja-teboilille-kalkkiviivoilla-ostajaksi-ilmestyikin-pikkufirma-venaja-kytkoksilla-kotimaa","status":"publish","type":"post","link":"https:\/\/www.europesays.com\/fi\/93953\/","title":{"rendered":"Myyj\u00e4t luulivat kauppaavansa tontteja Teboilille, kalkkiviivoilla ostajaksi ilmestyikin pikkufirma Ven\u00e4j\u00e4-kytk\u00f6ksill\u00e4 | Kotimaa"},"content":{"rendered":"<p>Juttu tiivistettyn\u00e4<\/p>\n<ul class=\"aw-1jjocuh iJTSwP yle__article__list yle__article__list--ul\">\n<li class=\"aw-1j7gwms gNYKfi\">Teboil-huoltoasemien tonttikaupat ja Tradico-yhti\u00f6 nousivat uutisotsikoihin viime viikolla.<\/li>\n<li class=\"aw-1j7gwms gNYKfi\">Tradico on ennalta tuntematon pikkuyritys, jonka omistajilla on yhteyksi\u00e4 Liettuaan ja Ven\u00e4j\u00e4lle.<\/li>\n<li class=\"aw-1j7gwms gNYKfi\">Tonttien myyj\u00e4t luulivat tekev\u00e4ns\u00e4 kauppaa Teboilin kanssa, mutta todellinen ostaja olikin Tradico.<\/li>\n<li class=\"aw-1j7gwms gNYKfi\">Professori Kari Liuhto ep\u00e4ilee kauppojen taustalla olevan Ven\u00e4j\u00e4n pyrkimyksen hankkia strategisesti t\u00e4rke\u00e4\u00e4 maata Suomessa.<\/li>\n<li class=\"aw-1j7gwms gNYKfi\">Puolustusministeri on k\u00e4ynnist\u00e4nyt selvityksen tonttikaupoista.<\/li>\n<\/ul>\n<p class=\"aw-1gybjub aw-1p7kakr kEtdKx cEmitX yle__article__paragraph\">T\u00e4m\u00e4 on teko\u00e4lyn avulla tuotettu, toimittajan tarkistama tiivistelm\u00e4.<\/p>\n<p class=\"aw-1gybjub aw-1p7kakr kEtdKx cEmitX yle__article__paragraph\">Julkisuuteen nousseet Teboil-huoltoasemien kaupat n\u00e4ytt\u00e4v\u00e4t noudattaneen samaa kaavaa.<\/p>\n<p class=\"aw-1gybjub aw-1p7kakr kEtdKx cEmitX yle__article__paragraph\"><a class=\"aw-iao6s4 iHOxEa yle__article__link\" href=\"https:\/\/www.joutsanseutu.fi\/teksti\/huttulan-teboilin-aseman-tonttikauppa-kaikki-raha-on-puhdasta-6.5.6214.2de8e2e3cb?gsid=bf4b85e9-b48f-4ad5-9ee3-45a6434b34b2\" role=\"link\" rel=\"nofollow noopener\" target=\"_blank\">Joutsan Seutu uutisoi<\/a> viime viikolla kaupoista, joita ennalta tuntematon Tradico-yhti\u00f6 on tehnyt kolmessa eri kunnassa: Joutsassa, Lemp\u00e4\u00e4l\u00e4ss\u00e4 ja Teuvalla.<\/p>\n<p class=\"aw-1gybjub aw-1p7kakr kEtdKx cEmitX yle__article__paragraph\">Tonttikaupat ajoittuvat vuodelle 2024.<\/p>\n<p class=\"aw-1gybjub aw-1p7kakr kEtdKx cEmitX yle__article__paragraph\">Joutsassa tontin myynyt yritt\u00e4j\u00e4 asioi Teboilin kanssa, kunnes kaupan teon viime metreill\u00e4 ostajaksi paljastui ennalta tuntematon Tradico.<\/p>\n<p class=\"aw-1gybjub aw-1p7kakr kEtdKx cEmitX yle__article__paragraph\">Yle haastatteli my\u00f6s muut tonttinsa yhti\u00f6lle myyneet. He kertovat niin ik\u00e4\u00e4n luulleensa tekev\u00e4n kauppoja Teboilin kanssa. Yksi myyjist\u00e4 kertoo, ettei ole koskaan kuullutkaan Tradicosta.<\/p>\n<p class=\"aw-1gybjub aw-1p7kakr kEtdKx cEmitX yle__article__paragraph\">Maanpuolustuskorkeakoulun ja Turun yliopiston professori <strong class=\"aw-ak79eh KyCXm yle__article__strong\">Kari Liuhto<\/strong> uskoo, ett\u00e4 tonttien myyjille ei ole tarkoituksella kerrottu koko totuutta.<\/p>\n<p class=\"aw-1gybjub aw-1p7kakr kEtdKx cEmitX yle__article__paragraph\">\u2013 Myyjille on ollut varmasti helppoa myyd\u00e4 tontit Teboilille.<\/p>\n<p><img decoding=\"async\" alt=\"Kartta Teuvan, Joutsan ja Lemp\u00e4\u00e4l\u00e4n Teboileista.\" src=\"https:\/\/www.europesays.com\/fi\/wp-content\/uploads\/2025\/11\/39-1555058691b131e6c8fb.jpeg\" loading=\"lazy\" class=\"aw-1l9m598 hKVVvP\"\/><\/p>\n<p>Avaa kuvien katselu<\/p>\n<p>Tradico osti viime vuonna Huttulan Teboilin liiketontin, joka sijaitsee l\u00e4hell\u00e4 kahta maantiesiltaa ja lentokoneiden varalaskupaikkaa. Lis\u00e4ksi Tradico on ostanut Teboil-tontit my\u00f6s Lemp\u00e4\u00e4l\u00e4st\u00e4 ja Teuvalta. Kuva: Antti Eintola \/ Yle, Mapcreator, OpenstreetmapLiettualaisomistus ja yhteyksi\u00e4 it\u00e4\u00e4n<\/p>\n<p class=\"aw-1gybjub aw-1p7kakr kEtdKx cEmitX yle__article__paragraph\">Tradico Finland Oy on perustettu viime vuonna, ja sen p\u00e4\u00e4omistajat ovat kaksi liettualaismiest\u00e4. Ensimm\u00e4isen\u00e4 tilivuotenaan yhti\u00f6 teki reilun 600\u00a0000 euron liikevaihdolla l\u00e4hes saman verran tappiota.<\/p>\n<p class=\"aw-1gybjub aw-1p7kakr kEtdKx cEmitX yle__article__paragraph\">Tradicolla on my\u00f6s yhteyksi\u00e4 Ven\u00e4j\u00e4lle.<\/p>\n<p class=\"aw-1gybjub aw-1p7kakr kEtdKx cEmitX yle__article__paragraph\">Yrityksen hallituksen j\u00e4sen <strong class=\"aw-ak79eh KyCXm yle__article__strong\">Dmitry Buturlimov<\/strong> on ty\u00f6skennellyt ydinvoimayhti\u00f6 Rosatomin Suomen tyt\u00e4ryhti\u00f6n Raos Projectin talousjohtajana. Kaupparekisterin mukaan h\u00e4n on my\u00f6s sen hallituksen j\u00e4sen.<\/p>\n<p class=\"aw-1gybjub aw-1p7kakr kEtdKx cEmitX yle__article__paragraph\">Buturlimov on Suomen kansalainen. H\u00e4n on mukana my\u00f6s haminalaisessa huolinta-alan yrityksess\u00e4, jonka omistaa virolainen liikemies <strong class=\"aw-ak79eh KyCXm yle__article__strong\">Georg Huban<\/strong>.<\/p>\n<p class=\"aw-1gybjub aw-1p7kakr kEtdKx cEmitX yle__article__paragraph\">Joutsan Seudun mukaan Georg Hubanin is\u00e4 Sandu Hubanilla on ollut yhteyksi\u00e4 oligarkki <strong class=\"aw-ak79eh KyCXm yle__article__strong\">Gennadi Timt\u0161enkoon<\/strong> ja Ven\u00e4j\u00e4n presidentti <strong class=\"aw-ak79eh KyCXm yle__article__strong\">Vladimir Putiniin<\/strong>.<\/p>\n<p class=\"aw-1gybjub aw-1p7kakr kEtdKx cEmitX yle__article__paragraph\">Yle tavoitti Buturlimovin puhelimitse, mutta h\u00e4n kertoi, ettei ehdi antaa haastattelua, sill\u00e4 h\u00e4n oli l\u00e4hd\u00f6ss\u00e4 ulkomaille. Yle yritti saada haastattelua my\u00f6s Tradicon liettualaisomistajilta, huonolla menestyksell\u00e4.<\/p>\n<p><img decoding=\"async\" alt=\"Kuokkalan Teboil huoltoasema Lemp\u00e4\u00e4l\u00e4ss\u00e4. \" src=\"https:\/\/www.europesays.com\/fi\/wp-content\/uploads\/2025\/11\/39-15531056915b948086d8.jpeg\" loading=\"lazy\" class=\"aw-1l9m598 hKVVvP\"\/><\/p>\n<p>Avaa kuvien katselu<\/p>\n<p>Teboil-huoltoasemia py\u00f6ritt\u00e4v\u00e4t suomalaiset yritt\u00e4j\u00e4t, vaikka ketju on ven\u00e4l\u00e4isomisteinen. Kuva: Juha Kokkala<\/p>\n<p class=\"aw-1gybjub aw-1p7kakr kEtdKx cEmitX yle__article__paragraph\">Tradicolle huoltoasematontit myyneet henkil\u00f6t kertovat asioiden edenneen samankaltaisesti. He kertovat luulleensa tekev\u00e4ns\u00e4 kauppoja Teboilin kanssa.<\/p>\n<p class=\"aw-1gybjub aw-1p7kakr kEtdKx cEmitX yle__article__paragraph\">Sek\u00e4 Joutsan ett\u00e4 Teuvan kaupoissa Tradico tuli mukaan vasta kun kauppakirjoja kirjoitettiin.<\/p>\n<p class=\"aw-1gybjub aw-1p7kakr kEtdKx cEmitX yle__article__paragraph\">Joutsan huoltoasematontin myynyt yritt\u00e4j\u00e4 <strong class=\"aw-ak79eh KyCXm yle__article__strong\">Jaakko Ikonen<\/strong> kertoi aiemmin Ylelle, ett\u00e4 yhti\u00f6n taustoja selvitettiin, kun kauppoja vahvistettiin.<\/p>\n<p class=\"aw-1gybjub aw-1p7kakr kEtdKx cEmitX yle__article__paragraph\">Teuvan ja Lemp\u00e4\u00e4l\u00e4n tonttien myyj\u00e4t kertovat kaupoista nimett\u00f6m\u00e4sti mahdollisen mainehaitan vuoksi. Heid\u00e4n henkil\u00f6llisyytens\u00e4 on Ylen tiedossa.<\/p>\n<p class=\"aw-1gybjub aw-1p7kakr kEtdKx cEmitX yle__article__paragraph\">Teuvan tontin myynyt henkil\u00f6 kertoo luulleensa Tradicon olevan Teboilin rahoitusyhti\u00f6.<\/p>\n<p class=\"aw-1gybjub aw-1p7kakr kEtdKx cEmitX yle__article__paragraph\">\u2013 Meill\u00e4 oli tontille jo toinen ostaja, mutta p\u00e4\u00e4dyimme Teboiliin, sill\u00e4 ajattelimme sen olevan varma maksaja, h\u00e4n kertoo.<\/p>\n<p class=\"aw-1gybjub aw-1p7kakr kEtdKx cEmitX yle__article__paragraph\">Lemp\u00e4\u00e4l\u00e4st\u00e4 tontin myynyt yritt\u00e4j\u00e4 kuvaa kaupantekoa Ylelle \u201dsutjakkaaksi\u201d. H\u00e4n kertoo muiden tapaan j\u00e4\u00e4neens\u00e4 siihen k\u00e4sitykseen, ett\u00e4 tontti myytiin nimenomaan Teboilille.<\/p>\n<p class=\"aw-1gybjub aw-1p7kakr kEtdKx cEmitX yle__article__paragraph\">Kun Ylen toimittaja kysyy Tradicosta, h\u00e4n kertoo kuulevansa nimen ensimm\u00e4ist\u00e4 kertaa.<\/p>\n<p class=\"aw-1gybjub aw-1p7kakr kEtdKx cEmitX yle__article__paragraph\">\u2013 Mik\u00e4 Tradico?<\/p>\n<p class=\"aw-1gybjub aw-1p7kakr kEtdKx cEmitX yle__article__paragraph\">Teboil ei vastannut Ylen yhteydenottopyynt\u00f6ihin. Olisimme halunneet kysy\u00e4 muun muassa sit\u00e4, mik\u00e4 yhti\u00f6n rooli on ollut kaupanteossa.<\/p>\n<p><img decoding=\"async\" alt=\"Kari Tapani Liuhto on suomalainen kansainv\u00e4lisen liiketoiminnan professori Turun yliopistossa.\" src=\"https:\/\/www.europesays.com\/fi\/wp-content\/uploads\/2025\/11\/39-91150262011b65eb5e0.jpeg\" loading=\"lazy\" class=\"aw-1l9m598 hKVVvP\"\/><\/p>\n<p>Avaa kuvien katselu<\/p>\n<p>Kari Liuhto on Suomen ensimm\u00e4inen tiedustelututkimuksen professori. H\u00e4n tutkii Ven\u00e4j\u00e4n vaikuttamisyrityksi\u00e4 l\u00e4nness\u00e4. Kuva: Janne J\u00e4rvinen \/ Yle\u201dMiksi viranomaiset ovat hiljaa?\u201d<\/p>\n<p class=\"aw-1gybjub aw-1p7kakr kEtdKx cEmitX yle__article__paragraph\">Ven\u00e4j\u00e4-asiantuntija Kari Liuhto ep\u00e4ilee, ett\u00e4 Suomessa Tradicon taustalla on Ven\u00e4j\u00e4n valmistautuminen Suomen horjuttamiseen tulevaisuudessa.<\/p>\n<p class=\"aw-1gybjub aw-1p7kakr kEtdKx cEmitX yle__article__paragraph\">Yksi myydyist\u00e4 tonteista sijaitsee strategisesti kiinnostavalla alueella. Joutsan tontti sijaitsee l\u00e4hell\u00e4 kahta maantiesiltaa ja lentokoneiden varalaskupaikkaa.<\/p>\n<p class=\"aw-1gybjub aw-1p7kakr kEtdKx cEmitX yle__article__paragraph\">Ylen tiedossa ei ole, ett\u00e4 Lemp\u00e4\u00e4l\u00e4st\u00e4 ja Teuvalta myytyjen tonttien l\u00e4hettyvill\u00e4 olisi mit\u00e4\u00e4n vastaavassa mieless\u00e4 kiinnostavaa.<\/p>\n<p class=\"aw-1gybjub aw-1p7kakr kEtdKx cEmitX yle__article__paragraph\">Joutsan Seudulle Tradico kertoi tonttikauppojen syyksi sen, ett\u00e4 yhti\u00f6 saattaa perustaa huoltoasemaketjun.<\/p>\n<p class=\"aw-1gybjub aw-1p7kakr kEtdKx cEmitX yle__article__paragraph\">Liuhto ei usko selitykseen. H\u00e4n pit\u00e4\u00e4 selv\u00e4n\u00e4, ett\u00e4 Tradico on bulvaani, eli yhti\u00f6 jonka on tarkoitus peitt\u00e4\u00e4 todellinen omistaja.<\/p>\n<p class=\"aw-1gybjub aw-1p7kakr kEtdKx cEmitX yle__article__paragraph\">H\u00e4n uskoo, ett\u00e4 Ven\u00e4j\u00e4 pyrkii hankkimaan Suomesta maata, jotta se voisi k\u00e4ytt\u00e4\u00e4 tontteja hyv\u00e4ksi kriisitilanteessa.<\/p>\n<p class=\"aw-1gybjub aw-1p7kakr kEtdKx cEmitX yle__article__paragraph\">\u2013 N\u00e4m\u00e4 ja erilaiset Ven\u00e4j\u00e4n tekem\u00e4t kiinteist\u00f6kaupat voivat liitty\u00e4 laajempaan operaatioon, mit\u00e4 Ven\u00e4j\u00e4 suunnittelee.<\/p>\n<p class=\"aw-1gybjub aw-1p7kakr kEtdKx cEmitX yle__article__paragraph\">Liuhdon mukaan viranomaisten pit\u00e4isi pysty\u00e4 pys\u00e4ytt\u00e4m\u00e4\u00e4n t\u00e4m\u00e4n tyyliset kaupat.<\/p>\n<p class=\"aw-1gybjub aw-1p7kakr kEtdKx cEmitX yle__article__paragraph\">\u2013 T\u00e4m\u00e4 tilanne on nyt niin erikoinen, ett\u00e4 viranomaisten pit\u00e4isi tulla ulos t\u00e4m\u00e4n asian kanssa. Tonttikaupoista on jo aikaa. Jopa kauppoja enemm\u00e4n minusta ihmetytt\u00e4\u00e4 se, miksi viranomaiset ovat hiljaa.<\/p>\n<p class=\"aw-1gybjub aw-1p7kakr kEtdKx cEmitX yle__article__paragraph\">Puolustusministeri <strong class=\"aw-ak79eh KyCXm yle__article__strong\">Antti H\u00e4kk\u00e4nen<\/strong> (kok.) <a class=\"aw-iao6s4 iHOxEa yle__article__link\" href=\"https:\/\/www.mtvuutiset.fi\/artikkeli\/puolustusministeri-huolissaan-teboil-kauppojen-venaja-kytkoksista-hakkanen-mtv-lle-selvitys-aloitettu\/9255028\" role=\"link\" rel=\"nofollow noopener\" target=\"_blank\">on kertonut MTV3:lle<\/a> k\u00e4ynnist\u00e4neens\u00e4 tonttikaupoista selvityksen.<\/p>\n<p class=\"aw-1gybjub aw-1p7kakr kEtdKx cEmitX yle__article__paragraph\">Yle ei tavoittanut H\u00e4kk\u00e4st\u00e4 kommentoimaan asiaa.<\/p>\n","protected":false},"excerpt":{"rendered":"Juttu tiivistettyn\u00e4 Teboil-huoltoasemien tonttikaupat ja Tradico-yhti\u00f6 nousivat uutisotsikoihin viime viikolla. Tradico on ennalta tuntematon pikkuyritys, jonka omistajilla on&hellip;\n","protected":false},"author":2,"featured_media":93954,"comment_status":"","ping_status":"","sticky":false,"template":"","format":"standard","meta":{"footnotes":""},"categories":[12],"tags":[22,23,26,27,33,31,30,17,4071,71,24,25,4386,28,29,15,18,21,553,32,15389,8939,19,20,16,547],"class_list":{"0":"post-93953","1":"post","2":"type-post","3":"status-publish","4":"format-standard","5":"has-post-thumbnail","7":"category-suomi","8":"tag-breaking-news","9":"tag-breakingnews","10":"tag-featured-news","11":"tag-featurednews","12":"tag-fi","13":"tag-finland","14":"tag-finnish","15":"tag-headlines","16":"tag-joutsa","17":"tag-kotimaa","18":"tag-latest-news","19":"tag-latestnews","20":"tag-lempaala","21":"tag-main-news","22":"tag-mainnews","23":"tag-news","24":"tag-otsikot","25":"tag-paauutiset","26":"tag-pirkanmaa","27":"tag-suomi","28":"tag-teboil","29":"tag-teuva","30":"tag-top-stories","31":"tag-topstories","32":"tag-uutiset","33":"tag-venaja"},"share_on_mastodon":{"url":"https:\/\/pubeurope.com\/@fi\/115573972664107110","error":""},"_links":{"self":[{"href":"https:\/\/www.europesays.com\/fi\/wp-json\/wp\/v2\/posts\/93953","targetHints":{"allow":["GET"]}}],"collection":[{"href":"https:\/\/www.europesays.com\/fi\/wp-json\/wp\/v2\/posts"}],"about":[{"href":"https:\/\/www.europesays.com\/fi\/wp-json\/wp\/v2\/types\/post"}],"author":[{"embeddable":true,"href":"https:\/\/www.europesays.com\/fi\/wp-json\/wp\/v2\/users\/2"}],"replies":[{"embeddable":true,"href":"https:\/\/www.europesays.com\/fi\/wp-json\/wp\/v2\/comments?post=93953"}],"version-history":[{"count":0,"href":"https:\/\/www.europesays.com\/fi\/wp-json\/wp\/v2\/posts\/93953\/revisions"}],"wp:featuredmedia":[{"embeddable":true,"href":"https:\/\/www.europesays.com\/fi\/wp-json\/wp\/v2\/media\/93954"}],"wp:attachment":[{"href":"https:\/\/www.europesays.com\/fi\/wp-json\/wp\/v2\/media?parent=93953"}],"wp:term":[{"taxonomy":"category","embeddable":true,"href":"https:\/\/www.europesays.com\/fi\/wp-json\/wp\/v2\/categories?post=93953"},{"taxonomy":"post_tag","embeddable":true,"href":"https:\/\/www.europesays.com\/fi\/wp-json\/wp\/v2\/tags?post=93953"}],"curies":[{"name":"wp","href":"https:\/\/api.w.org\/{rel}","templated":true}]}}