{"id":93967,"date":"2025-11-19T03:06:11","date_gmt":"2025-11-19T03:06:11","guid":{"rendered":"https:\/\/www.europesays.com\/fi\/93967\/"},"modified":"2025-11-19T03:06:11","modified_gmt":"2025-11-19T03:06:11","slug":"aapo-maenpaa-jattaa-ilveksen-ura-jatkuu-ruotsissa-uutiset","status":"publish","type":"post","link":"https:\/\/www.europesays.com\/fi\/93967\/","title":{"rendered":"Aapo M\u00e4enp\u00e4\u00e4 j\u00e4tt\u00e4\u00e4 Ilveksen &#8211; ura jatkuu Ruotsissa | Uutiset"},"content":{"rendered":"<p>Tamperelaisseurassa M\u00e4enp\u00e4\u00e4 esiintyi yhteens\u00e4 123 kilpailullisessa ottelussa, ja iski n\u00e4iss\u00e4 nelj\u00e4 t\u00e4ysosumaa, sek\u00e4 antoi 11 maaliin johtanutta sy\u00f6tt\u00f6\u00e4. Kaudella 2023 M\u00e4enp\u00e4\u00e4 oli mukana voittamassa Suomen Cupia, seuraavalla Veikkausliiga-kaudella 2024 puolustaja voitti hopeaa ja menneell\u00e4 kaudella palkintokaappiin lis\u00e4ttiin Veikkausliigan pronssi.<\/p>\n<p>Veikkausliigaotteluita 27-vuotiaalla M\u00e4enp\u00e4\u00e4ll\u00e4 on tilill\u00e4\u00e4n IFK Mareihamnin ja Ilveksen riveist\u00e4 yhteens\u00e4 178.<\/p>\n","protected":false},"excerpt":{"rendered":"Tamperelaisseurassa M\u00e4enp\u00e4\u00e4 esiintyi yhteens\u00e4 123 kilpailullisessa ottelussa, ja iski n\u00e4iss\u00e4 nelj\u00e4 t\u00e4ysosumaa, sek\u00e4 antoi 11 maaliin johtanutta sy\u00f6tt\u00f6\u00e4.&hellip;\n","protected":false},"author":2,"featured_media":93968,"comment_status":"","ping_status":"","sticky":false,"template":"","format":"standard","meta":{"footnotes":""},"categories":[158],"tags":[33,31,30,159,32,160],"class_list":{"0":"post-93967","1":"post","2":"type-post","3":"status-publish","4":"format-standard","5":"has-post-thumbnail","7":"category-urheilu","8":"tag-fi","9":"tag-finland","10":"tag-finnish","11":"tag-sports","12":"tag-suomi","13":"tag-urheilu"},"share_on_mastodon":{"url":"https:\/\/pubeurope.com\/@fi\/115574157024286673","error":""},"_links":{"self":[{"href":"https:\/\/www.europesays.com\/fi\/wp-json\/wp\/v2\/posts\/93967","targetHints":{"allow":["GET"]}}],"collection":[{"href":"https:\/\/www.europesays.com\/fi\/wp-json\/wp\/v2\/posts"}],"about":[{"href":"https:\/\/www.europesays.com\/fi\/wp-json\/wp\/v2\/types\/post"}],"author":[{"embeddable":true,"href":"https:\/\/www.europesays.com\/fi\/wp-json\/wp\/v2\/users\/2"}],"replies":[{"embeddable":true,"href":"https:\/\/www.europesays.com\/fi\/wp-json\/wp\/v2\/comments?post=93967"}],"version-history":[{"count":0,"href":"https:\/\/www.europesays.com\/fi\/wp-json\/wp\/v2\/posts\/93967\/revisions"}],"wp:featuredmedia":[{"embeddable":true,"href":"https:\/\/www.europesays.com\/fi\/wp-json\/wp\/v2\/media\/93968"}],"wp:attachment":[{"href":"https:\/\/www.europesays.com\/fi\/wp-json\/wp\/v2\/media?parent=93967"}],"wp:term":[{"taxonomy":"category","embeddable":true,"href":"https:\/\/www.europesays.com\/fi\/wp-json\/wp\/v2\/categories?post=93967"},{"taxonomy":"post_tag","embeddable":true,"href":"https:\/\/www.europesays.com\/fi\/wp-json\/wp\/v2\/tags?post=93967"}],"curies":[{"name":"wp","href":"https:\/\/api.w.org\/{rel}","templated":true}]}}