{"id":93974,"date":"2025-11-19T03:32:07","date_gmt":"2025-11-19T03:32:07","guid":{"rendered":"https:\/\/www.europesays.com\/fi\/93974\/"},"modified":"2025-11-19T03:32:07","modified_gmt":"2025-11-19T03:32:07","slug":"lancian-mm-ralliprojektista-tihkui-lisatietoa-isoin-uutinen-jai-paljastamatta","status":"publish","type":"post","link":"https:\/\/www.europesays.com\/fi\/93974\/","title":{"rendered":"Lancian MM-ralliprojektista tihkui lis\u00e4tietoa &#8211; isoin uutinen j\u00e4i paljastamatta"},"content":{"rendered":"<p>Lancia esitteli tiistaina MM-ralliprojektiaan Stellantis Motorsportin p\u00e4\u00e4majassa Ranskassa. Median eteen astelivat Stellantiksen ja Lancian pomot sek\u00e4 projektissa neuvonantajana toimiva <strong>Miki Biasion<\/strong>, rallin kaksinkertainen maailmanmestari.<\/p>\n<p>Lancia tulee ensi vuonna mukaan rallin MM-sarjan WRC2-luokkaan. Tiimi on jo aiemmin julkistanut kuva- ja videomateriaalia Lancia Ypsilon Rally2 -autostaan, mutta nyt kilpuri esiteltiin virallisesti my\u00f6s medialle.<\/p>\n<p>Suurin mielenkiinto tilaisuudessa kohdistui siihen, ketk\u00e4 kilpailevat ensi kaudella Lancialla WRC2-luokassa. T\u00e4h\u00e4n kysymykseen ei kuitenkaan viel\u00e4 tarjottu vastausta.<\/p>\n<p>Tallin mukaan kuljettajasopimuksia viimeistell\u00e4\u00e4n yh\u00e4, mink\u00e4 vuoksi nimi\u00e4 ei voitu viel\u00e4 julkaista. Tiimi kertoi tiedottavansa kuljettajista joulukuun puoliv\u00e4lin tienoilla.<\/p>\n<p>Vahvimmin Lancia-pestiin on yhdistetty ranskalaiskuljettaja <strong>Yohan Rossel<\/strong>, joka on kilpaillut viime kausina menestyksell\u00e4 Citroenin Rally2-autolla WRC2-luokassa. Citroen tekee tiet\u00e4 Lancialle, josta tulee ensi kaudella Stellantis-konsernin virallinen tiimi MM-sarjassa.<\/p>\n<p>Lancia Ypsilon Rally2 HF Integrale -auton tekniikka perustuu Citroen C3 Rally2 -autoon. T\u00e4ss\u00e4kin mieless\u00e4 Rossel olisi j\u00e4rkeenk\u00e4yp\u00e4 tallin kuskiksi ensi vuodelle.<\/p>\n<p>Lancian toiseen autoon on puolestaan viety huhuissa ven\u00e4l\u00e4ist\u00e4 <strong>Nikolai Grjazinia<\/strong>, joka teki Citroenin kanssa yhteisty\u00f6t\u00e4 kaudella 2024. H\u00e4n otti kauden aikana kolme WRC2-voittoa ja sijoittui luokan loppupisteiss\u00e4 kolmanneksi. T\u00e4ksi kaudeksi h\u00e4n palasi Skodan Rally2-auton ratin taakse.<\/p>\n<p>Lancian suunnitelmissa on osallistua ensi kaudella ainakin kahdeksaan MM-ralliin. Tiimin Rally2-auton debyytti n\u00e4hd\u00e4\u00e4n heti kauden avauskisassa Monte Carlossa.<\/p>\n","protected":false},"excerpt":{"rendered":"Lancia esitteli tiistaina MM-ralliprojektiaan Stellantis Motorsportin p\u00e4\u00e4majassa Ranskassa. Median eteen astelivat Stellantiksen ja Lancian pomot sek\u00e4 projektissa neuvonantajana&hellip;\n","protected":false},"author":2,"featured_media":93975,"comment_status":"","ping_status":"","sticky":false,"template":"","format":"standard","meta":{"footnotes":""},"categories":[158],"tags":[33,31,30,12329,18231,3540,159,18520,32,160,12330],"class_list":{"0":"post-93974","1":"post","2":"type-post","3":"status-publish","4":"format-standard","5":"has-post-thumbnail","7":"category-urheilu","8":"tag-fi","9":"tag-finland","10":"tag-finnish","11":"tag-lancia","12":"tag-nikolai-grjazin","13":"tag-rallin-mm-sarja","14":"tag-sports","15":"tag-stellantis-group","16":"tag-suomi","17":"tag-urheilu","18":"tag-yohan-rossel"},"share_on_mastodon":{"url":"https:\/\/pubeurope.com\/@fi\/115574259244325753","error":""},"_links":{"self":[{"href":"https:\/\/www.europesays.com\/fi\/wp-json\/wp\/v2\/posts\/93974","targetHints":{"allow":["GET"]}}],"collection":[{"href":"https:\/\/www.europesays.com\/fi\/wp-json\/wp\/v2\/posts"}],"about":[{"href":"https:\/\/www.europesays.com\/fi\/wp-json\/wp\/v2\/types\/post"}],"author":[{"embeddable":true,"href":"https:\/\/www.europesays.com\/fi\/wp-json\/wp\/v2\/users\/2"}],"replies":[{"embeddable":true,"href":"https:\/\/www.europesays.com\/fi\/wp-json\/wp\/v2\/comments?post=93974"}],"version-history":[{"count":0,"href":"https:\/\/www.europesays.com\/fi\/wp-json\/wp\/v2\/posts\/93974\/revisions"}],"wp:featuredmedia":[{"embeddable":true,"href":"https:\/\/www.europesays.com\/fi\/wp-json\/wp\/v2\/media\/93975"}],"wp:attachment":[{"href":"https:\/\/www.europesays.com\/fi\/wp-json\/wp\/v2\/media?parent=93974"}],"wp:term":[{"taxonomy":"category","embeddable":true,"href":"https:\/\/www.europesays.com\/fi\/wp-json\/wp\/v2\/categories?post=93974"},{"taxonomy":"post_tag","embeddable":true,"href":"https:\/\/www.europesays.com\/fi\/wp-json\/wp\/v2\/tags?post=93974"}],"curies":[{"name":"wp","href":"https:\/\/api.w.org\/{rel}","templated":true}]}}