{"id":93980,"date":"2025-11-19T03:54:08","date_gmt":"2025-11-19T03:54:08","guid":{"rendered":"https:\/\/www.europesays.com\/fi\/93980\/"},"modified":"2025-11-19T03:54:08","modified_gmt":"2025-11-19T03:54:08","slug":"sami-sillanpaa-kertoo-mita-hanelle-kuuluu-nyt","status":"publish","type":"post","link":"https:\/\/www.europesays.com\/fi\/93980\/","title":{"rendered":"Sami Sillanp\u00e4\u00e4 kertoo mit\u00e4 h\u00e4nelle kuuluu nyt"},"content":{"rendered":"<p>\u2013 Asiat ovat hyvin, Maajussille morsian -ohjelmasta tuttu Sami Sillanp\u00e4\u00e4 sanoo.<\/p>\n<p class=\"article-body mb-nof-24 px-nof-16\">Paimiolainen <a class=\"article-personlink\" href=\"https:\/\/www.is.fi\/haku\/?query=Sami%20Sillanp%C3%A4%C3%A4\" rel=\"nofollow noopener\" target=\"_blank\">Sami Sillanp\u00e4\u00e4<\/a> etsi viime vuonna rakkautta Maajussille morsian -ohjelmassa. Samin ja morsianehdokkaiden v\u00e4lill\u00e4 n\u00e4htiin kauden aikana pient\u00e4 kitkaa, kun kukaan ei tuntunut ymm\u00e4rt\u00e4v\u00e4n toistensa ajatuksia.<\/p>\n<p class=\"article-body mb-nof-24 px-nof-16\">Lopulta Sami valitsi <a class=\"article-personlink\" href=\"https:\/\/www.is.fi\/haku\/?query=Miran\" rel=\"nofollow noopener\" target=\"_blank\">Miran<\/a>, mutta yhteydenpito j\u00e4i viestittelyyn. Mit\u00e4\u00e4n suhdetta ei syntynyt.<\/p>\n<p class=\"article-body mb-nof-24 px-nof-16\">Sami toivoi l\u00f6yt\u00e4v\u00e4ns\u00e4 kumppanin, ja niin h\u00e4n on l\u00f6yt\u00e4nytkin.<\/p>\n<p class=\"article-body mb-nof-24 px-nof-16\">\u2013 L\u00f6ytyi ilman Tinderi\u00e4, Sami Sillanp\u00e4\u00e4 kertoo.<\/p>\n<p class=\"article-body mb-nof-24 px-nof-16\">\u2013 Ollaan nyt periaatteessa oltu vajaat vuosi. Asiat ovat hyvin.<\/p>\n<p class=\"article-body mb-nof-24 px-nof-16\">Sohvaperunat-ohjelmastakin tuttu Sami Sillanp\u00e4\u00e4 kertoi kuulumisiaan sunnuntaina 16. marraskuuta ennen Tanssii t\u00e4htien kanssa -ohjelman suoraa l\u00e4hetyst\u00e4. Studioon oli kutsuttu Maajussille morsian -ohjelman osallistujia.<\/p>\n<p class=\"article-body mb-nof-24 px-nof-16\">\u2013 Ei ole kihloja, mutta on vakavaa seurustelua. Asumme saman katon alla, Sami kertoo.<\/p>\n<p class=\"article-body mb-nof-24 px-nof-16\">Tv-ohjelma ei poikinut rakkautta, mutta sit\u00e4 kautta l\u00f6ytyi muuta, ehk\u00e4 jopa arvokkaampaa. Sami Sillanp\u00e4\u00e4 yst\u00e4vystyi toisen maajussin, simolaisen lampurin <a class=\"article-personlink\" href=\"https:\/\/www.is.fi\/haku\/?query=Ville%20Eskolan\" rel=\"nofollow noopener\" target=\"_blank\">Ville Eskolan<\/a> kanssa. Lampuri ei my\u00f6sk\u00e4\u00e4n l\u00f6yt\u00e4nyt kumppania Maajussille morsian -ohjelmasta. H\u00e4n etsii rakkautta yh\u00e4.<\/p>\n<p class=\"article-body mb-nof-24 px-nof-16\">\u2013 Sinkkuna menn\u00e4\u00e4n, ei sen kummempia, Ville Eskola kertoi Tanssii t\u00e4htien kanssa -ohjelman l\u00e4mpi\u00f6ss\u00e4.<\/p>\n<p class=\"article-body mb-nof-24 px-nof-16\">Tulevalta puolisolta Eskola toivoisi joustavuutta. Se olisi hyv\u00e4, sill\u00e4 h\u00e4nen firmansa toiminta on maalla ja merell\u00e4. Lampuri ei voi vaikuttaa s\u00e4\u00e4ilmi\u00f6ihin.<\/p>\n<p class=\"article-body mb-nof-24 px-nof-16\">\u2013 Jos toinen on aikatauluttaja, alkaa hiert\u00e4\u00e4 herk\u00e4sti. Minulla on lampaita saaristossa kes\u00e4isin ja joudun seuraamaan meris\u00e4\u00e4t\u00e4 ja miettim\u00e4\u00e4n, kuinka paljon tuulee. Jos toinen ei ymm\u00e4rr\u00e4, etten voikaan l\u00e4hte\u00e4 ravintolaillalliselle, alkaa hiert\u00e4\u00e4.<\/p>\n<blockquote class=\"citation\">\n<p>\u201d<\/p>\n<p>Juttelemme bisneksist\u00e4 ja virityksist\u00e4 ja aina me v\u00e4h\u00e4n naisistakin puhutaan. Kauniit naiset on heikkous molemmilla.<\/p>\n<\/blockquote>\n<p class=\"article-body mb-nof-24 px-nof-16\">T\u00e4n\u00e4 vuonna Eskola ja Sillanp\u00e4\u00e4 ovat n\u00e4hneet toisensa kolme kertaa. He ovat yst\u00e4vystyneet kunnolla, vaikka herroilla on maantieteellisesti pitk\u00e4 v\u00e4limatka. Toinen asuu Varsinais-Suomessa Paimiossa ja toinen Lapissa Simossa.<\/p>\n<p class=\"article-body mb-nof-24 px-nof-16\">\u2013 Juttelemme bisneksist\u00e4 ja virityksist\u00e4 ja aina me v\u00e4h\u00e4n naisistakin puhutaan, Sami Sillanp\u00e4\u00e4 kertoo.<\/p>\n<p class=\"article-body mb-nof-24 px-nof-16\">\u2013 Kauniit naiset on heikkous molemmilla, Ville Eskola sanoo.<\/p>\n<p class=\"article-body mb-nof-24 px-nof-16\">Molempien mielest\u00e4 Maajussille morsian -ohjelma opetti valtavasti.<\/p>\n<p class=\"article-body mb-nof-24 px-nof-16\">\u2013 J\u00e4lkeenp\u00e4in on huomannut, ett\u00e4 se on kasvattanut luonnetta. L\u00f6ysin itsest\u00e4ni uusia puolia, Sami Sillanp\u00e4\u00e4 kertoo.<\/p>\n<p class=\"article-body mb-nof-24 px-nof-16\">\u2013 Minusta tuli ei ehk\u00e4 kovempi, mutta kuuntelen itse\u00e4ni paljon enemm\u00e4n, mik\u00e4 tuntuu hyv\u00e4lt\u00e4.<\/p>\n<p class=\"article-body mb-nof-24 px-nof-16\">Ville Eskola summaa lyhyesti ja ytimekk\u00e4\u00e4sti ohjelman annin.<\/p>\n<p class=\"article-body mb-nof-24 px-nof-16\">\u2013 Siin\u00e4 oppi kun keskustelee, h\u00e4n sanoo.<\/p>\n","protected":false},"excerpt":{"rendered":"\u2013 Asiat ovat hyvin, Maajussille morsian -ohjelmasta tuttu Sami Sillanp\u00e4\u00e4 sanoo. Paimiolainen Sami Sillanp\u00e4\u00e4 etsi viime vuonna rakkautta&hellip;\n","protected":false},"author":2,"featured_media":93981,"comment_status":"","ping_status":"","sticky":false,"template":"","format":"standard","meta":{"footnotes":""},"categories":[133],"tags":[137,33,31,30,34,32,206,156,109],"class_list":{"0":"post-93980","1":"post","2":"type-post","3":"status-publish","4":"format-standard","5":"has-post-thumbnail","7":"category-televisiot","8":"tag-entertainment","9":"tag-fi","10":"tag-finland","11":"tag-finnish","12":"tag-ilta-sanomat","13":"tag-suomi","14":"tag-televisiot","15":"tag-tv","16":"tag-viihde"},"share_on_mastodon":{"url":"https:\/\/pubeurope.com\/@fi\/115574345772412322","error":""},"_links":{"self":[{"href":"https:\/\/www.europesays.com\/fi\/wp-json\/wp\/v2\/posts\/93980","targetHints":{"allow":["GET"]}}],"collection":[{"href":"https:\/\/www.europesays.com\/fi\/wp-json\/wp\/v2\/posts"}],"about":[{"href":"https:\/\/www.europesays.com\/fi\/wp-json\/wp\/v2\/types\/post"}],"author":[{"embeddable":true,"href":"https:\/\/www.europesays.com\/fi\/wp-json\/wp\/v2\/users\/2"}],"replies":[{"embeddable":true,"href":"https:\/\/www.europesays.com\/fi\/wp-json\/wp\/v2\/comments?post=93980"}],"version-history":[{"count":0,"href":"https:\/\/www.europesays.com\/fi\/wp-json\/wp\/v2\/posts\/93980\/revisions"}],"wp:featuredmedia":[{"embeddable":true,"href":"https:\/\/www.europesays.com\/fi\/wp-json\/wp\/v2\/media\/93981"}],"wp:attachment":[{"href":"https:\/\/www.europesays.com\/fi\/wp-json\/wp\/v2\/media?parent=93980"}],"wp:term":[{"taxonomy":"category","embeddable":true,"href":"https:\/\/www.europesays.com\/fi\/wp-json\/wp\/v2\/categories?post=93980"},{"taxonomy":"post_tag","embeddable":true,"href":"https:\/\/www.europesays.com\/fi\/wp-json\/wp\/v2\/tags?post=93980"}],"curies":[{"name":"wp","href":"https:\/\/api.w.org\/{rel}","templated":true}]}}