{"id":93982,"date":"2025-11-19T03:58:11","date_gmt":"2025-11-19T03:58:11","guid":{"rendered":"https:\/\/www.europesays.com\/fi\/93982\/"},"modified":"2025-11-19T03:58:11","modified_gmt":"2025-11-19T03:58:11","slug":"janne-pesonen-ei-jatka-hifkn-urheilujohtajana-urheilua-lyhyesti","status":"publish","type":"post","link":"https:\/\/www.europesays.com\/fi\/93982\/","title":{"rendered":"Janne Pesonen ei jatka HIFK:n urheilujohtajana | Urheilua lyhyesti"},"content":{"rendered":"<p class=\"aw-1gybjub aw-5vja16 kEtdKx kmuxyA yle__article__paragraph\">HIFK:n tiedotteen mukaan Pesosen ty\u00f6sopimus purettiin yhteisymm\u00e4rryksess\u00e4.<\/p>\n<p><img decoding=\"async\" alt=\"HIFK:n urheilujohtaja Janne Pesonen Tampere-cupissa elokuussa 2025. \" src=\"https:\/\/www.europesays.com\/fi\/wp-content\/uploads\/2025\/09\/39-152599368cd299637c7e.jpeg\" class=\"aw-1l9m598 hKVVvP\"\/><\/p>\n<p>Avaa kuvien katselu<\/p>\n<p>Janne Pesonen toimi aloitti HIFK:n urheilutoimenjohtajana toukokuussa 2024. Kuva: Tomi Natri \/ All Over Press<\/p>\n<p>18.11. 13:01\u2022P\u00e4ivitetty 18.11. 13:53<\/p>\n<p class=\"aw-1gybjub aw-1p7kakr kEtdKx cEmitX yle__article__paragraph\"><strong class=\"aw-ak79eh KyCXm yle__article__strong\">Janne Pesonen<\/strong> ei jatka SM-liigan j\u00e4\u00e4kiekkoseura HIFK:n urheilujohtajana. H\u00e4nen ty\u00f6sopimuksensa on p\u00e4\u00e4tetty yhteisymm\u00e4rryksess\u00e4.<\/p>\n<p class=\"aw-1gybjub aw-1p7kakr kEtdKx cEmitX yle__article__paragraph\">HIFK kertoo asiasta <a class=\"aw-iao6s4 iHOxEa yle__article__link\" href=\"https:\/\/hifk.fi\/liiga\/2025\/tiedote-urheilujohtaja-janne-pesosen-sopimus-on-paatetty-yhteisymmarryksessa\/\" role=\"link\" rel=\"nofollow noopener\" target=\"_blank\">tiedotteessaan<\/a>.<\/p>\n<p class=\"aw-1gybjub aw-1p7kakr kEtdKx cEmitX yle__article__paragraph\">HIFK:n toimitusjohtaja <strong class=\"aw-ak79eh KyCXm yle__article__strong\">Ilkka Kortesluoma<\/strong> kiitt\u00e4\u00e4 Pesosta tiedotteessa seuran eteen tekem\u00e4st\u00e4\u00e4n ty\u00f6st\u00e4\u00e4n. Pesonen oli HIFK:n urheilujohtajana toukokuusta 2024.<\/p>\n<p class=\"aw-1gybjub aw-1p7kakr kEtdKx cEmitX yle__article__paragraph\">Tiedotteen mukaan seura aloittaa uuden urheilujohtajan etsinn\u00e4n v\u00e4litt\u00f6m\u00e4sti. Siihen asti, ett\u00e4 teht\u00e4v\u00e4\u00e4n l\u00f6ytyy sopiva henkil\u00f6, teht\u00e4v\u00e4\u00e4 hoitavat yhdess\u00e4 p\u00e4\u00e4valmentaja <strong class=\"aw-ak79eh KyCXm yle__article__strong\">Olli Jokinen<\/strong>, SAB:n eli HIFK:n neuvonantajaryhm\u00e4n puheenjohtaja <strong class=\"aw-ak79eh KyCXm yle__article__strong\">Mika Kortelainen<\/strong> ja toimitusjohtaja Ilkka Kortesluoma.<\/p>\n<p class=\"aw-1gybjub aw-1p7kakr kEtdKx cEmitX yle__article__paragraph\">\u2013 Haluan kiitt\u00e4\u00e4 seuraa, sek\u00e4 ennen kaikkea ihmisi\u00e4, joiden kanssa olen saanut tehd\u00e4 p\u00e4ivitt\u00e4in t\u00f6it\u00e4. Haluan antaa seuralle ty\u00f6rauhan, mink\u00e4 vuoksi en tule kommentoimaan t\u00e4m\u00e4n enemp\u00e4\u00e4 t\u00e4ss\u00e4 vaiheessa, Janne Pesonen sanoi tiedotteessa.<\/p>\n<p class=\"aw-1gybjub aw-1p7kakr kEtdKx cEmitX yle__article__paragraph\">HIFK:n alkukausi j\u00e4\u00e4kiekon SM-liigassa on ollut surkea. HIFK on sarjataulukossa viimeisen\u00e4 ja joukkue on k\u00e4rsinyt lukuisista loukkaantumisista.<\/p>\n<p class=\"aw-1gybjub aw-1p7kakr kEtdKx cEmitX yle__article__paragraph\">Fanit ovat syksyll\u00e4 <a class=\"aw-iao6s4 iHOxEa yle__article__link\" href=\"https:\/\/yle.fi\/a\/74-20187896\" role=\"link\" rel=\"nofollow noopener\" target=\"_blank\">osoittaneet kritiikkins\u00e4<\/a> heikosta menestyksest\u00e4 etenkin urheilujohtajana toimineeseen Pesoseen.<\/p>\n<p class=\"aw-1gybjub aw-1p7kakr kEtdKx cEmitX yle__article__paragraph\">Lokakuussa seura my\u00f6s piti h\u00e4mmennyst\u00e4 aiheuttaneen tiedotustilaisuuden, jossa ei lopulta kerrottu oikeastaan mit\u00e4\u00e4n. Tuolloin Pesonen <a class=\"aw-iao6s4 iHOxEa yle__article__link\" href=\"https:\/\/yle.fi\/a\/74-20188081\" role=\"link\" rel=\"nofollow noopener\" target=\"_blank\">vakuutti<\/a> sitoutumistaan teht\u00e4v\u00e4\u00e4ns\u00e4 ja totesi t\u00f6it\u00e4 riitt\u00e4neen.<\/p>\n","protected":false},"excerpt":{"rendered":"HIFK:n tiedotteen mukaan Pesosen ty\u00f6sopimus purettiin yhteisymm\u00e4rryksess\u00e4. Avaa kuvien katselu Janne Pesonen toimi aloitti HIFK:n urheilutoimenjohtajana toukokuussa 2024.&hellip;\n","protected":false},"author":2,"featured_media":93983,"comment_status":"","ping_status":"","sticky":false,"template":"","format":"standard","meta":{"footnotes":""},"categories":[158],"tags":[33,31,30,9079,1143,14226,2973,159,32,160],"class_list":{"0":"post-93982","1":"post","2":"type-post","3":"status-publish","4":"format-standard","5":"has-post-thumbnail","7":"category-urheilu","8":"tag-fi","9":"tag-finland","10":"tag-finnish","11":"tag-hifk-jaakiekon-miesten-liiga","12":"tag-jaakiekko","13":"tag-janne-pesonen","14":"tag-sm-liiga","15":"tag-sports","16":"tag-suomi","17":"tag-urheilu"},"share_on_mastodon":{"url":"https:\/\/pubeurope.com\/@fi\/115574361636517926","error":""},"_links":{"self":[{"href":"https:\/\/www.europesays.com\/fi\/wp-json\/wp\/v2\/posts\/93982","targetHints":{"allow":["GET"]}}],"collection":[{"href":"https:\/\/www.europesays.com\/fi\/wp-json\/wp\/v2\/posts"}],"about":[{"href":"https:\/\/www.europesays.com\/fi\/wp-json\/wp\/v2\/types\/post"}],"author":[{"embeddable":true,"href":"https:\/\/www.europesays.com\/fi\/wp-json\/wp\/v2\/users\/2"}],"replies":[{"embeddable":true,"href":"https:\/\/www.europesays.com\/fi\/wp-json\/wp\/v2\/comments?post=93982"}],"version-history":[{"count":0,"href":"https:\/\/www.europesays.com\/fi\/wp-json\/wp\/v2\/posts\/93982\/revisions"}],"wp:featuredmedia":[{"embeddable":true,"href":"https:\/\/www.europesays.com\/fi\/wp-json\/wp\/v2\/media\/93983"}],"wp:attachment":[{"href":"https:\/\/www.europesays.com\/fi\/wp-json\/wp\/v2\/media?parent=93982"}],"wp:term":[{"taxonomy":"category","embeddable":true,"href":"https:\/\/www.europesays.com\/fi\/wp-json\/wp\/v2\/categories?post=93982"},{"taxonomy":"post_tag","embeddable":true,"href":"https:\/\/www.europesays.com\/fi\/wp-json\/wp\/v2\/tags?post=93982"}],"curies":[{"name":"wp","href":"https:\/\/api.w.org\/{rel}","templated":true}]}}