{"id":93986,"date":"2025-11-19T04:04:11","date_gmt":"2025-11-19T04:04:11","guid":{"rendered":"https:\/\/www.europesays.com\/fi\/93986\/"},"modified":"2025-11-19T04:04:11","modified_gmt":"2025-11-19T04:04:11","slug":"kaksi-lasten-asiasettia-vedetaan-myynnista","status":"publish","type":"post","link":"https:\/\/www.europesays.com\/fi\/93986\/","title":{"rendered":"Kaksi lasten asiasetti\u00e4 vedet\u00e4\u00e4n myynnist\u00e4"},"content":{"rendered":"<p><strong class=\"typography-bold\">Etola vet\u00e4\u00e4 myynnist\u00e4 kaksi lasten astiasetti\u00e4 virheellisten merkint\u00f6jen takia.<\/strong><\/p>\n<p><a class=\"underline\" data-testid=\"external-link\" href=\"https:\/\/www.etola.net\/wp-content\/uploads\/Etola-Shops-Oy-Takaisinveto.pdf\" rel=\"noopener noreferrer nofollow\" target=\"_blank\" data-sentry-component=\"ExternalLink\" data-sentry-source-file=\"ExternalLink.tsx\">Etola Shops Oy ilmoittaa <\/a>vet\u00e4v\u00e4ns\u00e4 myynnist\u00e4 ja kuluttajilta kaksi lasten aterinsetti\u00e4.\u00a0<\/p>\n<p>Tuotteiden pahvipakkauksessa olevissa merkinn\u00f6iss\u00e4 tuotteiden kerrotaan olevan soveltuvia mikroaaltouuniin, mit\u00e4 ne eiv\u00e4t kuitenkaan ole.<\/p>\n<blockquote class=\"space-y-600 rounded-md bg-primary-100 px-600 py-1000 sub-theme-makuja:bg-makuja-100 sub-theme-makuja:text-primary-800 dark:bg-primary-500 sub-theme-makuja:dark:bg-makuja-900 sub-theme-makuja:dark:text-primary-100\">\n<p><strong class=\"typography-bold\">Takaisinveto koskee kahta viisiosaista aterinsetti\u00e4:\u00a0<\/strong><\/p>\n<p>Lasten astiasetti Dinosaurus, 5 osaa RPSET01 5055071785450 \/ 21211040<\/p>\n<p>Lasten astiasetti Yksisarvinen, 5 osaa RPSET03 5055071785474 \/ 21211039<\/p>\n<\/blockquote>\n<p>Tuotteita on myyty Etolan myym\u00e4l\u00f6iss\u00e4 ja verkkokaupassa elokuusta 2024 l\u00e4htien.\u00a0<\/p>\n<p>Etola Shops Oy kertoo, ett\u00e4 tuotteet voi palauttaa kaikkiin Etolan myym\u00e4l\u00f6ihin.\u00a0<\/p>\n<p>Etola hyvitt\u00e4\u00e4 tuotteen hinnan. Kuittia tuotteen ostamisesta ei tarvita.<\/p>\n","protected":false},"excerpt":{"rendered":"Etola vet\u00e4\u00e4 myynnist\u00e4 kaksi lasten astiasetti\u00e4 virheellisten merkint\u00f6jen takia. Etola Shops Oy ilmoittaa vet\u00e4v\u00e4ns\u00e4 myynnist\u00e4 ja kuluttajilta kaksi&hellip;\n","protected":false},"author":2,"featured_media":93987,"comment_status":"","ping_status":"","sticky":false,"template":"","format":"standard","meta":{"footnotes":""},"categories":[12],"tags":[22,23,26,27,33,31,30,17,24,25,28,29,15,18,21,32,19,20,16],"class_list":{"0":"post-93986","1":"post","2":"type-post","3":"status-publish","4":"format-standard","5":"has-post-thumbnail","7":"category-suomi","8":"tag-breaking-news","9":"tag-breakingnews","10":"tag-featured-news","11":"tag-featurednews","12":"tag-fi","13":"tag-finland","14":"tag-finnish","15":"tag-headlines","16":"tag-latest-news","17":"tag-latestnews","18":"tag-main-news","19":"tag-mainnews","20":"tag-news","21":"tag-otsikot","22":"tag-paauutiset","23":"tag-suomi","24":"tag-top-stories","25":"tag-topstories","26":"tag-uutiset"},"share_on_mastodon":{"url":"https:\/\/pubeurope.com\/@fi\/115574385146527616","error":""},"_links":{"self":[{"href":"https:\/\/www.europesays.com\/fi\/wp-json\/wp\/v2\/posts\/93986","targetHints":{"allow":["GET"]}}],"collection":[{"href":"https:\/\/www.europesays.com\/fi\/wp-json\/wp\/v2\/posts"}],"about":[{"href":"https:\/\/www.europesays.com\/fi\/wp-json\/wp\/v2\/types\/post"}],"author":[{"embeddable":true,"href":"https:\/\/www.europesays.com\/fi\/wp-json\/wp\/v2\/users\/2"}],"replies":[{"embeddable":true,"href":"https:\/\/www.europesays.com\/fi\/wp-json\/wp\/v2\/comments?post=93986"}],"version-history":[{"count":0,"href":"https:\/\/www.europesays.com\/fi\/wp-json\/wp\/v2\/posts\/93986\/revisions"}],"wp:featuredmedia":[{"embeddable":true,"href":"https:\/\/www.europesays.com\/fi\/wp-json\/wp\/v2\/media\/93987"}],"wp:attachment":[{"href":"https:\/\/www.europesays.com\/fi\/wp-json\/wp\/v2\/media?parent=93986"}],"wp:term":[{"taxonomy":"category","embeddable":true,"href":"https:\/\/www.europesays.com\/fi\/wp-json\/wp\/v2\/categories?post=93986"},{"taxonomy":"post_tag","embeddable":true,"href":"https:\/\/www.europesays.com\/fi\/wp-json\/wp\/v2\/tags?post=93986"}],"curies":[{"name":"wp","href":"https:\/\/api.w.org\/{rel}","templated":true}]}}