{"id":93994,"date":"2025-11-19T04:24:12","date_gmt":"2025-11-19T04:24:12","guid":{"rendered":"https:\/\/www.europesays.com\/fi\/93994\/"},"modified":"2025-11-19T04:24:12","modified_gmt":"2025-11-19T04:24:12","slug":"louna-kasvio-avautuu-torkeasta-kaytoksesta-uimahallissa","status":"publish","type":"post","link":"https:\/\/www.europesays.com\/fi\/93994\/","title":{"rendered":"Louna Kasvio avautuu t\u00f6rke\u00e4st\u00e4 k\u00e4yt\u00f6ksest\u00e4 uimahallissa"},"content":{"rendered":"<p>Kilpauimari Louna Kasvio, 19, sanoo joutuneensa muun muassa huutelun kohteeksi.<\/p>\n<p>Kilpauimari Louna Kasvio kertoo joutuneensa t\u00f6rke\u00e4n k\u00e4yt\u00f6ksen kohteeksi uimahallissa harjoitustensa aikana.Video: Hanna Kasvio<\/p>\n<p>Lue tiivistelm\u00e4<\/p>\n<p>Tiivistelm\u00e4 on teko\u00e4lyn tekem\u00e4 ja ihmisen tarkistama.<\/p>\n<p class=\"article-body mb-nof-24 px-nof-16 sndp-summary-bullet-point-font\">Kilpauimari Louna Kasvio kertoo joutuneensa t\u00f6rke\u00e4n k\u00e4yt\u00f6ksen kohteeksi Espoonlahden uimahallissa.<\/p>\n<p class=\"article-body mb-nof-24 px-nof-16 sndp-summary-bullet-point-font\">Kasvion mukaan h\u00e4nest\u00e4 valitettiin, kun h\u00e4n ui muiden joukossa ja my\u00f6s silloin, kun Kasviolla oli oma rata.<\/p>\n<p class=\"article-body mb-nof-24 px-nof-16 sndp-summary-bullet-point-font\">Kasvion mukaan h\u00e4n on joutunut muun muassa huutelun kohteeksi. H\u00e4neen on aiemmin my\u00f6s k\u00e4yty k\u00e4siksi.<\/p>\n<p class=\"article-body mb-nof-24 px-nof-16\">\u2013 Eik\u00f6 ihmisill\u00e4 ole k\u00e4yt\u00f6stapoja?<\/p>\n<p class=\"article-body mb-nof-24 px-nof-16\">Ei ilmeisesti.<\/p>\n<p class=\"article-body mb-nof-24 px-nof-16\">Raivokasta huutelua, k\u00e4siksi k\u00e4ymist\u00e4, sylkemist\u00e4. Kilpauimari <a class=\"article-personlink\" href=\"https:\/\/www.is.fi\/haku\/?query=Louna%20Kasvio\" rel=\"nofollow noopener\" target=\"_blank\">Louna Kasvio <\/a>kertoo joutuneensa t\u00f6rke\u00e4n k\u00e4yt\u00f6ksen kohteeksi uimahallissa harjoitustensa aikana.<\/p>\n<p class=\"article-body mb-nof-24 px-nof-16\">Kasvio, 19, avautui tuoreimmista kokemuksistaan Instagramin tarinoissaan maanantaina ja kertoi Sanomalle tarkemmin tapahtumista tiistaina.<\/p>\n<p class=\"article-body mb-nof-24 px-nof-16\">H\u00e4n oli viime viikolla harjoittelemassa Espoonlahden uimahallissa ja ui nopeille uimareille varatulla radalla.<\/p>\n<p class=\"article-body mb-nof-24 px-nof-16\">\u2013 Tuli ihan hirve\u00e4sti valituksia, ett\u00e4 en voisi olla siin\u00e4, kun olen kilpauimari.<\/p>\n<p><img decoding=\"async\" src=\"https:\/\/www.europesays.com\/fi\/wp-content\/uploads\/2025\/11\/1763526250_781_468.jpg\" alt=\"Louna Kasvio harjoittelemassa Matinkyl\u00e4ss\u00e4 vuonna 2024.\" class=\"_Img_1rerz_1\" style=\"aspect-ratio:1.5\" loading=\"eager\"\/><\/p>\n<p class=\"article-picture-caption\">Louna Kasvio harjoittelemassa Matinkyl\u00e4ss\u00e4 vuonna 2024. Kuva:\u00a0Matti Pietola \/ HS<\/p>\n<p class=\"article-body mb-nof-24 px-nof-16\">Sunnuntai-iltana Kasviolle olikin varattu oma rata. Ongelma ei kuitenkaan ratkaisulla poistunut, p\u00e4invastoin.<\/p>\n<p class=\"article-body mb-nof-24 px-nof-16\">Kasvio ui kovavauhtista sarjaa, mutta valmentaja-is\u00e4 <a class=\"article-personlink\" href=\"https:\/\/www.is.fi\/haku\/?query=Antti%20Kasvio\" rel=\"nofollow noopener\" target=\"_blank\">Antti Kasvio<\/a> joutui kuuntelemaan kiukkuisen kanssauimarin tunteenpurkausta.<\/p>\n<p class=\"article-body mb-nof-24 px-nof-16\">\u2013 Yhdelle miehelle tuli niin paha mieli siit\u00e4, ett\u00e4 olin siin\u00e4 radalla. Toisella puolellani radalla taisi olla kaksi ihmist\u00e4 ja siin\u00e4, miss\u00e4 h\u00e4n oli, ehk\u00e4 nelj\u00e4. Eli tilaa oli.<\/p>\n<p class=\"article-body mb-nof-24 px-nof-16\">\u2013 H\u00e4n raivosi varmaan kymmenen minuuttia. Kun is\u00e4ni ei en\u00e4\u00e4 oikein jaksanut kuunnella sit\u00e4, niin mies alkoi haukkua tekniikkaani. Sanoi, ett\u00e4 on rumann\u00e4k\u00f6ist\u00e4 eik\u00e4 voi olla hyv\u00e4, jos roiskii noin paljon viereiselle radalle.<\/p>\n<p class=\"article-body mb-nof-24 px-nof-16\">\u2013 Ihan vain sill\u00e4, ett\u00e4 olen olemassa, vihastutan ihmisi\u00e4 niin paljon. Se on minusta tosi surullista.<\/p>\n<p><img decoding=\"async\" src=\"https:\/\/www.europesays.com\/fi\/wp-content\/uploads\/2025\/11\/1763526251_1_468.jpg\" alt=\"Antti Kasvio valmentaa tyt\u00e4rt\u00e4\u00e4n Lounaa.\" class=\"_Img_1rerz_1\" style=\"aspect-ratio:1.5\" loading=\"eager\"\/><\/p>\n<p class=\"article-picture-caption\">Antti Kasvio valmentaa tyt\u00e4rt\u00e4\u00e4n Lounaa. Kuva:\u00a0Matti Pietola \/ HS<\/p>\n<p class=\"article-body mb-nof-24 px-nof-16\">T\u00f6rkeimp\u00e4\u00e4n ep\u00e4asialliseen k\u00e4yt\u00f6kseen syyllistyv\u00e4t Kasvion mukaan l\u00e4hes poikkeuksetta miehet.<\/p>\n<p class=\"article-body mb-nof-24 px-nof-16\">\u2013 Naiset ehk\u00e4 katsovat tuomitsevasti, mutta he eiv\u00e4t kyll\u00e4 yleens\u00e4 sano mit\u00e4\u00e4n. Vain miehet huutavat.<\/p>\n<p class=\"article-body mb-nof-24 px-nof-16\">Kasvio n\u00e4kee ongelman yhten\u00e4 syyn\u00e4 tilanpuutteen. Se ruuhkauttaa ratoja ja aiheuttaa kiukkua omalla radalla uivaa nuorta naista kohtaan. Aina kyse ei kuitenkaan ole siit\u00e4.<\/p>\n<blockquote class=\"citation\">\n<p>\u201d<\/p>\n<p>Se on ihan absurdia, eth\u00e4n sin\u00e4 nyt k\u00e4y keneenk\u00e4\u00e4n k\u00e4siksi.<\/p>\n<\/blockquote>\n<p class=\"article-body mb-nof-24 px-nof-16\">Yksi uimahallien iso k\u00e4ytt\u00e4j\u00e4ryhm\u00e4 ovat el\u00e4kel\u00e4iset. Heid\u00e4n k\u00e4yt\u00f6ksens\u00e4 Kasvio on kokenut usein ongelmalliseksi.<\/p>\n<p class=\"article-body mb-nof-24 px-nof-16\">\u2013 Monet ehk\u00e4 ajattelevat, ett\u00e4 kun ovat aina k\u00e4yneet siell\u00e4, niin sitten v\u00e4h\u00e4n niin kuin omistavat hallin. Ja sitten jos joku asia on eri tavalla kuin ennen, niin sitten siit\u00e4 tulee paha mieli.<\/p>\n<p class=\"article-body mb-nof-24 px-nof-16\">Kasvio kertoo kohdanneensa t\u00f6rke\u00e4\u00e4 k\u00e4yt\u00f6st\u00e4 jo pienest\u00e4 pit\u00e4en. H\u00e4n sanoo, ett\u00e4 jo 12-vuotiaana h\u00e4neen on k\u00e4yty k\u00e4siksi altaassa, kun h\u00e4n oli ohittanut miehi\u00e4.<\/p>\n<p class=\"article-body mb-nof-24 px-nof-16\">Samaa tapahtuu kuulemma edelleen. Kasvio tulkitsee, ett\u00e4 joidenkin miesten on vaikea kest\u00e4\u00e4 joutumista naisen ohittamaksi.<\/p>\n<p class=\"article-body mb-nof-24 px-nof-16\">\u2013 Kun menee jonkun ohi, niin sitten se toinen esimerkiksi ottaa sel\u00e4st\u00e4 kiinni ja painaa veden alle. Tai seuraavalla ohituksella sen toisen uimarin veto meneekin niin, ett\u00e4 kyyn\u00e4rp\u00e4\u00e4 osuu v\u00e4h\u00e4n kovempaa kylkeen.<\/p>\n<p class=\"article-body mb-nof-24 px-nof-16\">\u2013 Se on ihan absurdia, eth\u00e4n sin\u00e4 nyt k\u00e4y keneenk\u00e4\u00e4n k\u00e4siksi.<\/p>\n<p class=\"article-body mb-nof-24 px-nof-16\">Kasvio mainitsi Instagramin tarinoissaan my\u00f6s miesten katseet. H\u00e4n sanoo kuitenkin tottuneensa tuijotukseen, eik\u00e4 anna sen h\u00e4irit\u00e4 harjoituksiaan.<\/p>\n<p class=\"article-body mb-nof-24 px-nof-16\">\u2013 T\u00e4m\u00e4 kuulostaa v\u00e4h\u00e4n pahalle, mutta ehk\u00e4 kaikki uimarityt\u00f6t ovat tottuneet siihen.<\/p>\n<p class=\"article-body mb-nof-24 px-nof-16\">Vaikka olosuhteet eiv\u00e4t aina olekaan optimaaliset, harjoitella pit\u00e4\u00e4. Kasvio keskittyi t\u00e4ll\u00e4 kaudella pelk\u00e4st\u00e4\u00e4n avovesiuintiin, ja panostus kannatti.<\/p>\n<p><img decoding=\"async\" src=\"https:\/\/www.europesays.com\/fi\/wp-content\/uploads\/2025\/11\/1763526252_671_468.jpg\" alt=\"Louna Kasvio oli nuorten maailmancupin kokonaiskisan ykk\u00f6nen.\" class=\"_Img_1rerz_1\" style=\"aspect-ratio:0.6666666666666666\" loading=\"eager\"\/><\/p>\n<p class=\"article-picture-caption\">Louna Kasvio oli nuorten maailmancupin kokonaiskisan ykk\u00f6nen. Kuva:\u00a0Hanna Kasvio<\/p>\n<p class=\"article-body mb-nof-24 px-nof-16\">K\u00e4teen j\u00e4i nuorten sarjan maailmancupin ykk\u00f6stila, ja nuorten EM-kisoissa Kasvio oli kes\u00e4kuussa kymmenell\u00e4 kilometrill\u00e4 nelj\u00e4s vain 0,09 sekunnin p\u00e4\u00e4ss\u00e4 pronssista.<\/p>\n<p class=\"article-body mb-nof-24 px-nof-16\">\u2013 Kyll\u00e4 se \u00e4rsytti tosi paljon, mutta olen kyll\u00e4 p\u00e4\u00e4ssyt siit\u00e4 nyt yli. Nyt minulla on jotain todistettavaa itselleni ja muille.<\/p>\n<p class=\"article-body mb-nof-24 px-nof-16\">Ensi vuonna ohjelmassa ovat EM-kisat, jotka toimivat karsintana vuoden 2027 MM-kisoihin. Siell\u00e4 taas todenn\u00e4k\u00f6isesti ratkotaan vuoden 2028 olympialaisten paikat.<\/p>\n<p class=\"article-body mb-nof-24 px-nof-16\">\u2013 Olen saanut lis\u00e4\u00e4 itsevarmuutta tekemiseen, ja nyt on tosi hyv\u00e4 fiilis l\u00e4hte\u00e4 ensi kauteen.<\/p>\n","protected":false},"excerpt":{"rendered":"Kilpauimari Louna Kasvio, 19, sanoo joutuneensa muun muassa huutelun kohteeksi. Kilpauimari Louna Kasvio kertoo joutuneensa t\u00f6rke\u00e4n k\u00e4yt\u00f6ksen kohteeksi&hellip;\n","protected":false},"author":2,"featured_media":93995,"comment_status":"","ping_status":"","sticky":false,"template":"","format":"standard","meta":{"footnotes":""},"categories":[158],"tags":[33,31,30,34,159,32,160],"class_list":{"0":"post-93994","1":"post","2":"type-post","3":"status-publish","4":"format-standard","5":"has-post-thumbnail","7":"category-urheilu","8":"tag-fi","9":"tag-finland","10":"tag-finnish","11":"tag-ilta-sanomat","12":"tag-sports","13":"tag-suomi","14":"tag-urheilu"},"share_on_mastodon":{"url":"https:\/\/pubeurope.com\/@fi\/115574463886589308","error":""},"_links":{"self":[{"href":"https:\/\/www.europesays.com\/fi\/wp-json\/wp\/v2\/posts\/93994","targetHints":{"allow":["GET"]}}],"collection":[{"href":"https:\/\/www.europesays.com\/fi\/wp-json\/wp\/v2\/posts"}],"about":[{"href":"https:\/\/www.europesays.com\/fi\/wp-json\/wp\/v2\/types\/post"}],"author":[{"embeddable":true,"href":"https:\/\/www.europesays.com\/fi\/wp-json\/wp\/v2\/users\/2"}],"replies":[{"embeddable":true,"href":"https:\/\/www.europesays.com\/fi\/wp-json\/wp\/v2\/comments?post=93994"}],"version-history":[{"count":0,"href":"https:\/\/www.europesays.com\/fi\/wp-json\/wp\/v2\/posts\/93994\/revisions"}],"wp:featuredmedia":[{"embeddable":true,"href":"https:\/\/www.europesays.com\/fi\/wp-json\/wp\/v2\/media\/93995"}],"wp:attachment":[{"href":"https:\/\/www.europesays.com\/fi\/wp-json\/wp\/v2\/media?parent=93994"}],"wp:term":[{"taxonomy":"category","embeddable":true,"href":"https:\/\/www.europesays.com\/fi\/wp-json\/wp\/v2\/categories?post=93994"},{"taxonomy":"post_tag","embeddable":true,"href":"https:\/\/www.europesays.com\/fi\/wp-json\/wp\/v2\/tags?post=93994"}],"curies":[{"name":"wp","href":"https:\/\/api.w.org\/{rel}","templated":true}]}}