{"id":93998,"date":"2025-11-19T04:28:07","date_gmt":"2025-11-19T04:28:07","guid":{"rendered":"https:\/\/www.europesays.com\/fi\/93998\/"},"modified":"2025-11-19T04:28:07","modified_gmt":"2025-11-19T04:28:07","slug":"ammattiliittojen-on-oltava-hereilla-suomessa-ja-maailmalla","status":"publish","type":"post","link":"https:\/\/www.europesays.com\/fi\/93998\/","title":{"rendered":"Ammattiliittojen on oltava hereill\u00e4 Suomessa ja maailmalla"},"content":{"rendered":"<p class=\"has-ingressi-font-size\">Ammattiliittojen maiden rajat ylitt\u00e4v\u00e4\u00e4 yhteisty\u00f6t\u00e4 tarvitaan monikansallisissa yrityksiss\u00e4 ty\u00f6ntekij\u00f6iden oikeuksien parantamiseksi.<\/p>\n<p>Kuusikymment\u00e4 meijerialan ty\u00f6ntekij\u00f6iden edustajaa 18 maasta kokoontui 7.\u20138.10.2025 Pariisiin <a href=\"https:\/\/www.iuf.org\/\" target=\"_blank\" rel=\"noreferrer noopener nofollow\">IUF:n<\/a> meijerialan konferenssiin keskustelemaan ajankohtaisista asioista, kuten monikansallisten yritysten ty\u00f6ntekij\u00f6iden ja ammattiliittojen yhteisty\u00f6n tiivist\u00e4misest\u00e4 sek\u00e4 ty\u00f6ntekij\u00f6iden j\u00e4rjest\u00e4ytymisen ja sukupuolten tasa-arvon parantamisesta.<\/p>\n<p>IUF on elintarvike-, hotelli- ja ravintola- sek\u00e4 maatalousalojen ammattiliittojen maailmanj\u00e4rjest\u00f6, johon kuuluu 427 liittoa 128 maasta. IUF edustaa yli 10 miljoonaa ty\u00f6ntekij\u00e4\u00e4. Euroopan maiden lis\u00e4ksi konferenssissa oli edustajia jopa Argentiinasta ja Uudesta-Seelannista asti.<\/p>\n<p>SEL:n j\u00e4seni\u00e4 IUF:n meijerialan kokouksessa edustivat Arlan Sipoon tehtaan ty\u00f6suojeluvaltuutettu <strong>Emilia Skantz<\/strong>, Fronerin Turengin tehtaan p\u00e4\u00e4luottamusmies <strong>Anniina Malin<\/strong>, Valion Turengin tehtaan p\u00e4\u00e4luottamusmies <strong>Pasi M\u00e4kinen<\/strong> sek\u00e4 SEL:n liittosihteeri <strong>Lea V\u00e4\u00e4n\u00e4nen<\/strong> ja It\u00e4-Suomen aluesihteeri <strong>Veijo Kukkonen<\/strong>.<\/p>\n<p>Emilia Skantz painotti konferenssissa pit\u00e4m\u00e4ss\u00e4\u00e4n puheenvuorossa, ett\u00e4 Suomessa ty\u00f6ntekij\u00f6iden moniin maihin verrattuna hyv\u00e4t ty\u00f6ehdot eiv\u00e4t ole tulleet itsest\u00e4\u00e4n, vaan niiden eteen on tehty paljon ty\u00f6t\u00e4 \u2013 ja pit\u00e4\u00e4 edelleen tehd\u00e4.<\/p>\n<p>\u2013 Halusin korostaa, ett\u00e4 nykyisten ty\u00f6ehtojen saavuttaminen on vaatinut ty\u00f6t\u00e4 ja sit\u00e4, ett\u00e4 ty\u00f6ntekij\u00e4t ovat j\u00e4rjest\u00e4ytyneit\u00e4 ja ett\u00e4 ty\u00f6ehdot eiv\u00e4t ole kiveen hakattuja, kuten t\u00e4ll\u00e4 hetkell\u00e4 Suomessakin on hyvin huomattu. Varsinkin nuoret ty\u00f6ntekij\u00e4t saattavat ajatella, ett\u00e4 kunnon ty\u00f6ehdot ovat itsest\u00e4\u00e4nselvyys. Siksi on t\u00e4rke\u00e4\u00e4 kertoa historiasta ja niist\u00e4 kamppailuista, joita on k\u00e4yty nykyisten ty\u00f6ehtojen saavuttamiseksi.<\/p>\n<p>Pasi M\u00e4kinen on samaa mielt\u00e4.<\/p>\n<p>\u2013 Konferenssin keskusteluja kuunnellessa tuli toisaalta ylpe\u00e4 olo suomalaisen ammattiyhdistysliikkeen saavutuksista ja toisaalta kirkastui se, ett\u00e4 tilanne ei ole pysyv\u00e4, vaan vaatii jatkuvaa ty\u00f6t\u00e4 sen eteen, ett\u00e4 ty\u00f6ehdot pysyv\u00e4t tolkullisella tasolla.<\/p>\n<p><strong>Monikansalliset j\u00e4tit hallitsevat<\/strong><\/p>\n<p>Kokouksessa puhuttiin paljon yritysvastuusta ja siit\u00e4, miten paljon valtaa suurilla monikansallisilla yrityksill\u00e4 on.<\/p>\n<p>\u2013 V\u00e4it\u00e4n, ett\u00e4 se, miten paljon ylikansallisilla yrityksill\u00e4 on valtaa, ei ole ihmisille ihan selv\u00e4\u00e4. Yritykset lobbaavat maiden hallintoja ja tuli selv\u00e4ksi, ett\u00e4 siell\u00e4 miss\u00e4 vain pystyv\u00e4t, my\u00f6s ty\u00f6ntekij\u00f6it\u00e4 sorretaan surutta. Se tarkoittaa, ett\u00e4 ammattiliittojen on oltava hereill\u00e4 ja pystytt\u00e4v\u00e4 tiivist\u00e4m\u00e4\u00e4n yhteisty\u00f6t\u00e4\u00e4n, jotta ty\u00f6ntekij\u00f6iden hyv\u00e4ksik\u00e4ytt\u00f6 saadaan n\u00e4kyv\u00e4ksi ja siihen voidaan puuttua, Pasi M\u00e4kinen sanoo.<\/p>\n<p>Anniina Malinin ty\u00f6paikka on osa maailmanlaajuista konsernia ja se n\u00e4kyy my\u00f6s ty\u00f6paikalla ty\u00f6nantajan puheissa. Ty\u00f6ntekij\u00f6iden edunvalvonnan n\u00e4k\u00f6kulmasta on t\u00e4rke\u00e4\u00e4, ett\u00e4 my\u00f6s eri maiden ty\u00f6ntekij\u00e4t pit\u00e4v\u00e4t yhteytt\u00e4 ja k\u00e4yv\u00e4t keskustelua.<\/p>\n<p>\u2013 Johtajat k\u00e4yv\u00e4t muissa tehtaissa ja kertovat meille, miten hienosti siell\u00e4 on asiat hoidettu. Meille on tietysti t\u00e4rke\u00e4\u00e4 kuulla, ovatko ty\u00f6ntekij\u00e4t samaa mielt\u00e4. Olisikin t\u00e4rke\u00e4\u00e4, ett\u00e4 me fronerilaiset ymp\u00e4ri maailmaa pit\u00e4isimme tiiviisti yhteytt\u00e4 ja vaihtaisimme ajatuksia ja n\u00e4k\u00f6kulmia.<\/p>\n<p>Konferenssissa nousi vahvasti esiin my\u00f6s sukupuolten v\u00e4linen ep\u00e4tasa-arvo.<\/p>\n<p>\u2013 Kuten muissakin ty\u00f6ntekij\u00f6iden oikeuksiin liittyviss\u00e4 kysymyksiss\u00e4, sukupuolten v\u00e4linen tasa-arvo on Suomessa aika paljon paremmassa kunnossa kuin vaikkapa esimerkiksi Argentiinassa. Valmista ei toki viel\u00e4 ole, mutta pitk\u00e4lle olemme p\u00e4\u00e4sseet, Skantz toteaa.<\/p>\n<p><strong>Tuliaisiksi ideoita omaan ty\u00f6h\u00f6n<\/strong><\/p>\n<p>SEL:n kansainv\u00e4lisest\u00e4 toiminnasta vastaava liittosihteeri Lea V\u00e4\u00e4n\u00e4nen summaa tapahtuman onnistuneeksi.<\/p>\n<p>\u2013 Konferenssi oli hyvin j\u00e4rjestetty ja keskustelut olivat mielenkiintoisia ja pysyiv\u00e4t asiassa. Sain olla ylpe\u00e4 SEL:n edustajista. Jokainen osallistui aktiivisesti ja toi esiin omia n\u00e4k\u00f6kulmia. Konferenssin teemojen k\u00e4sittely jatkui my\u00f6s iltaisin omalla porukalla ja olen varma, ett\u00e4 keskustelu jatkuu my\u00f6s ty\u00f6paikoilla.<\/p>\n<p>Ent\u00e4 mit\u00e4 kokouksesta j\u00e4i k\u00e4teen luottamusteht\u00e4v\u00e4\u00e4n ty\u00f6paikalle?<\/p>\n<p>\u2013 Odotin paljon, ja pakko sanoa, ett\u00e4 odotukset ylittyiv\u00e4t. Sain valtavasti inspiraatiota ja intoa tehd\u00e4 hommia entist\u00e4 paremmin omalla ty\u00f6paikallani. Olen otettu, ett\u00e4 sain olla mukana ja oppia uutta, Emilia Skantz kertoo.<\/p>\n<p>\u2013 Reissusta j\u00e4i k\u00e4teen uusia ajatuksia ja p\u00e4\u00e4llimm\u00e4isen\u00e4 ajatus siit\u00e4, ett\u00e4 meid\u00e4n ammattiyhdistysaktiivien on t\u00e4rke\u00e4 tavata muiden maiden aktiiveja ja vaihtaa kokemuksia. Vaikka tilanteet ovat eri maissa hyvinkin erilaisia, ovat tavoitteet kuitenkin samat ja niiden eteenp\u00e4in vieminen on meid\u00e4n yhteinen asiamme, Pasi M\u00e4kinen jatkaa.<\/p>\n<p>My\u00f6s Anniina Malin on tyytyv\u00e4inen kokouksen antiin.<\/p>\n<p>\u2013 Oli todella innostava reissu. Meill\u00e4 oli tosi hyv\u00e4 porukka ja oli mielenkiintoista kuulla, miten muualla maailmassa ammattiyhdistysliike toimii ja millaiset vaikutusmahdollisuudet ty\u00f6ntekij\u00f6ill\u00e4 on. Olen jo t\u00f6iss\u00e4 ty\u00f6kavereille puhunut siit\u00e4, miten hyvin meill\u00e4 Suomessa viel\u00e4 toistaiseksi asiat ovat verrattuna moneen muuhun maahan. Ja siit\u00e4 meid\u00e4n on pidett\u00e4v\u00e4 kiinni tekem\u00e4ll\u00e4 j\u00e4senhankintaa viel\u00e4 entist\u00e4kin paremmin, Malin toteaa.<\/p>\n<p>Teksti: Minttu Sillanp\u00e4\u00e4<\/p>\n<p>Kuvassa ovat SEL:n edustajat IUF:n meijerialan konferenssissa Pariisissa 7.\u20138.10.2025 vasemmalta lukien: Pasi M\u00e4kinen, Lea V\u00e4\u00e4n\u00e4nen, Anniina Malin, Veijo Kukkonen ja Emilia Skantz.<\/p>\n","protected":false},"excerpt":{"rendered":"Ammattiliittojen maiden rajat ylitt\u00e4v\u00e4\u00e4 yhteisty\u00f6t\u00e4 tarvitaan monikansallisissa yrityksiss\u00e4 ty\u00f6ntekij\u00f6iden oikeuksien parantamiseksi. Kuusikymment\u00e4 meijerialan ty\u00f6ntekij\u00f6iden edustajaa 18 maasta kokoontui&hellip;\n","protected":false},"author":2,"featured_media":93999,"comment_status":"","ping_status":"","sticky":false,"template":"","format":"standard","meta":{"footnotes":""},"categories":[76],"tags":[79,77,33,31,30,32,78],"class_list":{"0":"post-93998","1":"post","2":"type-post","3":"status-publish","4":"format-standard","5":"has-post-thumbnail","7":"category-talous","8":"tag-business","9":"tag-economy","10":"tag-fi","11":"tag-finland","12":"tag-finnish","13":"tag-suomi","14":"tag-talous"},"share_on_mastodon":{"url":"https:\/\/pubeurope.com\/@fi\/115574479527967423","error":""},"_links":{"self":[{"href":"https:\/\/www.europesays.com\/fi\/wp-json\/wp\/v2\/posts\/93998","targetHints":{"allow":["GET"]}}],"collection":[{"href":"https:\/\/www.europesays.com\/fi\/wp-json\/wp\/v2\/posts"}],"about":[{"href":"https:\/\/www.europesays.com\/fi\/wp-json\/wp\/v2\/types\/post"}],"author":[{"embeddable":true,"href":"https:\/\/www.europesays.com\/fi\/wp-json\/wp\/v2\/users\/2"}],"replies":[{"embeddable":true,"href":"https:\/\/www.europesays.com\/fi\/wp-json\/wp\/v2\/comments?post=93998"}],"version-history":[{"count":0,"href":"https:\/\/www.europesays.com\/fi\/wp-json\/wp\/v2\/posts\/93998\/revisions"}],"wp:featuredmedia":[{"embeddable":true,"href":"https:\/\/www.europesays.com\/fi\/wp-json\/wp\/v2\/media\/93999"}],"wp:attachment":[{"href":"https:\/\/www.europesays.com\/fi\/wp-json\/wp\/v2\/media?parent=93998"}],"wp:term":[{"taxonomy":"category","embeddable":true,"href":"https:\/\/www.europesays.com\/fi\/wp-json\/wp\/v2\/categories?post=93998"},{"taxonomy":"post_tag","embeddable":true,"href":"https:\/\/www.europesays.com\/fi\/wp-json\/wp\/v2\/tags?post=93998"}],"curies":[{"name":"wp","href":"https:\/\/api.w.org\/{rel}","templated":true}]}}