{"id":94011,"date":"2025-11-19T04:47:07","date_gmt":"2025-11-19T04:47:07","guid":{"rendered":"https:\/\/www.europesays.com\/fi\/94011\/"},"modified":"2025-11-19T04:47:07","modified_gmt":"2025-11-19T04:47:07","slug":"elakoityminen-ei-ole-kovin-kaukana-sanoo-deep-purplen-ian-gillan-naostani-on-jaljella-30-prosenttia","status":"publish","type":"post","link":"https:\/\/www.europesays.com\/fi\/94011\/","title":{"rendered":"El\u00e4k\u00f6ityminen ei ole kovin kaukana, sanoo Deep Purplen Ian Gillan &#8211; &#8221;N\u00e4\u00f6st\u00e4ni on j\u00e4ljell\u00e4 30 prosenttia&#8221;"},"content":{"rendered":"<p><strong>Deep Purple<\/strong> -laulaja <strong>Ian Gillan<\/strong>, 80, toteaa tuoreessa Uncut-lehden haastattelussa, ett\u00e4 el\u00e4kkeelle j\u00e4\u00e4minen alkaa olla jo hyvin l\u00e4hell\u00e4.<\/p>\n<p>\u201dSe on mit\u00e4 on. N\u00e4\u00f6st\u00e4ni on j\u00e4ljell\u00e4 30 prosenttia. Se ei tule menem\u00e4\u00e4n paremmaksi. Mutta se tekee el\u00e4m\u00e4st\u00e4 hieman mystist\u00e4. Vaikeinta on k\u00e4ytt\u00e4\u00e4 l\u00e4pp\u00e4ri\u00e4 \u2013 en n\u00e4e ruudulta mit\u00e4\u00e4n, paitsi jos katson sit\u00e4 sivuttain. Sit\u00e4 vain sopeutuu asioihin, mutta hommien tekeminen vie enemm\u00e4n aikaa\u201d, <a href=\"https:\/\/blabbermouth.net\/news\/deep-purples-ian-gillan-reveals-he-only-has-30-vision-and-says-retirement-is-not-far-off\" target=\"_blank\" rel=\"noreferrer noopener nofollow\">Gillan toteaa<\/a> ja jatkaa brittil\u00e4iseen tyyliin irvaillen:<\/p>\n<p>\u201dIk\u00e4\u00e4ntyminen on hilpe\u00e4 juttu. Jokainen minuutti naurattaa. Tai no, joskus kyll\u00e4, joskus ei. K\u00e4velet kadulla ja kuulet, miten jotain tippuu. Mik\u00e4\u00e4n muu ei ole oikeastaan muuttunut, paitsi etten en\u00e4\u00e4 pysty tekem\u00e4\u00e4n seiv\u00e4shyppyj\u00e4 ja asiat liikkuvat hitaammin.\u201d<\/p>\n<p>\u201dMutta aion lopettaa, jos menet\u00e4n jaksamiseni. En halua nolostuttaa ket\u00e4\u00e4n. Siit\u00e4 ei olla en\u00e4\u00e4 kovin kaukana. Sit\u00e4 ei oikeastaan itse edes huomaa, vaan se yll\u00e4tt\u00e4\u00e4 hiljalleen.\u201d<\/p>\n<p>Ihan l\u00e4hitulevaisuudessa ei Gillan ja b\u00e4ndi ole kuitenkaan lopettamassa, sill\u00e4 b\u00e4ndille on buukattu loppuvuoteen pari keikkaa Dubaihin ja Kuala Lumpuriin, kev\u00e4\u00e4ll\u00e4 yhtye kiert\u00e4\u00e4 Japania ja kes\u00e4 menee Eurooppaa, p\u00e4\u00e4asiassa Saksaa, Italiaa ja Espanjaa kiert\u00e4en.<\/p>\n<p>Lue my\u00f6s: <a href=\"https:\/\/www.inferno.fi\/uutiset\/tehkaa-asioita-haastattelussa-deep-purplen-aani-ian-gillan\/\" title=\"\u201dTehk\u00e4\u00e4 asioita!\u201d \u2013 haastattelussa Deep Purplen \u00e4\u00e4ni Ian Gillan\" class=\"underline-custom !font-montserrat !font-bold !underline-offset-4 !decoration-4 !decoration-red-600 !text-md\" rel=\"nofollow noopener\" target=\"_blank\">\u201dTehk\u00e4\u00e4 asioita!\u201d \u2013 haastattelussa Deep Purplen \u00e4\u00e4ni Ian Gillan<\/a><\/p>\n","protected":false},"excerpt":{"rendered":"Deep Purple -laulaja Ian Gillan, 80, toteaa tuoreessa Uncut-lehden haastattelussa, ett\u00e4 el\u00e4kkeelle j\u00e4\u00e4minen alkaa olla jo hyvin l\u00e4hell\u00e4.&hellip;\n","protected":false},"author":2,"featured_media":94012,"comment_status":"","ping_status":"","sticky":false,"template":"","format":"standard","meta":{"footnotes":""},"categories":[132],"tags":[137,33,31,30,195,47,32,109],"class_list":{"0":"post-94011","1":"post","2":"type-post","3":"status-publish","4":"format-standard","5":"has-post-thumbnail","7":"category-musiikki","8":"tag-entertainment","9":"tag-fi","10":"tag-finland","11":"tag-finnish","12":"tag-music","13":"tag-musiikki","14":"tag-suomi","15":"tag-viihde"},"share_on_mastodon":{"url":"https:\/\/pubeurope.com\/@fi\/115574554205639420","error":""},"_links":{"self":[{"href":"https:\/\/www.europesays.com\/fi\/wp-json\/wp\/v2\/posts\/94011","targetHints":{"allow":["GET"]}}],"collection":[{"href":"https:\/\/www.europesays.com\/fi\/wp-json\/wp\/v2\/posts"}],"about":[{"href":"https:\/\/www.europesays.com\/fi\/wp-json\/wp\/v2\/types\/post"}],"author":[{"embeddable":true,"href":"https:\/\/www.europesays.com\/fi\/wp-json\/wp\/v2\/users\/2"}],"replies":[{"embeddable":true,"href":"https:\/\/www.europesays.com\/fi\/wp-json\/wp\/v2\/comments?post=94011"}],"version-history":[{"count":0,"href":"https:\/\/www.europesays.com\/fi\/wp-json\/wp\/v2\/posts\/94011\/revisions"}],"wp:featuredmedia":[{"embeddable":true,"href":"https:\/\/www.europesays.com\/fi\/wp-json\/wp\/v2\/media\/94012"}],"wp:attachment":[{"href":"https:\/\/www.europesays.com\/fi\/wp-json\/wp\/v2\/media?parent=94011"}],"wp:term":[{"taxonomy":"category","embeddable":true,"href":"https:\/\/www.europesays.com\/fi\/wp-json\/wp\/v2\/categories?post=94011"},{"taxonomy":"post_tag","embeddable":true,"href":"https:\/\/www.europesays.com\/fi\/wp-json\/wp\/v2\/tags?post=94011"}],"curies":[{"name":"wp","href":"https:\/\/api.w.org\/{rel}","templated":true}]}}